{"id":3535,"date":"2007-06-08T07:59:28","date_gmt":"2007-06-08T05:59:28","guid":{"rendered":"http:\/\/www.schoene-nachrichten.de\/?p=3535"},"modified":"2007-06-08T07:59:55","modified_gmt":"2007-06-08T05:59:55","slug":"brot-vom-vortag-und-fruehstueck-satt-zweittag-hat-eroeffnet","status":"publish","type":"post","link":"https:\/\/www.fuldaernachrichten.de\/?p=3535","title":{"rendered":"Gutes von gestern &#8211; &#8220;ZweitTag&#8221; hat er\u00f6ffnet"},"content":{"rendered":"<p><strong>Sch\u00f6nes aus Fulda.<\/strong> Backware vom Vortag bekommt man in Zukunft auch in der Maberzeller Stra\u00dfe bei \u201eZweitTag\u201c. Das was gestern nicht \u00fcber die Ladentheke ging oder heute zu viel produziert wurde, landet in der Fabrikhalle, in der fr\u00fcher Neufahrzeuge eines Autohauses standen. Das besondere bei \u201eZweittag\u201c: Es gibt dort nicht nur ein vielf\u00e4ltiges Backangebot f\u00fcr die Laufkundschaft, sondern auch ein opulentes Fr\u00fchst\u00fccksbuffet. F\u00fcr nur zwei Euro kann man so viel fr\u00fchst\u00fccken, wie man m\u00f6chte.<\/p>\n<p><strong>Fotos (24):<\/strong> Max Colin Heydenreich<\/p>\n<p><a rel=\"lightbox[roadtrip]\" target=\"_blank\" href=\"http:\/\/www.schoene-nachrichten.de\/wp-content\/uploads\/2007\/06\/070607_Zweittag_02.jpg\" title=\"Foto: Max Colin Heydenreich\"><img decoding=\"async\" width=\"128\" src=\"http:\/\/www.schoene-nachrichten.de\/wp-content\/uploads\/2007\/06\/070607_Zweittag_02.thumbnail.jpg\" alt=\"070607_Zweittag_02.jpg\" \/><\/a>\u00c2\u00a0<a rel=\"lightbox[roadtrip]\" target=\"_blank\" href=\"http:\/\/www.schoene-nachrichten.de\/wp-content\/uploads\/2007\/06\/070607_Zweittag_11.jpg\" title=\"Foto: Max Colin Heydenreich\"><img decoding=\"async\" width=\"128\" src=\"http:\/\/www.schoene-nachrichten.de\/wp-content\/uploads\/2007\/06\/070607_Zweittag_11.thumbnail.jpg\" alt=\"070607_Zweittag_11.jpg\" \/><\/a> <a rel=\"lightbox[roadtrip]\" target=\"_blank\" href=\"http:\/\/www.schoene-nachrichten.de\/wp-content\/uploads\/2007\/06\/070607_Zweittag_17.jpg\" title=\"Foto: Max Colin Heydenreich\"><img decoding=\"async\" width=\"128\" src=\"http:\/\/www.schoene-nachrichten.de\/wp-content\/uploads\/2007\/06\/070607_Zweittag_17.thumbnail.jpg\" alt=\"070607_Zweittag_17.jpg\" \/><\/a><\/p>\n<p><a rel=\"lightbox[roadtrip]\" target=\"_blank\" href=\"http:\/\/www.schoene-nachrichten.de\/wp-content\/uploads\/2007\/06\/070607_Zweittag_23.jpg\" title=\"Foto: Max Colin Heydenreich\"><img decoding=\"async\" width=\"128\" src=\"http:\/\/www.schoene-nachrichten.de\/wp-content\/uploads\/2007\/06\/070607_Zweittag_23.thumbnail.jpg\" alt=\"070607_Zweittag_23.jpg\" \/><\/a>\u00c2\u00a0<a rel=\"lightbox[roadtrip]\" target=\"_blank\" href=\"http:\/\/www.schoene-nachrichten.de\/wp-content\/uploads\/2007\/06\/070607_Zweittag_18.jpg\" title=\"Foto: Max Colin Heydenreich\"><img decoding=\"async\" width=\"128\" src=\"http:\/\/www.schoene-nachrichten.de\/wp-content\/uploads\/2007\/06\/070607_Zweittag_18.thumbnail.jpg\" alt=\"070607_Zweittag_18.jpg\" \/><\/a>\u00c2\u00a0<a rel=\"lightbox[roadtrip]\" target=\"_blank\" href=\"http:\/\/www.schoene-nachrichten.de\/wp-content\/uploads\/2007\/06\/070607_Zweittag_24.jpg\" title=\"Foto: Max Colin Heydenreich\"><img decoding=\"async\" width=\"128\" src=\"http:\/\/www.schoene-nachrichten.de\/wp-content\/uploads\/2007\/06\/070607_Zweittag_24.thumbnail.jpg\" alt=\"070607_Zweittag_24.jpg\" \/><\/a><\/p>\n<p><!--more-->\u201eWir haben ein Buffet mit Brot in allen Varianten, Marmelade, Nutella und Honig, Kr\u00e4uterquark, Frischk\u00e4se, Obatzter, Zwiebelschmalz und mit verschiedenen Wurstaufstrichen\u201c, erz\u00e4hlt Gesch\u00e4ftsf\u00fchrer Manfred Kl\u00fcber. \u201eWer Kaffee dazu m\u00f6chte, zahlt noch mal zwei Euro, und kann sich nachschenken, so oft er m\u00f6chte.\u201c<\/p>\n<p><a rel=\"lightbox[roadtrip]\" target=\"_blank\" href=\"http:\/\/www.schoene-nachrichten.de\/wp-content\/uploads\/2007\/06\/070607_Zweittag_06.jpg\" title=\"Foto: Max Colin Heydenreich\"><img decoding=\"async\" width=\"128\" src=\"http:\/\/www.schoene-nachrichten.de\/wp-content\/uploads\/2007\/06\/070607_Zweittag_06.thumbnail.jpg\" alt=\"070607_Zweittag_06.jpg\" \/><\/a>\u00c2\u00a0<a rel=\"lightbox[roadtrip]\" target=\"_blank\" href=\"http:\/\/www.schoene-nachrichten.de\/wp-content\/uploads\/2007\/06\/070607_Zweittag_07.jpg\" title=\"Foto: Max Colin Heydenreich\"><img decoding=\"async\" width=\"128\" src=\"http:\/\/www.schoene-nachrichten.de\/wp-content\/uploads\/2007\/06\/070607_Zweittag_07.thumbnail.jpg\" alt=\"070607_Zweittag_07.jpg\" \/><\/a> <a rel=\"lightbox[roadtrip]\" target=\"_blank\" href=\"http:\/\/www.schoene-nachrichten.de\/wp-content\/uploads\/2007\/06\/070607_Zweittag_08.jpg\" title=\"Foto: Max Colin Heydenreich\"><img decoding=\"async\" width=\"128\" src=\"http:\/\/www.schoene-nachrichten.de\/wp-content\/uploads\/2007\/06\/070607_Zweittag_08.thumbnail.jpg\" alt=\"070607_Zweittag_08.jpg\" \/><\/a><\/p>\n<p><a rel=\"lightbox[roadtrip]\" target=\"_blank\" href=\"http:\/\/www.schoene-nachrichten.de\/wp-content\/uploads\/2007\/06\/070607_Zweittag_09.jpg\" title=\"Foto: Max Colin Heydenreich\"><img decoding=\"async\" width=\"128\" src=\"http:\/\/www.schoene-nachrichten.de\/wp-content\/uploads\/2007\/06\/070607_Zweittag_09.thumbnail.jpg\" alt=\"070607_Zweittag_09.jpg\" \/><\/a> <a rel=\"lightbox[roadtrip]\" target=\"_blank\" href=\"http:\/\/www.schoene-nachrichten.de\/wp-content\/uploads\/2007\/06\/070607_Zweittag_01.jpg\" title=\"Foto: Max Colin Heydenreich\"><img decoding=\"async\" width=\"128\" src=\"http:\/\/www.schoene-nachrichten.de\/wp-content\/uploads\/2007\/06\/070607_Zweittag_01.thumbnail.jpg\" alt=\"070607_Zweittag_01.jpg\" \/><\/a> <a rel=\"lightbox[roadtrip]\" target=\"_blank\" href=\"http:\/\/www.schoene-nachrichten.de\/wp-content\/uploads\/2007\/06\/070607_Zweittag_10.jpg\" title=\"Foto: Max Colin Heydenreich\"><img decoding=\"async\" width=\"128\" src=\"http:\/\/www.schoene-nachrichten.de\/wp-content\/uploads\/2007\/06\/070607_Zweittag_10.thumbnail.jpg\" alt=\"070607_Zweittag_10.jpg\" \/><\/a>\u00c2\u00a0<\/p>\n<p>Neben Kaffee finden die G\u00e4ste auch Limonadenautomaten oder einen Getr\u00e4nkeautomaten, der von Tee bis Vanille-Cappuccino alles hergibt. F\u00fcr Tierbesitzer gibt es S\u00e4cke mit 130 Br\u00f6tchen oder wahlweise 15 Kilogramm Brot f\u00fcr 4,90 Euro. Au\u00dferdem sind auch Obstplatten, s\u00fc\u00dfe Teilchen und Schmalzbrote im Angebot. Wie gehabt \u2013 f\u00fcr 2 Euro.<\/p>\n<p><a rel=\"lightbox[roadtrip]\" target=\"_blank\" href=\"http:\/\/www.schoene-nachrichten.de\/wp-content\/uploads\/2007\/06\/070607_Zweittag_12.jpg\" title=\"Foto: Max Colin Heydenreich\"><img decoding=\"async\" width=\"128\" src=\"http:\/\/www.schoene-nachrichten.de\/wp-content\/uploads\/2007\/06\/070607_Zweittag_12.thumbnail.jpg\" alt=\"070607_Zweittag_12.jpg\" \/><\/a>\u00c2\u00a0<a rel=\"lightbox[roadtrip]\" target=\"_blank\" href=\"http:\/\/www.schoene-nachrichten.de\/wp-content\/uploads\/2007\/06\/070607_Zweittag_13.jpg\" title=\"Foto: Max Colin Heydenreich\"><img decoding=\"async\" width=\"128\" src=\"http:\/\/www.schoene-nachrichten.de\/wp-content\/uploads\/2007\/06\/070607_Zweittag_13.thumbnail.jpg\" alt=\"070607_Zweittag_13.jpg\" \/><\/a> <a rel=\"lightbox[roadtrip]\" target=\"_blank\" href=\"http:\/\/www.schoene-nachrichten.de\/wp-content\/uploads\/2007\/06\/070607_Zweittag_14.jpg\" title=\"Foto: Max Colin Heydenreich\"><img decoding=\"async\" width=\"128\" src=\"http:\/\/www.schoene-nachrichten.de\/wp-content\/uploads\/2007\/06\/070607_Zweittag_14.thumbnail.jpg\" alt=\"070607_Zweittag_14.jpg\" \/><\/a><\/p>\n<p><a rel=\"lightbox[roadtrip]\" target=\"_blank\" href=\"http:\/\/www.schoene-nachrichten.de\/wp-content\/uploads\/2007\/06\/070607_Zweittag_15.jpg\" title=\"Foto: Max Colin Heydenreich\"><img decoding=\"async\" width=\"128\" src=\"http:\/\/www.schoene-nachrichten.de\/wp-content\/uploads\/2007\/06\/070607_Zweittag_15.thumbnail.jpg\" alt=\"070607_Zweittag_15.jpg\" \/><\/a>\u00c2\u00a0<a rel=\"lightbox[roadtrip]\" target=\"_blank\" href=\"http:\/\/www.schoene-nachrichten.de\/wp-content\/uploads\/2007\/06\/070607_Zweittag_16.jpg\" title=\"Foto: Max Colin Heydenreich\"><img decoding=\"async\" width=\"128\" src=\"http:\/\/www.schoene-nachrichten.de\/wp-content\/uploads\/2007\/06\/070607_Zweittag_16.thumbnail.jpg\" alt=\"070607_Zweittag_16.jpg\" \/><\/a>\u00c2\u00a0<a rel=\"lightbox[roadtrip]\" target=\"_blank\" href=\"http:\/\/www.schoene-nachrichten.de\/wp-content\/uploads\/2007\/06\/070607_Zweittag_04.jpg\" title=\"Foto: Max Colin Heydenreich\"><img decoding=\"async\" width=\"128\" src=\"http:\/\/www.schoene-nachrichten.de\/wp-content\/uploads\/2007\/06\/070607_Zweittag_04.thumbnail.jpg\" alt=\"070607_Zweittag_04.jpg\" \/><\/a><\/p>\n<p>Der Zweittagsladen ist montags bis samstags von 7 bis 20 Uhr ge\u00f6ffnet. An Sonn- und Feiertagen wird von 8 bis 17 Uhr gearbeitet. Es gibt neunzig Sitzpl\u00e4tze und eine Spielecke mit Rutsche, Spielzeug und Bobbycars. Das macht das Konzept besonders interessant f\u00fcr junge Familien. \u201eUnd am Wochenende\u201c, sagt Kl\u00fcber, \u201espielt auch mal eine Jazzband.\u201c<\/p>\n<p><a rel=\"lightbox[roadtrip]\" target=\"_blank\" href=\"http:\/\/www.schoene-nachrichten.de\/wp-content\/uploads\/2007\/06\/070607_Zweittag_19.jpg\" title=\"Foto: Max Colin Heydenreich\"><img decoding=\"async\" width=\"128\" src=\"http:\/\/www.schoene-nachrichten.de\/wp-content\/uploads\/2007\/06\/070607_Zweittag_19.thumbnail.jpg\" alt=\"070607_Zweittag_19.jpg\" \/><\/a> <a rel=\"lightbox[roadtrip]\" target=\"_blank\" href=\"http:\/\/www.schoene-nachrichten.de\/wp-content\/uploads\/2007\/06\/070607_Zweittag_20.jpg\" title=\"Foto: Max Colin Heydenreich\"><img decoding=\"async\" width=\"128\" src=\"http:\/\/www.schoene-nachrichten.de\/wp-content\/uploads\/2007\/06\/070607_Zweittag_20.thumbnail.jpg\" alt=\"070607_Zweittag_20.jpg\" \/><\/a> <a rel=\"lightbox[roadtrip]\" target=\"_blank\" href=\"http:\/\/www.schoene-nachrichten.de\/wp-content\/uploads\/2007\/06\/070607_Zweittag_21.jpg\" title=\"Foto: Max Colin Heydenreich\"><img decoding=\"async\" width=\"128\" src=\"http:\/\/www.schoene-nachrichten.de\/wp-content\/uploads\/2007\/06\/070607_Zweittag_21.thumbnail.jpg\" alt=\"070607_Zweittag_21.jpg\" \/><\/a><\/p>\n<p><a rel=\"lightbox[roadtrip]\" target=\"_blank\" href=\"http:\/\/www.schoene-nachrichten.de\/wp-content\/uploads\/2007\/06\/070607_Zweittag_22.jpg\" title=\"Foto: Max Colin Heydenreich\"><img decoding=\"async\" width=\"128\" src=\"http:\/\/www.schoene-nachrichten.de\/wp-content\/uploads\/2007\/06\/070607_Zweittag_22.thumbnail.jpg\" alt=\"070607_Zweittag_22.jpg\" \/><\/a>\u00c2\u00a0<a rel=\"lightbox[roadtrip]\" target=\"_blank\" href=\"http:\/\/www.schoene-nachrichten.de\/wp-content\/uploads\/2007\/06\/070607_Zweittag_03.jpg\" title=\"Foto: Max Colin Heydenreich\"><img decoding=\"async\" width=\"128\" src=\"http:\/\/www.schoene-nachrichten.de\/wp-content\/uploads\/2007\/06\/070607_Zweittag_03.thumbnail.jpg\" alt=\"070607_Zweittag_03.jpg\" \/><\/a>\u00c2\u00a0<a rel=\"lightbox[roadtrip]\" target=\"_blank\" href=\"http:\/\/www.schoene-nachrichten.de\/wp-content\/uploads\/2007\/06\/070607_Zweittag_05.jpg\" title=\"Foto: Max Colin Heydenreich\"><img decoding=\"async\" width=\"128\" src=\"http:\/\/www.schoene-nachrichten.de\/wp-content\/uploads\/2007\/06\/070607_Zweittag_05.thumbnail.jpg\" alt=\"070607_Zweittag_05.jpg\" \/><\/a><\/p>\n","protected":false},"excerpt":{"rendered":"<div class=\"tmnf_excerpt\"><p>Sch\u00f6nes aus Fulda. Backware vom Vortag bekommt man in Zukunft auch in der Maberzeller Stra\u00dfe bei \u201eZweitTag\u201c. Das was gestern nicht \u00fcber die Ladentheke ging oder heute zu viel produziert wurde, landet in der Fabrikhalle, in der fr\u00fcher Neufahrzeuge eines Autohauses standen. Das besondere bei \u201eZweittag\u201c: Es gibt dort nicht nur ein vielf\u00e4ltiges Backangebot f\u00fcr &hellip;<\/p>\n<\/div>","protected":false},"author":1,"featured_media":0,"comment_status":"closed","ping_status":"closed","sticky":false,"template":"","format":"standard","meta":{"footnotes":""},"categories":[1,54,37],"tags":[],"class_list":["post-3535","post","type-post","status-publish","format-standard","hentry","category-startseite","category-bildergalerien","category-essen-und-trinken"],"_links":{"self":[{"href":"https:\/\/www.fuldaernachrichten.de\/index.php?rest_route=\/wp\/v2\/posts\/3535","targetHints":{"allow":["GET"]}}],"collection":[{"href":"https:\/\/www.fuldaernachrichten.de\/index.php?rest_route=\/wp\/v2\/posts"}],"about":[{"href":"https:\/\/www.fuldaernachrichten.de\/index.php?rest_route=\/wp\/v2\/types\/post"}],"author":[{"embeddable":true,"href":"https:\/\/www.fuldaernachrichten.de\/index.php?rest_route=\/wp\/v2\/users\/1"}],"replies":[{"embeddable":true,"href":"https:\/\/www.fuldaernachrichten.de\/index.php?rest_route=%2Fwp%2Fv2%2Fcomments&post=3535"}],"version-history":[{"count":0,"href":"https:\/\/www.fuldaernachrichten.de\/index.php?rest_route=\/wp\/v2\/posts\/3535\/revisions"}],"wp:attachment":[{"href":"https:\/\/www.fuldaernachrichten.de\/index.php?rest_route=%2Fwp%2Fv2%2Fmedia&parent=3535"}],"wp:term":[{"taxonomy":"category","embeddable":true,"href":"https:\/\/www.fuldaernachrichten.de\/index.php?rest_route=%2Fwp%2Fv2%2Fcategories&post=3535"},{"taxonomy":"post_tag","embeddable":true,"href":"https:\/\/www.fuldaernachrichten.de\/index.php?rest_route=%2Fwp%2Fv2%2Ftags&post=3535"}],"curies":[{"name":"wp","href":"https:\/\/api.w.org\/{rel}","templated":true}]}}