{"id":35348,"date":"2009-07-29T06:55:56","date_gmt":"2009-07-29T04:55:56","guid":{"rendered":"http:\/\/www.schoene-nachrichten.de\/?p=35348"},"modified":"2009-07-29T07:42:08","modified_gmt":"2009-07-29T05:42:08","slug":"sommerfest-auf-dem-bioland-und-schulbauernhof-in-eichenzell-roenshausen","status":"publish","type":"post","link":"https:\/\/www.fuldaernachrichten.de\/?p=35348","title":{"rendered":"Sommerfest auf dem Bioland- und Schulbauernhof in Eichenzell-R\u00f6nshausen"},"content":{"rendered":"<p><strong>Eichenzell-R\u00f6nshausen.<\/strong> In Zusammenarbeit mit dem Biosph\u00e4renreservat Rh\u00f6n findet am Sonntag 9. August 2009, ab 13.00 Uhr, auf dem Bioland- und Schulbauernhof in Eichenzell-R\u00f6nshausen ein Sommerfest mit Musikgruppen des Antoniusheims statt. Viele Aussteller aus dem Biosph\u00e4renreservat Rh\u00f6n werden daran teilnehmen. F\u00fcr das leibliche Wohl ist gesorgt.<\/p>\n","protected":false},"excerpt":{"rendered":"<div class=\"tmnf_excerpt\"><p>Eichenzell-R\u00f6nshausen. In Zusammenarbeit mit dem Biosph\u00e4renreservat Rh\u00f6n findet am Sonntag 9. August 2009, ab 13.00 Uhr, auf dem Bioland- und Schulbauernhof in Eichenzell-R\u00f6nshausen ein Sommerfest mit Musikgruppen des Antoniusheims statt. Viele Aussteller aus dem Biosph\u00e4renreservat Rh\u00f6n werden daran teilnehmen. F\u00fcr das leibliche Wohl ist gesorgt.<\/p>\n<\/div>","protected":false},"author":1,"featured_media":0,"comment_status":"closed","ping_status":"closed","sticky":false,"template":"","format":"standard","meta":{"footnotes":""},"categories":[1,44],"tags":[],"class_list":["post-35348","post","type-post","status-publish","format-standard","hentry","category-startseite","category-kultur"],"_links":{"self":[{"href":"https:\/\/www.fuldaernachrichten.de\/index.php?rest_route=\/wp\/v2\/posts\/35348","targetHints":{"allow":["GET"]}}],"collection":[{"href":"https:\/\/www.fuldaernachrichten.de\/index.php?rest_route=\/wp\/v2\/posts"}],"about":[{"href":"https:\/\/www.fuldaernachrichten.de\/index.php?rest_route=\/wp\/v2\/types\/post"}],"author":[{"embeddable":true,"href":"https:\/\/www.fuldaernachrichten.de\/index.php?rest_route=\/wp\/v2\/users\/1"}],"replies":[{"embeddable":true,"href":"https:\/\/www.fuldaernachrichten.de\/index.php?rest_route=%2Fwp%2Fv2%2Fcomments&post=35348"}],"version-history":[{"count":2,"href":"https:\/\/www.fuldaernachrichten.de\/index.php?rest_route=\/wp\/v2\/posts\/35348\/revisions"}],"predecessor-version":[{"id":35382,"href":"https:\/\/www.fuldaernachrichten.de\/index.php?rest_route=\/wp\/v2\/posts\/35348\/revisions\/35382"}],"wp:attachment":[{"href":"https:\/\/www.fuldaernachrichten.de\/index.php?rest_route=%2Fwp%2Fv2%2Fmedia&parent=35348"}],"wp:term":[{"taxonomy":"category","embeddable":true,"href":"https:\/\/www.fuldaernachrichten.de\/index.php?rest_route=%2Fwp%2Fv2%2Fcategories&post=35348"},{"taxonomy":"post_tag","embeddable":true,"href":"https:\/\/www.fuldaernachrichten.de\/index.php?rest_route=%2Fwp%2Fv2%2Ftags&post=35348"}],"curies":[{"name":"wp","href":"https:\/\/api.w.org\/{rel}","templated":true}]}}