{"id":35339,"date":"2009-07-29T06:30:14","date_gmt":"2009-07-29T04:30:14","guid":{"rendered":"http:\/\/www.schoene-nachrichten.de\/?p=35339"},"modified":"2009-07-29T07:44:53","modified_gmt":"2009-07-29T05:44:53","slug":"aktionstag-altenhilfe-jetzt-schlaegts-13","status":"publish","type":"post","link":"https:\/\/www.fuldaernachrichten.de\/?p=35339","title":{"rendered":"Aktionstag Altenhilfe \u201eJetzt schl\u00e4gt\u00e2\u20ac\u2122s 13\u201c"},"content":{"rendered":"<p><strong>Flieden. <\/strong>Rund 200 Politikerinnen und Politiker besuchten im Rahmen eines Aktionstages katholische Altenheime in Hessen, Rheinland-Pfalz, und dem Saarland. Sie machten sich ein Bild davon, was Pflege leistet, wo aber auch Grenzen der \u00dcberforderung erreicht sind. Sie begegneten Bewohnern, Angeh\u00f6rigen und Mitarbeitern, nahmen teil an ihrem Alltag und diskutieren mit ihnen, welchen Platz alte Menschen in der Gesellschaft haben und k\u00fcnftig haben sollen. Rund 100 katholische Altenheime in den genannten drei Bundesl\u00e4ndern beteiligten sich am Aktionstag Altenhilfe, der von der Caritas-Landesarbeitsgemeinschaft Altenhilfe\/Pflege in Hessen, die Caritas-Arbeitsgemeinschaft Altenhilfe Rheinland-Pfalz\/Saarland, und der Verband katholischer Altenhilfe in Deutschland initiiert wurde.<\/p>\n<p><a href=\"http:\/\/www.schoene-nachrichten.de\/wp-content\/uploads\/2009\/07\/BILD0001.jpg\"><img fetchpriority=\"high\" decoding=\"async\" class=\"alignnone size-thumbnail wp-image-35340\" title=\"Alten- und Pflegeheim St. Katharina\" src=\"http:\/\/www.schoene-nachrichten.de\/wp-content\/uploads\/2009\/07\/BILD0001-265x198.jpg\" alt=\"Alten- und Pflegeheim St. Katharina\" width=\"265\" height=\"198\" srcset=\"https:\/\/www.fuldaernachrichten.de\/wp-content\/uploads\/2009\/07\/BILD0001-265x198.jpg 265w, https:\/\/www.fuldaernachrichten.de\/wp-content\/uploads\/2009\/07\/BILD0001.jpg 800w\" sizes=\"(max-width: 265px) 100vw, 265px\" \/><\/a> <a href=\"http:\/\/www.schoene-nachrichten.de\/wp-content\/uploads\/2009\/07\/BILD0008.jpg\"><img decoding=\"async\" class=\"alignnone size-thumbnail wp-image-35341\" title=\"Alten- und Pflegeheim St. Katharina\" src=\"http:\/\/www.schoene-nachrichten.de\/wp-content\/uploads\/2009\/07\/BILD0008-265x198.jpg\" alt=\"Alten- und Pflegeheim St. Katharina\" width=\"265\" height=\"198\" srcset=\"https:\/\/www.fuldaernachrichten.de\/wp-content\/uploads\/2009\/07\/BILD0008-265x198.jpg 265w, https:\/\/www.fuldaernachrichten.de\/wp-content\/uploads\/2009\/07\/BILD0008.jpg 800w\" sizes=\"(max-width: 265px) 100vw, 265px\" \/><\/a><!--more--><\/p>\n<p><strong>Die drei zentralen Botschaften<\/strong><\/p>\n<p>\u201eMit dem Aktionstag Altenhilfe machen die katholischen Altenheime bewusst, was Pflege leistet.\u201c<\/p>\n<p>\u201eDer Aktionstag Altenhilfe macht zugleich deutlich, wo Grenzen der \u00dcberforderung erreicht sind.\u201c<\/p>\n<p>\u201eMit dem Aktionstag Altenhilfe fordern die katholischen Altenheime bessere Rahmenbedingungen.\u201c<\/p>\n<p>Im Fliedener Alten- und Pflegeheim St. Katharina war es B\u00fcrgermeister Winfried Kress (SPD), der seine Bereitschaft und damit auch den Mut signalisiert hatte, die Aktion zu unterst\u00fctzen.<\/p>\n<p>Nach einem Vorgespr\u00e4ch erhielt Kress seine Dienstkleidung und wurde sogleich mit zahlreichen Vorschriften und Gesetzen konfrontiert eingef\u00fchrt, welche vom Pflegepersonal zu beachten sind. Nun machte sich Kress auf, eine Anzahl von Bewohner in ihren Zimmern zum Mittagessen abzuholen und bereits nach einer guten halben Stunde kam er zu der Erkenntnis \u201eda bleibt ja nicht mal Zeit f\u00fcr ein Schw\u00e4tzchen\u201c. Beim anschlie\u00dfenden Mittagessen lernte der B\u00fcrgermeister kennen, welchen Schwierigkeiten sich f\u00fcr pflegebed\u00fcrftige Menschen beim Essen ergeben. Nachdem alle Bewohner zur\u00fcck gebracht waren, mussten alle erbrachten Leistungen dokumentiert werden.<\/p>\n<p><a href=\"http:\/\/www.schoene-nachrichten.de\/wp-content\/uploads\/2009\/07\/BILD0010.jpg\"><img decoding=\"async\" class=\"alignnone size-thumbnail wp-image-35342\" title=\"Alten- und Pflegeheim St. Katharina\" src=\"http:\/\/www.schoene-nachrichten.de\/wp-content\/uploads\/2009\/07\/BILD0010-265x198.jpg\" alt=\"Alten- und Pflegeheim St. Katharina\" width=\"265\" height=\"198\" srcset=\"https:\/\/www.fuldaernachrichten.de\/wp-content\/uploads\/2009\/07\/BILD0010-265x198.jpg 265w, https:\/\/www.fuldaernachrichten.de\/wp-content\/uploads\/2009\/07\/BILD0010.jpg 800w\" sizes=\"(max-width: 265px) 100vw, 265px\" \/><\/a> <a href=\"http:\/\/www.schoene-nachrichten.de\/wp-content\/uploads\/2009\/07\/BILD0015.jpg\"><img loading=\"lazy\" decoding=\"async\" class=\"alignnone size-thumbnail wp-image-35343\" title=\"Alten- und Pflegeheim St. Katharina\" src=\"http:\/\/www.schoene-nachrichten.de\/wp-content\/uploads\/2009\/07\/BILD0015-265x198.jpg\" alt=\"Alten- und Pflegeheim St. Katharina\" width=\"265\" height=\"198\" srcset=\"https:\/\/www.fuldaernachrichten.de\/wp-content\/uploads\/2009\/07\/BILD0015-265x198.jpg 265w, https:\/\/www.fuldaernachrichten.de\/wp-content\/uploads\/2009\/07\/BILD0015.jpg 800w\" sizes=\"(max-width: 265px) 100vw, 265px\" \/><\/a><\/p>\n<p>Im anschlie\u00dfenden Abschlussgespr\u00e4ch mit Heimleiter Oliver Krah, Pflegedienstleiterin Gabriele Abel und der Pflegefachkraft H\u00fclja P\u00f6schel, welche Kress w\u00e4hrend seines Einsatzes begleitet hatte, machte er seine Erkenntnisse aus dem Kurzeinsatz deutlich. Die physische und psychische Belastung des Pflegepersonals sei erheblich, zudem sei der b\u00fcrokratische und juristische Aufwand, welcher in den Pflegeheimen geleistet werden muss kaum verst\u00e4ndlich. Viel wichtiger sei doch, f\u00fcr die hilfsbed\u00fcrftigen Menschen da zu sein und f\u00fcr sie wirklich Zeit zu haben, so Kress.<\/p>\n<p>Die Verantwortlichen von St. Katharina bedankten sich bei B\u00fcrgermeister Kress f\u00fcr seine Bereitschaft zur Teilnahme und als die Pflegedienstleitung p\u00fcnktlich um 13.13 Uhr symbolisch den Schlussgong ert\u00f6nen lie\u00df, war der \u201ePflegeneuling\u201c Kress sichtlich geschafft und fasste zusammen: \u201eDas war sehr beeindruckend und wird mir lange in Erinnerung bleiben. Was meine Funktion zul\u00e4sst, um diese Arbeit zu unterst\u00fctzten, will ich k\u00fcnftig nach Kr\u00e4ften tun.\u201c<\/p>\n","protected":false},"excerpt":{"rendered":"<div class=\"tmnf_excerpt\"><p>Flieden. Rund 200 Politikerinnen und Politiker besuchten im Rahmen eines Aktionstages katholische Altenheime in Hessen, Rheinland-Pfalz, und dem Saarland. Sie machten sich ein Bild davon, was Pflege leistet, wo aber auch Grenzen der \u00dcberforderung erreicht sind. Sie begegneten Bewohnern, Angeh\u00f6rigen und Mitarbeitern, nahmen teil an ihrem Alltag und diskutieren mit ihnen, welchen Platz alte Menschen &hellip;<\/p>\n<\/div>","protected":false},"author":1,"featured_media":0,"comment_status":"closed","ping_status":"closed","sticky":false,"template":"","format":"standard","meta":{"footnotes":""},"categories":[1,51,29],"tags":[],"class_list":["post-35339","post","type-post","status-publish","format-standard","hentry","category-startseite","category-medizin","category-politik"],"_links":{"self":[{"href":"https:\/\/www.fuldaernachrichten.de\/index.php?rest_route=\/wp\/v2\/posts\/35339","targetHints":{"allow":["GET"]}}],"collection":[{"href":"https:\/\/www.fuldaernachrichten.de\/index.php?rest_route=\/wp\/v2\/posts"}],"about":[{"href":"https:\/\/www.fuldaernachrichten.de\/index.php?rest_route=\/wp\/v2\/types\/post"}],"author":[{"embeddable":true,"href":"https:\/\/www.fuldaernachrichten.de\/index.php?rest_route=\/wp\/v2\/users\/1"}],"replies":[{"embeddable":true,"href":"https:\/\/www.fuldaernachrichten.de\/index.php?rest_route=%2Fwp%2Fv2%2Fcomments&post=35339"}],"version-history":[{"count":3,"href":"https:\/\/www.fuldaernachrichten.de\/index.php?rest_route=\/wp\/v2\/posts\/35339\/revisions"}],"predecessor-version":[{"id":35386,"href":"https:\/\/www.fuldaernachrichten.de\/index.php?rest_route=\/wp\/v2\/posts\/35339\/revisions\/35386"}],"wp:attachment":[{"href":"https:\/\/www.fuldaernachrichten.de\/index.php?rest_route=%2Fwp%2Fv2%2Fmedia&parent=35339"}],"wp:term":[{"taxonomy":"category","embeddable":true,"href":"https:\/\/www.fuldaernachrichten.de\/index.php?rest_route=%2Fwp%2Fv2%2Fcategories&post=35339"},{"taxonomy":"post_tag","embeddable":true,"href":"https:\/\/www.fuldaernachrichten.de\/index.php?rest_route=%2Fwp%2Fv2%2Ftags&post=35339"}],"curies":[{"name":"wp","href":"https:\/\/api.w.org\/{rel}","templated":true}]}}