{"id":35332,"date":"2009-07-29T05:43:43","date_gmt":"2009-07-29T03:43:43","guid":{"rendered":"http:\/\/www.schoene-nachrichten.de\/?p=35332"},"modified":"2009-07-29T07:44:01","modified_gmt":"2009-07-29T05:44:01","slug":"neue-veranstaltungen-des-lk-fulda-und-des-biosphaerenreservats-rhoen","status":"publish","type":"post","link":"https:\/\/www.fuldaernachrichten.de\/?p=35332","title":{"rendered":"Neue Veranstaltungen des LK Fulda und des Biosph\u00e4renreservats Rh\u00f6n"},"content":{"rendered":"<p><strong>Fulda\/Rh\u00f6n. <\/strong>In Zusammenarbeit mit dem Biosph\u00e4renreservat Rh\u00f6n werden folgende Veranstaltungen angeboten:<!--more--><\/p>\n<ul>\n<li>Samstag, 1. August 2009, Dem Himmel ganz nah, mit den Rh\u00f6nLamas unterwegs, Mehrtagestour. Leitung Johannes N\u00fcdling, Telefon 06658.1600<\/li>\n<li>Samstag, 1. August, der Erz\u00e4hler der Nacht Poet und Schauspieler Rudolf Herget, spricht und spielt poetische Impressionen unter freiem Himmel \u201eNacht der Poesie \u2013 Tr\u00e4ume unter Myriaden Sternen.\u00c2\u00a0 Ort: Auf dem Gipfel der Milseburg, 21.00 \u2013 06.00 Uhr, kostenfrei. Eintrittskarten er-h\u00e4ltlich bei der Gemeinde Hofbieber<\/li>\n<li>Sonntag, 2. August, Fasten \u2013 Bewegung &#8211; Natur, einw\u00f6chiger Kurs im Hotel Hubertus in Unterelsbach, Infos unter Tel. 06657-919400, Barbara Sch\u00fctz<\/li>\n<li>Sonntag, 2. August, Festival am Guckaisee, Infos unter Tel. 06658-960013.<\/li>\n<li>3. August, Poetische Impressionen, Rudolf H. Herget, \u201eIch schulde meinen Tr\u00e4umen noch viel Leben\u201c, Ort: Amphitheater Schlosspark Gersfeld, 20.30 \u2013 21.50 Uhr<\/li>\n<\/ul>\n","protected":false},"excerpt":{"rendered":"<div class=\"tmnf_excerpt\"><p>Fulda\/Rh\u00f6n. In Zusammenarbeit mit dem Biosph\u00e4renreservat Rh\u00f6n werden folgende Veranstaltungen angeboten:<\/p>\n<\/div>","protected":false},"author":1,"featured_media":0,"comment_status":"closed","ping_status":"closed","sticky":false,"template":"","format":"standard","meta":{"footnotes":""},"categories":[1,44,52],"tags":[],"class_list":["post-35332","post","type-post","status-publish","format-standard","hentry","category-startseite","category-kultur","category-umwelt"],"_links":{"self":[{"href":"https:\/\/www.fuldaernachrichten.de\/index.php?rest_route=\/wp\/v2\/posts\/35332","targetHints":{"allow":["GET"]}}],"collection":[{"href":"https:\/\/www.fuldaernachrichten.de\/index.php?rest_route=\/wp\/v2\/posts"}],"about":[{"href":"https:\/\/www.fuldaernachrichten.de\/index.php?rest_route=\/wp\/v2\/types\/post"}],"author":[{"embeddable":true,"href":"https:\/\/www.fuldaernachrichten.de\/index.php?rest_route=\/wp\/v2\/users\/1"}],"replies":[{"embeddable":true,"href":"https:\/\/www.fuldaernachrichten.de\/index.php?rest_route=%2Fwp%2Fv2%2Fcomments&post=35332"}],"version-history":[{"count":3,"href":"https:\/\/www.fuldaernachrichten.de\/index.php?rest_route=\/wp\/v2\/posts\/35332\/revisions"}],"predecessor-version":[{"id":35385,"href":"https:\/\/www.fuldaernachrichten.de\/index.php?rest_route=\/wp\/v2\/posts\/35332\/revisions\/35385"}],"wp:attachment":[{"href":"https:\/\/www.fuldaernachrichten.de\/index.php?rest_route=%2Fwp%2Fv2%2Fmedia&parent=35332"}],"wp:term":[{"taxonomy":"category","embeddable":true,"href":"https:\/\/www.fuldaernachrichten.de\/index.php?rest_route=%2Fwp%2Fv2%2Fcategories&post=35332"},{"taxonomy":"post_tag","embeddable":true,"href":"https:\/\/www.fuldaernachrichten.de\/index.php?rest_route=%2Fwp%2Fv2%2Ftags&post=35332"}],"curies":[{"name":"wp","href":"https:\/\/api.w.org\/{rel}","templated":true}]}}