{"id":35328,"date":"2009-07-30T06:30:03","date_gmt":"2009-07-30T04:30:03","guid":{"rendered":"http:\/\/www.schoene-nachrichten.de\/?p=35328"},"modified":"2009-07-30T08:26:14","modified_gmt":"2009-07-30T06:26:14","slug":"schulen-werden-saniert-und-erweitert","status":"publish","type":"post","link":"https:\/\/www.fuldaernachrichten.de\/?p=35328","title":{"rendered":"Schulen werden saniert und erweitert"},"content":{"rendered":"<p><a href=\"http:\/\/www.schoene-nachrichten.de\/wp-content\/uploads\/2009\/07\/Visualisierung_RMS.jpg\"><img fetchpriority=\"high\" decoding=\"async\" class=\"alignnone size-thumbnail wp-image-35329\" title=\"Magistratspressestelle\" src=\"http:\/\/www.schoene-nachrichten.de\/wp-content\/uploads\/2009\/07\/Visualisierung_RMS-265x193.jpg\" alt=\"Magistratspressestelle\" hspace=\"5\" width=\"265\" height=\"193\" align=\"left\" srcset=\"https:\/\/www.fuldaernachrichten.de\/wp-content\/uploads\/2009\/07\/Visualisierung_RMS-265x193.jpg 265w, https:\/\/www.fuldaernachrichten.de\/wp-content\/uploads\/2009\/07\/Visualisierung_RMS.jpg 823w\" sizes=\"(max-width: 265px) 100vw, 265px\" \/><\/a><strong>Fulda (rb). <\/strong>Auf seiner j\u00fcngsten Sitzung hat der Magistrat weiteren Ma\u00dfnahmen in H\u00f6he von Rund 600.000 Euro an Schulen zugestimmt. An der Richard-M\u00fcller-Schule stehen die Sanierung des Verwaltungstrakts sowie ein Anbau, eine Aufstockung und Umbauarbeiten an. Gr\u00fcnes Licht gab es f\u00fcr die Auftragsvergabe der Architektenleistung aus Mitteln des Konjunkturprogramms. \u201eEs geht z\u00fcgig voran. Wir liegen gut im Zeitplan und wollen die Chancen, die uns das Programm bietet, konsequent nutzen\u201c, kommentieren Fuldas Stadtbaur\u00e4tin Cornelia Zuschke und Schuldezernent Dr. Wolfgang Dippel und die j\u00fcngste Entscheidung.<!--more--><\/p>\n<p><strong>Sanierung der Umkleidebereiche an der Bardoschule<\/strong><\/p>\n<p>Aus Haushaltsmitteln werden an der Bardoschule die Umkleiden in der Turnhalle wegen Ihres Alters und baulichen Zustands saniert. Au\u00dferdem wird eine neue Sanit\u00e4ranlage eingerichtet, denn der Zahn der Zeit hatte deutliche Spuren an der heutigen hinterlassen, erl\u00e4uterte Zuschke.<\/p>\n<p><strong>Vier neue Klassenr\u00e4ume an der Astrid-Lindgren-Schule<\/strong><\/p>\n<p>Im Rahmen des \u201eInvestitionsprogramms des Landes \u2013 Sonderinvestitionsprogramm Schulen\u201c soll die Astrid-Lindgren-Schule um vier Klassenr\u00e4ume erweitert werden. Der Magistrat stimmte ebenfalls der Auftragsvergabe der Architektenleistung zu.<\/p>\n<p><strong>Innensanierung der Probst-Conrad-von-Mengersen-Schule<\/strong><\/p>\n<p>Die Grundschule in Johannesberg wird durch Mittel des \u201eInvestitionsprogramms des Landes \u2013 Sonderinvestitionsprogramm Schulen\u201c, saniert. Es wurde der Auftragsvergabe f\u00fcr Architektenleistungen zugestimmt. Beim Bau sollen die Brandschutzma\u00dfnahmen in allen Geb\u00e4udeteilen den aktuellen Bestimmungen angepasst werden.<\/p>\n<p>All diese Vorhaben schaffen \u201egute Lernvoraussetzungen f\u00fcr unsere Sch\u00fclerinnen und Sch\u00fcler\u201c, betonte Fuldas Schuldezernent. \u201eDank des Konjunkturprogramms k\u00f6nnen wir unsere Schulen fit f\u00fcr die Zukunft zu machen.\u201c<\/p>\n","protected":false},"excerpt":{"rendered":"<div class=\"tmnf_excerpt\"><p>Fulda (rb). Auf seiner j\u00fcngsten Sitzung hat der Magistrat weiteren Ma\u00dfnahmen in H\u00f6he von Rund 600.000 Euro an Schulen zugestimmt. An der Richard-M\u00fcller-Schule stehen die Sanierung des Verwaltungstrakts sowie ein Anbau, eine Aufstockung und Umbauarbeiten an. Gr\u00fcnes Licht gab es f\u00fcr die Auftragsvergabe der Architektenleistung aus Mitteln des Konjunkturprogramms. \u201eEs geht z\u00fcgig voran. Wir liegen &hellip;<\/p>\n<\/div>","protected":false},"author":1,"featured_media":0,"comment_status":"closed","ping_status":"closed","sticky":false,"template":"","format":"standard","meta":{"footnotes":""},"categories":[1,53,29],"tags":[],"class_list":["post-35328","post","type-post","status-publish","format-standard","hentry","category-startseite","category-bildung","category-politik"],"_links":{"self":[{"href":"https:\/\/www.fuldaernachrichten.de\/index.php?rest_route=\/wp\/v2\/posts\/35328","targetHints":{"allow":["GET"]}}],"collection":[{"href":"https:\/\/www.fuldaernachrichten.de\/index.php?rest_route=\/wp\/v2\/posts"}],"about":[{"href":"https:\/\/www.fuldaernachrichten.de\/index.php?rest_route=\/wp\/v2\/types\/post"}],"author":[{"embeddable":true,"href":"https:\/\/www.fuldaernachrichten.de\/index.php?rest_route=\/wp\/v2\/users\/1"}],"replies":[{"embeddable":true,"href":"https:\/\/www.fuldaernachrichten.de\/index.php?rest_route=%2Fwp%2Fv2%2Fcomments&post=35328"}],"version-history":[{"count":3,"href":"https:\/\/www.fuldaernachrichten.de\/index.php?rest_route=\/wp\/v2\/posts\/35328\/revisions"}],"predecessor-version":[{"id":35466,"href":"https:\/\/www.fuldaernachrichten.de\/index.php?rest_route=\/wp\/v2\/posts\/35328\/revisions\/35466"}],"wp:attachment":[{"href":"https:\/\/www.fuldaernachrichten.de\/index.php?rest_route=%2Fwp%2Fv2%2Fmedia&parent=35328"}],"wp:term":[{"taxonomy":"category","embeddable":true,"href":"https:\/\/www.fuldaernachrichten.de\/index.php?rest_route=%2Fwp%2Fv2%2Fcategories&post=35328"},{"taxonomy":"post_tag","embeddable":true,"href":"https:\/\/www.fuldaernachrichten.de\/index.php?rest_route=%2Fwp%2Fv2%2Ftags&post=35328"}],"curies":[{"name":"wp","href":"https:\/\/api.w.org\/{rel}","templated":true}]}}