{"id":35247,"date":"2009-07-28T05:30:28","date_gmt":"2009-07-28T03:30:28","guid":{"rendered":"http:\/\/www.schoene-nachrichten.de\/?p=35247"},"modified":"2009-07-28T06:18:47","modified_gmt":"2009-07-28T04:18:47","slug":"bischof-algermissen-feierte-libori-pontifikalamt-mit-den-frauen","status":"publish","type":"post","link":"https:\/\/www.fuldaernachrichten.de\/?p=35247","title":{"rendered":"Bischof Algermissen feierte Libori-Pontifikalamt mit den Frauen"},"content":{"rendered":"<p><strong>Paderborn (pdp). <\/strong>Bischof Heinz Josef Algermissen aus der Di\u00f6zese Fulda feierte an Libori-Montag im Hohen Dom zu Paderborn das traditionelle Pontifikalamt mit den Frauen. Gerade Frauen seien in ihren Familien und Pfarrgemeinden die besten Glaubenszeuginnen und Katechetinnen, so der fr\u00fchere Paderborner Weihbischof. \u201eWas w\u00e4re die Kirche ohne Ihren Einsatz in Familie, Gemeinde und Verband. Helfen Sie bitte mit, da\u00df der Glaube wieder mehr zum Thema in den Familien wird. Wir d\u00fcrfen die kommende Generation nicht um Gott betr\u00fcgen.\u201c<!--more--><\/p>\n<p><strong>\u201eWo wir sprachlos sind, kann Weitergabe des Glaubens nicht gelingen\u201c<\/strong><\/p>\n<p>Es komme darauf an, \u201eda\u00df wir das, was wir mit dem Herzen glauben, auch mit dem Mund bekennen und so den Glauben weiter tragen\u201c, sagte Bischof Algermissen in seiner Predigt. Ein nicht ausgesprochener Glaube sei ein sterbender Glaube. In der Gesellschaft habe der christliche Glaube unter der Vielfalt der Lebensentw\u00fcrfe seine Selbstverst\u00e4ndlichkeit verloren. In Familie, in Schule, am Arbeitsplatz, im Freundeskreis, im Verein m\u00fcsse der einzelne pl\u00f6tzlich begr\u00fcnden, warum er Christ sei und der Kirche treu bleibe, warum er glaube und sein Leben an den Geboten ausrichte.<\/p>\n<p>Doch seien es viele nicht gewohnt, \u00fcber ihren Glauben zu sprechen, ihn pers\u00f6nlich auszudr\u00fccken und zu begr\u00fcnden, diagnostizierte Bischof Algermissen. \u201eWo wir aber sprachlos sind, kann Glaubensweitergabe fast nicht gelingen.\u201c Nur wer \u00fcberzeugt sei, k\u00f6nne andere \u00fcberzeugen, nur wer seinen Glauben glaubw\u00fcrdig lebe, k\u00f6nne andere durch sein Lebenszeugnis auf den Glauben hinweisen.<\/p>\n<p><strong>Glaubensaustausch enorm wichtig<\/strong><\/p>\n<p>F\u00fcr den Austausch im Glauben seien Treffpunkte notwendig, so der fr\u00fchere Paderborner Weihbischof: Gespr\u00e4chskreise f\u00fcr Eltern, Bibel-Teilen, wo die Verbindung der Frohbotschaft zum Leben gesucht werde. \u201eWeitergabe des Glaubens braucht die Bereitschaft, meinen Glauben, vielleicht auch meine Fragen und Zweifel, anderen mitzuteilen, mit ihnen dar\u00fcber zu sprechen. So k\u00f6nnen Keimzellen von Kirche erwachsen.\u201c Das sei dringend geboten angesichts der Situation, da\u00df bei vielen der Glaube buchst\u00e4blich in den Kinderschuhen stecken geblieben sei und mit dem Heranwachsen und Erwachsenwerden nicht Schritt gehalten habe. \u201eSie d\u00fcrfen sich dann auch nicht wundern, wenn der Glaube immer ferner r\u00fcckt, wenn er es nicht mehr schafft, uns Orientierung zu geben, wenn der Glaube eines Tages g\u00e4nzlich abhanden kommt.\u201c<\/p>\n<p>Aus dem ganzen Erzbistum kamen Frauen am Libori-Montag zum traditionellen Pontifikalamt in den Hohen Dom und f\u00fcllten das Kirchengeb\u00e4ude bis auf den letzten Platz. Mitarbeiterinnen der Caritas-Konferenzen im Erzbistum Paderborn e. V. (CKD) hatten das Pontifikalamt mit vorbereitet. \u201eWir sind eingeladen, zu erinnern und fortzuschreiben. Wir haben erfahren: Der christliche Glaube tr\u00e4gt uns in unserem Leben\u201c, sagte Margarete Klisch, CKD-Di\u00f6zesanvorsitzende, zu Beginn des Gottesdienstes. Der christliche Glaube habe Wurzeln, die Halt und Sicherheit gew\u00e4hren w\u00fcrden und er mache frei f\u00fcr Visionen. \u201eWir k\u00f6nnen eine Reise durch das Leben antreten, die uns mit dem Himmel verbindet.\u201c Der Gottesdienst wurde vom Paderborner Frauenchor unter Leitung von Rudolf Br\u00fcggemeier und Domorganist Gereon Krahforst musikalisch gestaltet.<\/p>\n","protected":false},"excerpt":{"rendered":"<div class=\"tmnf_excerpt\"><p>Paderborn (pdp). Bischof Heinz Josef Algermissen aus der Di\u00f6zese Fulda feierte an Libori-Montag im Hohen Dom zu Paderborn das traditionelle Pontifikalamt mit den Frauen. Gerade Frauen seien in ihren Familien und Pfarrgemeinden die besten Glaubenszeuginnen und Katechetinnen, so der fr\u00fchere Paderborner Weihbischof. \u201eWas w\u00e4re die Kirche ohne Ihren Einsatz in Familie, Gemeinde und Verband. Helfen &hellip;<\/p>\n<\/div>","protected":false},"author":1,"featured_media":0,"comment_status":"closed","ping_status":"closed","sticky":false,"template":"","format":"standard","meta":{"footnotes":""},"categories":[1,50],"tags":[],"class_list":["post-35247","post","type-post","status-publish","format-standard","hentry","category-startseite","category-kirche"],"_links":{"self":[{"href":"https:\/\/www.fuldaernachrichten.de\/index.php?rest_route=\/wp\/v2\/posts\/35247","targetHints":{"allow":["GET"]}}],"collection":[{"href":"https:\/\/www.fuldaernachrichten.de\/index.php?rest_route=\/wp\/v2\/posts"}],"about":[{"href":"https:\/\/www.fuldaernachrichten.de\/index.php?rest_route=\/wp\/v2\/types\/post"}],"author":[{"embeddable":true,"href":"https:\/\/www.fuldaernachrichten.de\/index.php?rest_route=\/wp\/v2\/users\/1"}],"replies":[{"embeddable":true,"href":"https:\/\/www.fuldaernachrichten.de\/index.php?rest_route=%2Fwp%2Fv2%2Fcomments&post=35247"}],"version-history":[{"count":3,"href":"https:\/\/www.fuldaernachrichten.de\/index.php?rest_route=\/wp\/v2\/posts\/35247\/revisions"}],"predecessor-version":[{"id":35268,"href":"https:\/\/www.fuldaernachrichten.de\/index.php?rest_route=\/wp\/v2\/posts\/35247\/revisions\/35268"}],"wp:attachment":[{"href":"https:\/\/www.fuldaernachrichten.de\/index.php?rest_route=%2Fwp%2Fv2%2Fmedia&parent=35247"}],"wp:term":[{"taxonomy":"category","embeddable":true,"href":"https:\/\/www.fuldaernachrichten.de\/index.php?rest_route=%2Fwp%2Fv2%2Fcategories&post=35247"},{"taxonomy":"post_tag","embeddable":true,"href":"https:\/\/www.fuldaernachrichten.de\/index.php?rest_route=%2Fwp%2Fv2%2Ftags&post=35247"}],"curies":[{"name":"wp","href":"https:\/\/api.w.org\/{rel}","templated":true}]}}