{"id":35230,"date":"2009-07-28T05:45:39","date_gmt":"2009-07-28T03:45:39","guid":{"rendered":"http:\/\/www.schoene-nachrichten.de\/?p=35230"},"modified":"2009-07-28T06:20:39","modified_gmt":"2009-07-28T04:20:39","slug":"vhs-ferienkochkurs-fuer-kinder","status":"publish","type":"post","link":"https:\/\/www.fuldaernachrichten.de\/?p=35230","title":{"rendered":"vhs-Ferienkochkurs f\u00fcr Kinder"},"content":{"rendered":"<p><strong><a href=\"http:\/\/www.schoene-nachrichten.de\/wp-content\/uploads\/2009\/07\/090723_Kochkurs.jpg\"><img decoding=\"async\" class=\"alignleft size-thumbnail wp-image-35271\" title=\"090723_Kochkurs\" src=\"http:\/\/www.schoene-nachrichten.de\/wp-content\/uploads\/2009\/07\/090723_Kochkurs-265x176.jpg\" alt=\"090723_Kochkurs\" width=\"265\" height=\"176\" srcset=\"https:\/\/www.fuldaernachrichten.de\/wp-content\/uploads\/2009\/07\/090723_Kochkurs-265x176.jpg 265w, https:\/\/www.fuldaernachrichten.de\/wp-content\/uploads\/2009\/07\/090723_Kochkurs-1024x680.jpg 1024w\" sizes=\"(max-width: 265px) 100vw, 265px\" \/><\/a>Fulda.<\/strong> Die Volkshochschule des Landkreises Fulda bietet in den Sommerferien einen Kochkurs f\u00fcr Kinder von acht bis zw\u00f6lf Jahren an. Es werden Wunschgerichte der Kinder, die gesund und lecker sind, gekocht und gebacken und somit der Spa\u00df am Kochen angeregt. Der Kurs findet vom 19. bis 21. August jeweils von 9.00 bis 12.00 Uhr im Georg-Stieler-Haus in Fulda, Gallasiniring 1, statt. Informationen und vorherige Anmeldung bitte bei der vhs des Landkreises, Gallasiniring 30, 36043 Fulda, Tel. 066125199-0, oder unter www.vhs-fulda.de . Foto: Max Colin Heydenreich<\/p>\n","protected":false},"excerpt":{"rendered":"<div class=\"tmnf_excerpt\"><p>Fulda. Die Volkshochschule des Landkreises Fulda bietet in den Sommerferien einen Kochkurs f\u00fcr Kinder von acht bis zw\u00f6lf Jahren an. Es werden Wunschgerichte der Kinder, die gesund und lecker sind, gekocht und gebacken und somit der Spa\u00df am Kochen angeregt. Der Kurs findet vom 19. bis 21. August jeweils von 9.00 bis 12.00 Uhr im &hellip;<\/p>\n<\/div>","protected":false},"author":1,"featured_media":0,"comment_status":"closed","ping_status":"closed","sticky":false,"template":"","format":"standard","meta":{"footnotes":""},"categories":[1,72],"tags":[],"class_list":["post-35230","post","type-post","status-publish","format-standard","hentry","category-startseite","category-jugend"],"_links":{"self":[{"href":"https:\/\/www.fuldaernachrichten.de\/index.php?rest_route=\/wp\/v2\/posts\/35230","targetHints":{"allow":["GET"]}}],"collection":[{"href":"https:\/\/www.fuldaernachrichten.de\/index.php?rest_route=\/wp\/v2\/posts"}],"about":[{"href":"https:\/\/www.fuldaernachrichten.de\/index.php?rest_route=\/wp\/v2\/types\/post"}],"author":[{"embeddable":true,"href":"https:\/\/www.fuldaernachrichten.de\/index.php?rest_route=\/wp\/v2\/users\/1"}],"replies":[{"embeddable":true,"href":"https:\/\/www.fuldaernachrichten.de\/index.php?rest_route=%2Fwp%2Fv2%2Fcomments&post=35230"}],"version-history":[{"count":2,"href":"https:\/\/www.fuldaernachrichten.de\/index.php?rest_route=\/wp\/v2\/posts\/35230\/revisions"}],"predecessor-version":[{"id":35272,"href":"https:\/\/www.fuldaernachrichten.de\/index.php?rest_route=\/wp\/v2\/posts\/35230\/revisions\/35272"}],"wp:attachment":[{"href":"https:\/\/www.fuldaernachrichten.de\/index.php?rest_route=%2Fwp%2Fv2%2Fmedia&parent=35230"}],"wp:term":[{"taxonomy":"category","embeddable":true,"href":"https:\/\/www.fuldaernachrichten.de\/index.php?rest_route=%2Fwp%2Fv2%2Fcategories&post=35230"},{"taxonomy":"post_tag","embeddable":true,"href":"https:\/\/www.fuldaernachrichten.de\/index.php?rest_route=%2Fwp%2Fv2%2Ftags&post=35230"}],"curies":[{"name":"wp","href":"https:\/\/api.w.org\/{rel}","templated":true}]}}