{"id":3514,"date":"2007-06-09T00:47:53","date_gmt":"2007-06-08T22:47:53","guid":{"rendered":"http:\/\/www.schoene-nachrichten.de\/?p=3514"},"modified":"2007-06-09T00:51:04","modified_gmt":"2007-06-08T22:51:04","slug":"jubilaeum-der-schoenstattbewegung-mit-tag-der-geistlichen-gemeinschaften","status":"publish","type":"post","link":"https:\/\/www.fuldaernachrichten.de\/?p=3514","title":{"rendered":"Jubil\u00e4um der Sch\u00f6nstattbewegung mit Tag der Geistlichen Gemeinschaften"},"content":{"rendered":"<p><strong>Sch\u00f6nes aus Dietershausen.<\/strong> Mit einem Fest vom 15. bis 18. Juni begeht die Sch\u00f6nstattbewegung im Bistum Fulda das 50-j\u00e4hrige Jubil\u00e4um der Sch\u00f6nstattkapelle auf der Marienh\u00f6he in Dietershausen. <!--more--><br \/>\nDer Ort ist nicht nur als St\u00e4tte des Gebets und als Wallfahrtsziel bekannt geworden, sondern vor allem auch durch die vielf\u00e4ltige religi\u00f6se Bildungsarbeit f\u00fcr Kinder, Jugendliche, Familien und Erwachsene. Den Auftakt des Jubil\u00e4ums bildet ein Festabend am Freitag, 15. Juni, um 19.30 Uhr, an dem Bischof Heinz Josef Algermissen und zahlreiche Vertreter aus Kirche, Kultur, Politik und Wirtschaft teilnehmen werden.<\/p>\n<p>In das Jubil\u00e4umsfest ist ein \u201eTag der Geistlichen Gemeinschaften und Bewegungen\u201c eingegliedert, der am Samstag, 16. Juni begangen wird. Er beginnt um 9.30 Uhr an der Sch\u00f6nstattkapelle. Um 10.15 Uhr wird Schwester Dr. M. Nurit Stosiek (Sch\u00f6nstatt) einen Vortrag zum Thema \u201eDer Geist macht lebendig!\u201c halten. Im Anschlu\u00df werden sich die Teilnehmerinnen und Teilnehmer in Gespr\u00e4chsgruppen austauschen.<\/p>\n<p>Vor dem Mittagessen wird um 12 Uhr an der Sch\u00f6nstattkapelle der Angelus gebetet. Um 14 Uhr geht es weiter mit Gespr\u00e4chskreisen und Angeboten der Gemeinschaften. Ab 15 Uhr ist Kaffeepause, und es besteht die M\u00f6glichkeit zu Beichte, Eucharistischer Anbetung und Einzelsegnung. Den Abschlu\u00df bildet um 16 Uhr eine Eucharistiefeier vor dem Heiligtum mit Weihbischof Prof. Dr. Karlheinz Diez. F\u00fcr Kinder bis zu 12 Jahren findet parallel ein eigenes Programm der Sch\u00f6nstatt-Familienbewegung statt.<\/p>\n<p>Am Vorabend vor dem Hauptfesttag veranstaltet die Sch\u00f6nstatt-Jugend ab 20.30 Uhr einen Vigilabend mit internationalen G\u00e4sten. Am Sonntag, 17. Juni, hei\u00dft um 10 Uhr das Kinderkomitee beim Heiligtum willkommen. Um 10.30 Uhr beginnt eine Jubil\u00e4umspr\u00e4sentation \u201e50 Jahre Sch\u00f6nstatt-Heiligtum im Bistum Fulda \u2013 echt gut!\u201c in der Aula des Provinzhauses. Der eigentliche Festbetrieb rund ums Heiligtum ist ab 11.30 Uhr vorgesehen.<\/p>\n<p>Die Angebote umfassen Gebetszeiten ebenso wie Gespr\u00e4chskreise, Pr\u00e4sentationen und Kreatives, so z. B. eine Info-Meile, \u201eWir zwei \u2013 ein Ehe-Team\u201c, Sch\u00f6nstatt-P\u00e4dagogik, Neue Geistliche Lieder, T\u00e4nze aus S\u00fcdamerika und vieles mehr. Ab 13.15 Uhr k\u00f6nnen Jugendliche in der Aula mit Bischof Algermissen ins Gespr\u00e4ch kommen, der danach um 14.30 Uhr dem gro\u00dfen Festgottesdienst vorstehen wird. Das Fest geht dann bei Kaffee und Kuchen mit musikalischer Begleitung weiter. Am letzten Tag des Jubil\u00e4ums, Montag, 18. Juni, findet um 17.30 Uhr eine B\u00fcndnisfeier mit anschlie\u00dfendem Klosterbierabend statt. (bpf)<br \/>\n\u00c2\u00a0<\/p>\n","protected":false},"excerpt":{"rendered":"<div class=\"tmnf_excerpt\"><p>Sch\u00f6nes aus Dietershausen. Mit einem Fest vom 15. bis 18. Juni begeht die Sch\u00f6nstattbewegung im Bistum Fulda das 50-j\u00e4hrige Jubil\u00e4um der Sch\u00f6nstattkapelle auf der Marienh\u00f6he in Dietershausen.<\/p>\n<\/div>","protected":false},"author":1,"featured_media":0,"comment_status":"closed","ping_status":"closed","sticky":false,"template":"","format":"standard","meta":{"footnotes":""},"categories":[1,50],"tags":[],"class_list":["post-3514","post","type-post","status-publish","format-standard","hentry","category-startseite","category-kirche"],"_links":{"self":[{"href":"https:\/\/www.fuldaernachrichten.de\/index.php?rest_route=\/wp\/v2\/posts\/3514","targetHints":{"allow":["GET"]}}],"collection":[{"href":"https:\/\/www.fuldaernachrichten.de\/index.php?rest_route=\/wp\/v2\/posts"}],"about":[{"href":"https:\/\/www.fuldaernachrichten.de\/index.php?rest_route=\/wp\/v2\/types\/post"}],"author":[{"embeddable":true,"href":"https:\/\/www.fuldaernachrichten.de\/index.php?rest_route=\/wp\/v2\/users\/1"}],"replies":[{"embeddable":true,"href":"https:\/\/www.fuldaernachrichten.de\/index.php?rest_route=%2Fwp%2Fv2%2Fcomments&post=3514"}],"version-history":[{"count":0,"href":"https:\/\/www.fuldaernachrichten.de\/index.php?rest_route=\/wp\/v2\/posts\/3514\/revisions"}],"wp:attachment":[{"href":"https:\/\/www.fuldaernachrichten.de\/index.php?rest_route=%2Fwp%2Fv2%2Fmedia&parent=3514"}],"wp:term":[{"taxonomy":"category","embeddable":true,"href":"https:\/\/www.fuldaernachrichten.de\/index.php?rest_route=%2Fwp%2Fv2%2Fcategories&post=3514"},{"taxonomy":"post_tag","embeddable":true,"href":"https:\/\/www.fuldaernachrichten.de\/index.php?rest_route=%2Fwp%2Fv2%2Ftags&post=3514"}],"curies":[{"name":"wp","href":"https:\/\/api.w.org\/{rel}","templated":true}]}}