{"id":35135,"date":"2009-07-25T08:00:10","date_gmt":"2009-07-25T06:00:10","guid":{"rendered":"http:\/\/www.schoene-nachrichten.de\/?p=35135"},"modified":"2009-07-25T09:25:52","modified_gmt":"2009-07-25T07:25:52","slug":"zeltlager-der-fuldaer-jugendfeuerwehr-war-toller-erfolg","status":"publish","type":"post","link":"https:\/\/www.fuldaernachrichten.de\/?p=35135","title":{"rendered":"Zeltlager der Fuldaer Jugendfeuerwehr war toller Erfolg"},"content":{"rendered":"<p><a href=\"..\/wp-content\/uploads\/2009\/07\/Zeltlager_3.jpg\"><img decoding=\"async\" title=\"Magistratspressestelle\" src=\"..\/wp-content\/uploads\/2009\/07\/Zeltlager_3.jpg\" alt=\"Magistratspressestelle\" width=\"560\" \/><\/a><\/p>\n<p><strong>Fulda. (hm) <\/strong>Fit for Fire \u2013Fighting. Unter diesem Motto stand das diesj\u00e4hrige Zeltlager der Jugendfeuerwehren der Stadt Fulda. Nach Wochen der Vorfreude hie\u00df es Mitte Juli als ersten Event in den Sommerferien endlich \u201eAuf zum Zeltlager\u201c. Mal ganz anders war die Anreise: Es wurde mit dem Fahrrad zum Zeltplatz nach Hilders gefahren. B\u00fcrgermeister und Jugenddezernet Dr. Wolfgang Dippel entsendete zusammen mit Stadtjugendfeuerwehrwart Marco Taschner und dem Vertreter der ehrenamtlichen Kr\u00e4fte der Feuerwehr Fulda Werner Greve die etwa 100 Kinder und Jugendlichen auf dem Milseburgradweg in ein spannendes und interessantes Zeltlager, welches vor allem die Gemeinschaft der Gruppe f\u00f6rdern sollte.<\/p>\n<p><a href=\"http:\/\/www.schoene-nachrichten.de\/wp-content\/uploads\/2009\/07\/Zeltlager_1.jpg\"><img decoding=\"async\" class=\"alignnone size-thumbnail wp-image-35136\" title=\"Magistratspressestelle\" src=\"http:\/\/www.schoene-nachrichten.de\/wp-content\/uploads\/2009\/07\/Zeltlager_1-265x176.jpg\" alt=\"Magistratspressestelle\" width=\"265\" height=\"176\" srcset=\"https:\/\/www.fuldaernachrichten.de\/wp-content\/uploads\/2009\/07\/Zeltlager_1-265x176.jpg 265w, https:\/\/www.fuldaernachrichten.de\/wp-content\/uploads\/2009\/07\/Zeltlager_1.jpg 902w\" sizes=\"(max-width: 265px) 100vw, 265px\" \/><\/a> <a href=\"http:\/\/www.schoene-nachrichten.de\/wp-content\/uploads\/2009\/07\/Zeltlager_2.jpg\"><img decoding=\"async\" class=\"alignnone size-thumbnail wp-image-35137\" title=\"Magistratspressestelle\" src=\"http:\/\/www.schoene-nachrichten.de\/wp-content\/uploads\/2009\/07\/Zeltlager_2-265x176.jpg\" alt=\"Magistratspressestelle\" width=\"265\" height=\"176\" srcset=\"https:\/\/www.fuldaernachrichten.de\/wp-content\/uploads\/2009\/07\/Zeltlager_2-265x176.jpg 265w, https:\/\/www.fuldaernachrichten.de\/wp-content\/uploads\/2009\/07\/Zeltlager_2.jpg 902w\" sizes=\"(max-width: 265px) 100vw, 265px\" \/><\/a><!--more--><br \/>\n<strong><br \/>\nSport und Fitness standen neben dem Erlebnis im Vordergrund<\/strong><\/p>\n<p>Die Anreise mit dem Fahrrad war allerdings nicht die einigste sportliche Herausforderung. Es folgten der all morgendlichen Fr\u00fchsport, eine Nachtwanderung auf die Auersburg, welche mit einem atemberaubenden Ausblick in die Rh\u00f6n, den schweren Fu\u00dfweg entsch\u00e4digt. Eine Tageswanderung f\u00fchrte entlang der ehemaligen innerdeutschen Grenze. Neben all diesen Aktivit\u00e4ten kamen Lagerwettk\u00e4mpfe nicht zu kurz. Neben Geschicklichkeit, Wissen und Sportlichkeit, kam es hierbei vor allem auf Teamgeist und Zusammenhalt an. Kein Spiel war als Einzelg\u00e4nger zu meistern. Stets galt es in der Gruppe stark aufzutreten. Insgesamt k\u00e4mpften die Jugendlichen in acht Spielen um den begehrten Wanderpokal des Zeltlagers, welcher alle zwei Jahre das Feuerwehrhaus wechselt.<\/p>\n<p><strong>Entspannung und Cocktails zum Abschluss<\/strong><\/p>\n<p>Nach all diesen k\u00f6rperlichen Aktivit\u00e4ten sollte die Entspannung zum Ferienstart nat\u00fcrlich nicht zu kurz kommen. Bei einem gem\u00fctlichen Kinoabend konnten alle relaxen. Am Wochenende mussten die Partyhungrigen selbstverst\u00e4ndlich nicht auf Musik und Disco-Feeling verzichten. Zu einer richtigen Party geh\u00f6ren neben guter Musik von DJ_Casimir nat\u00fcrlich auch leckere Cocktails. Dazu versorgten die Barceeper des Saftwerkes die Jugendlichen mit alkoholfreien Cocktails.<\/p>\n<p><a href=\"http:\/\/www.schoene-nachrichten.de\/wp-content\/uploads\/2009\/07\/Zeltlager_4.jpg\"><img decoding=\"async\" class=\"alignnone size-thumbnail wp-image-35139\" title=\"Magistratspressestelle\" src=\"http:\/\/www.schoene-nachrichten.de\/wp-content\/uploads\/2009\/07\/Zeltlager_4-265x176.jpg\" alt=\"Magistratspressestelle\" hspace=\"5\" width=\"265\" height=\"176\" align=\"left\" srcset=\"https:\/\/www.fuldaernachrichten.de\/wp-content\/uploads\/2009\/07\/Zeltlager_4-265x176.jpg 265w, https:\/\/www.fuldaernachrichten.de\/wp-content\/uploads\/2009\/07\/Zeltlager_4.jpg 902w\" sizes=\"(max-width: 265px) 100vw, 265px\" \/><\/a><\/p>\n<p>Ziel der Lagerdisco war es, den Kindern und Jugendlichen zu vermitteln, auch ohne Alkohol Spa\u00df auf Partys zu haben. Am letzten Tag platze der Zeltplatz f\u00f6rmlich aus allen N\u00e4hten. Stadtverordnetenvorsteherin Margarethe Hartmann, Stadtrat Wolfgang Arnold, der Leiter der Feuerwehr Thomas Hinz sowie zahlreiche Wehrf\u00fchrer und Besucher kamen zum feierlichen Abschluss des Zeltlagers und Siegerehrung. Die Vertreter der Politik sprachen allen Kindern ein Dank f\u00fcr die Teilnahme am Zeltlager, aber auch f\u00fcr ihr Engagement in der Jugendfeuerwehr aus. Ebenfalls bedankten sich die politischen Gremien bei der Teamleitung welche sich bereits seit Monaten mit der Durchf\u00fchrung des Zeltlagers besch\u00e4ftigt hat, und jetzt schon wieder in den Planungen f\u00fcr 2011 steckt.<\/p>\n<p><a href=\"http:\/\/www.schoene-nachrichten.de\/wp-content\/uploads\/2009\/07\/Zeltlager_5.jpg\"><img loading=\"lazy\" decoding=\"async\" class=\"alignnone size-thumbnail wp-image-35140\" title=\"Magistratspressestelle\" src=\"http:\/\/www.schoene-nachrichten.de\/wp-content\/uploads\/2009\/07\/Zeltlager_5-265x176.jpg\" alt=\"Magistratspressestelle\" width=\"265\" height=\"176\" srcset=\"https:\/\/www.fuldaernachrichten.de\/wp-content\/uploads\/2009\/07\/Zeltlager_5-265x176.jpg 265w, https:\/\/www.fuldaernachrichten.de\/wp-content\/uploads\/2009\/07\/Zeltlager_5.jpg 902w\" sizes=\"(max-width: 265px) 100vw, 265px\" \/><\/a> <a href=\"http:\/\/www.schoene-nachrichten.de\/wp-content\/uploads\/2009\/07\/Zeltlager_6.jpg\"><img loading=\"lazy\" decoding=\"async\" class=\"alignnone size-thumbnail wp-image-35141\" title=\"Magistratspressestelle\" src=\"http:\/\/www.schoene-nachrichten.de\/wp-content\/uploads\/2009\/07\/Zeltlager_6-265x176.jpg\" alt=\"Magistratspressestelle\" width=\"265\" height=\"176\" srcset=\"https:\/\/www.fuldaernachrichten.de\/wp-content\/uploads\/2009\/07\/Zeltlager_6-265x176.jpg 265w, https:\/\/www.fuldaernachrichten.de\/wp-content\/uploads\/2009\/07\/Zeltlager_6.jpg 902w\" sizes=\"(max-width: 265px) 100vw, 265px\" \/><\/a><\/p>\n<p>Bei den Lagerspielen konnte die Jugendfeuerwehr Edelzell den Wanderpokal als Sieger ergattern, gefolgt von K\u00e4mmerzell als Vizemeister und Haimbach\/Rodges als Dritter Sieger.<\/p>\n<p>\u201eInsgesamt ein tolles Zeltlager, womit auch ein Dankesch\u00f6n an die jungen ehrenamtlichen Feuerwehrm\u00e4nner und Frauen f\u00fcr ihre Dienstbereitschaft verbunden ist\u201c, so abschlie\u00dfend Dr. Dippel.<\/p>\n","protected":false},"excerpt":{"rendered":"<div class=\"tmnf_excerpt\"><p>Fulda. (hm) Fit for Fire \u2013Fighting. Unter diesem Motto stand das diesj\u00e4hrige Zeltlager der Jugendfeuerwehren der Stadt Fulda. Nach Wochen der Vorfreude hie\u00df es Mitte Juli als ersten Event in den Sommerferien endlich \u201eAuf zum Zeltlager\u201c. Mal ganz anders war die Anreise: Es wurde mit dem Fahrrad zum Zeltplatz nach Hilders gefahren. B\u00fcrgermeister und Jugenddezernet &hellip;<\/p>\n<\/div>","protected":false},"author":1,"featured_media":0,"comment_status":"closed","ping_status":"closed","sticky":false,"template":"","format":"standard","meta":{"footnotes":""},"categories":[1,71,72,29,46,78],"tags":[],"class_list":["post-35135","post","type-post","status-publish","format-standard","hentry","category-startseite","category-feuerwehr","category-jugend","category-politik","category-sport","category-topthema"],"_links":{"self":[{"href":"https:\/\/www.fuldaernachrichten.de\/index.php?rest_route=\/wp\/v2\/posts\/35135","targetHints":{"allow":["GET"]}}],"collection":[{"href":"https:\/\/www.fuldaernachrichten.de\/index.php?rest_route=\/wp\/v2\/posts"}],"about":[{"href":"https:\/\/www.fuldaernachrichten.de\/index.php?rest_route=\/wp\/v2\/types\/post"}],"author":[{"embeddable":true,"href":"https:\/\/www.fuldaernachrichten.de\/index.php?rest_route=\/wp\/v2\/users\/1"}],"replies":[{"embeddable":true,"href":"https:\/\/www.fuldaernachrichten.de\/index.php?rest_route=%2Fwp%2Fv2%2Fcomments&post=35135"}],"version-history":[{"count":3,"href":"https:\/\/www.fuldaernachrichten.de\/index.php?rest_route=\/wp\/v2\/posts\/35135\/revisions"}],"predecessor-version":[{"id":35181,"href":"https:\/\/www.fuldaernachrichten.de\/index.php?rest_route=\/wp\/v2\/posts\/35135\/revisions\/35181"}],"wp:attachment":[{"href":"https:\/\/www.fuldaernachrichten.de\/index.php?rest_route=%2Fwp%2Fv2%2Fmedia&parent=35135"}],"wp:term":[{"taxonomy":"category","embeddable":true,"href":"https:\/\/www.fuldaernachrichten.de\/index.php?rest_route=%2Fwp%2Fv2%2Fcategories&post=35135"},{"taxonomy":"post_tag","embeddable":true,"href":"https:\/\/www.fuldaernachrichten.de\/index.php?rest_route=%2Fwp%2Fv2%2Ftags&post=35135"}],"curies":[{"name":"wp","href":"https:\/\/api.w.org\/{rel}","templated":true}]}}