{"id":3513,"date":"2007-06-08T00:50:27","date_gmt":"2007-06-07T22:50:27","guid":{"rendered":"http:\/\/www.schoene-nachrichten.de\/?p=3513"},"modified":"2007-06-08T00:51:35","modified_gmt":"2007-06-07T22:51:35","slug":"veranstaltungen-der-agentur-fuer-arbeit-im-juni","status":"publish","type":"post","link":"https:\/\/www.fuldaernachrichten.de\/?p=3513","title":{"rendered":"Veranstaltungen der Agentur f\u00fcr Arbeit im Juni"},"content":{"rendered":"<p><strong>Termine.<\/strong> Die Agentur f\u00fcr Arbeit Fulda f\u00fchrt im Berufsinformationszentrum (BIZ), Eingang Gambettagasse, auch im Monat Juni wieder eine Reihe von Veranstaltungen durch. Zus\u00e4tzlich findet in der Gesch\u00e4ftsstelle der Agentur f\u00fcr Arbeit H\u00fcnfeld ein Sprechtag der Bundeswehr statt.<!--more--><\/p>\n<p><strong>Sprechstunde der Bundeswehr<\/strong><\/p>\n<p>Wer\u00c2\u00a0n\u00e4heres zu den Berufsm\u00f6glichkeiten in der Bundeswehr erfahren und ein ausf\u00fchrliches Beratungsgespr\u00e4ch mit dem Wehrdienstberater f\u00fchren m\u00f6chte, der kann am Montag, dem 18. Juni 2007, zwischen 10.00 und 15.00 Uhr zur Sprechstunde ins Berufsinformationszentrum der Agentur f\u00fcr Arbeit Fulda kommen. Eine Anmeldung ist nicht erforderlich. Auch in der Gesch\u00e4ftsstelle der Agentur f\u00fcr Arbeit H\u00fcnfeld findet am 14. Juni 2007 zwischen 13.00 und 15.30 Uhr eine Wehrdienstberatung statt. Sie finden den Wehrdienstberater auf Zimmer 32 im Obergeschoss.<\/p>\n<p><strong>Existenzgr\u00fcndung \u2013 auch in Teilzeitform m\u00f6glich?<\/strong><\/p>\n<p>Am Dienstag, dem 19.06.2007, findet von 9.30 bis 11.30 Uhr im Gruppenraum des Berufsinformationszentrums ein Vortrag zum Thema &#8220;Existenzgr\u00fcndung in Teilzeit&#8221; statt. Referent ist Herr Achim Weber, Betriebsberater.<\/p>\n<p>Der Vortrag richtet sich an Personen, die grunds\u00e4tzlich Interesse an einer Existenzgr\u00fcndung haben, aber zeitlich aufgrund von Kinderbetreuung, Pflege von sonstigen Familienangeh\u00f6rigen oder aus anderen Gr\u00fcnden zeitlich gebunden sind. Es wird ein praxisnaher Einblick mit praktischen Beispielen der relevanten Themen \u00fcber die Selbst\u00e4ndigkeit in Teilzeitform dargelegt. Es werden die Schwellenwerte der Sozialversicherung und des Finanzamtes aufgezeigt, die eine Familienversicherung noch erm\u00f6glichen und einen geringen Verwaltungsaufwand beinhalten, so dass die Energie in die Gr\u00fcndung gesteckt werden kann. Anmeldung unter: 01801 \u2013 555 111.<\/p>\n<p><strong>Existenzgr\u00fcndung \u2013 Der richtige Weg mit dem Gr\u00fcndungskonzept<\/strong><\/p>\n<p>Die gute Idee und das passende Konzept allein reichen f\u00fcr eine erfolgreiche Existenzgr\u00fcndung nicht aus. Neben den pers\u00f6nlichen m\u00fcssen die fachlichen Voraussetzungen stimmen. Dazu geh\u00f6ren nicht nur sehr gute Branchenkenntnisse und einschl\u00e4giges Fachwissen, sondern auch kaufm\u00e4nnische und unternehmerische Kenntnissen. Das Seminar informiert Sie \u00fcber gesetzliche Rahmenbedingungen, Marketing, Eignung des Konzeptes, Rentabilit\u00e4t, Probleme der Gr\u00fcnderphase, Rechtsformen, etc. Das Seminar findet am Donnerstag, dem 28. Juni 2007, von 15.30 bis 17.30 Uhr im Gruppenraum des Berufsinformationszentrums der Agentur f\u00fcr Arbeit Fulda statt. Referieren wird Herr Achim Weber, Betriebsberater.<br \/>\n\u00c2\u00a0<\/p>\n","protected":false},"excerpt":{"rendered":"<div class=\"tmnf_excerpt\"><p>Termine. Die Agentur f\u00fcr Arbeit Fulda f\u00fchrt im Berufsinformationszentrum (BIZ), Eingang Gambettagasse, auch im Monat Juni wieder eine Reihe von Veranstaltungen durch. Zus\u00e4tzlich findet in der Gesch\u00e4ftsstelle der Agentur f\u00fcr Arbeit H\u00fcnfeld ein Sprechtag der Bundeswehr statt.<\/p>\n<\/div>","protected":false},"author":1,"featured_media":0,"comment_status":"closed","ping_status":"closed","sticky":false,"template":"","format":"standard","meta":{"footnotes":""},"categories":[1,53],"tags":[],"class_list":["post-3513","post","type-post","status-publish","format-standard","hentry","category-startseite","category-bildung"],"_links":{"self":[{"href":"https:\/\/www.fuldaernachrichten.de\/index.php?rest_route=\/wp\/v2\/posts\/3513","targetHints":{"allow":["GET"]}}],"collection":[{"href":"https:\/\/www.fuldaernachrichten.de\/index.php?rest_route=\/wp\/v2\/posts"}],"about":[{"href":"https:\/\/www.fuldaernachrichten.de\/index.php?rest_route=\/wp\/v2\/types\/post"}],"author":[{"embeddable":true,"href":"https:\/\/www.fuldaernachrichten.de\/index.php?rest_route=\/wp\/v2\/users\/1"}],"replies":[{"embeddable":true,"href":"https:\/\/www.fuldaernachrichten.de\/index.php?rest_route=%2Fwp%2Fv2%2Fcomments&post=3513"}],"version-history":[{"count":0,"href":"https:\/\/www.fuldaernachrichten.de\/index.php?rest_route=\/wp\/v2\/posts\/3513\/revisions"}],"wp:attachment":[{"href":"https:\/\/www.fuldaernachrichten.de\/index.php?rest_route=%2Fwp%2Fv2%2Fmedia&parent=3513"}],"wp:term":[{"taxonomy":"category","embeddable":true,"href":"https:\/\/www.fuldaernachrichten.de\/index.php?rest_route=%2Fwp%2Fv2%2Fcategories&post=3513"},{"taxonomy":"post_tag","embeddable":true,"href":"https:\/\/www.fuldaernachrichten.de\/index.php?rest_route=%2Fwp%2Fv2%2Ftags&post=3513"}],"curies":[{"name":"wp","href":"https:\/\/api.w.org\/{rel}","templated":true}]}}