{"id":3510,"date":"2007-06-07T00:07:00","date_gmt":"2007-06-06T22:07:00","guid":{"rendered":"http:\/\/www.schoene-nachrichten.de\/?p=3510"},"modified":"2007-06-10T23:32:04","modified_gmt":"2007-06-10T21:32:04","slug":"stadtfeuerwehrtag-mit-germanenolympiade","status":"publish","type":"post","link":"https:\/\/www.fuldaernachrichten.de\/?p=3510","title":{"rendered":"Stadtfeuerwehrtag mit \u201eGermanenolympiade\u201c"},"content":{"rendered":"<p><strong>Sch\u00f6nes aus H\u00fcnfeld.<\/strong> Der diesj\u00e4hrige Stadtfeuerwehrtag der Stadt H\u00fcnfeld wird durch die freiwillige Feuerwehr Mackenzell ausgerichtet. Im Mittelpunkt stehen neben geselligen Treffen und den Wettk\u00e4mpfen um den Stadtfeuerwehr-pokal und den Stadtjugendpokal eine \u201eGermanenolympiade\u201c mit rustikalem Essen am Samstag, 9. Juni.<!--more--><\/p>\n<p>Das Programm beginnt am Freitag, 8. Juni, ab 16 Uhr mit einem Kameradschaftstreffen der Alters- und Ehrenabteilung der Feuerwehren der Stadt H\u00fcnfeld. Samstag finden ab 14 Uhr die Wettk\u00e4mpfe um den Stadtfeuerwehrpokal statt. Abends ab 19 Uhr l\u00e4dt die Freiwillige Feuerwehr Mackenzell zu der ersten Germanenolympiade mit rustikalem Essen und uriger Unterhaltung ein.<\/p>\n<p>Das Programm des Sonntags beginnt ab 11 Uhr mit dem Fr\u00fchschoppen. Ab 12 Uhr starten die Wettk\u00e4mpfe der Jugendfeuerwehren und nachmittags gibt es Kaffee und Kuchen sowie feuerwehrtechnische Vorf\u00fchrungen. Die Siegerehrungen f\u00fcr beide Wettk\u00e4mpfe finden um 17 Uhr statt.<\/p>\n","protected":false},"excerpt":{"rendered":"<div class=\"tmnf_excerpt\"><p>Sch\u00f6nes aus H\u00fcnfeld. Der diesj\u00e4hrige Stadtfeuerwehrtag der Stadt H\u00fcnfeld wird durch die freiwillige Feuerwehr Mackenzell ausgerichtet. Im Mittelpunkt stehen neben geselligen Treffen und den Wettk\u00e4mpfen um den Stadtfeuerwehr-pokal und den Stadtjugendpokal eine \u201eGermanenolympiade\u201c mit rustikalem Essen am Samstag, 9. Juni.<\/p>\n<\/div>","protected":false},"author":1,"featured_media":0,"comment_status":"closed","ping_status":"closed","sticky":false,"template":"","format":"standard","meta":{"footnotes":""},"categories":[1,71,44],"tags":[],"class_list":["post-3510","post","type-post","status-publish","format-standard","hentry","category-startseite","category-feuerwehr","category-kultur"],"_links":{"self":[{"href":"https:\/\/www.fuldaernachrichten.de\/index.php?rest_route=\/wp\/v2\/posts\/3510","targetHints":{"allow":["GET"]}}],"collection":[{"href":"https:\/\/www.fuldaernachrichten.de\/index.php?rest_route=\/wp\/v2\/posts"}],"about":[{"href":"https:\/\/www.fuldaernachrichten.de\/index.php?rest_route=\/wp\/v2\/types\/post"}],"author":[{"embeddable":true,"href":"https:\/\/www.fuldaernachrichten.de\/index.php?rest_route=\/wp\/v2\/users\/1"}],"replies":[{"embeddable":true,"href":"https:\/\/www.fuldaernachrichten.de\/index.php?rest_route=%2Fwp%2Fv2%2Fcomments&post=3510"}],"version-history":[{"count":0,"href":"https:\/\/www.fuldaernachrichten.de\/index.php?rest_route=\/wp\/v2\/posts\/3510\/revisions"}],"wp:attachment":[{"href":"https:\/\/www.fuldaernachrichten.de\/index.php?rest_route=%2Fwp%2Fv2%2Fmedia&parent=3510"}],"wp:term":[{"taxonomy":"category","embeddable":true,"href":"https:\/\/www.fuldaernachrichten.de\/index.php?rest_route=%2Fwp%2Fv2%2Fcategories&post=3510"},{"taxonomy":"post_tag","embeddable":true,"href":"https:\/\/www.fuldaernachrichten.de\/index.php?rest_route=%2Fwp%2Fv2%2Ftags&post=3510"}],"curies":[{"name":"wp","href":"https:\/\/api.w.org\/{rel}","templated":true}]}}