{"id":35061,"date":"2009-07-24T06:30:49","date_gmt":"2009-07-24T04:30:49","guid":{"rendered":"http:\/\/www.schoene-nachrichten.de\/?p=35061"},"modified":"2009-07-24T10:45:21","modified_gmt":"2009-07-24T08:45:21","slug":"3x-aktiv-auf-zum-tegut-drei-laender-lauf-am-sonntag-9-august-2009","status":"publish","type":"post","link":"https:\/\/www.fuldaernachrichten.de\/?p=35061","title":{"rendered":"3x aktiv &#8211; Auf zum tegut&#8230; Drei-L\u00e4nder-Lauf am Sonntag, 9. August 2009"},"content":{"rendered":"<p><a href=\"..\/wp-content\/uploads\/2009\/07\/Dreilnderlauf__1171.jpg\"><img decoding=\"async\" title=\"tegut... Marktorientierung \/ Eventmarketing \" src=\"..\/wp-content\/uploads\/2009\/07\/Dreilnderlauf__1171.jpg\" alt=\"tegut... Marktorientierung \/ Eventmarketing \" width=\"560\" \/><\/a><\/p>\n<p><strong>Fulda\/Rh\u00f6n. <\/strong>Im Rahmen der Laufserie \u201e3 x aktiv\u201c bieten die drei Unternehmen F\u00f6rstina-Sprudel, tegut&#8230; gute Lebensmittel und Mack-Mountain-Sport auch im Sommer 2009 ihre in den letzten Jahren \u00e4u\u00dferst erfolgreiche Kooperation f\u00fcr alle Sport- und Bewegungsinteressierten an. Die Laufserie begann am 21. Juni 2009 mit dem nordic-plus.de Rh\u00f6nlauf in Poppenhausen.<\/p>\n<p><!--more--><\/p>\n<p><strong>Am 9. August 2009 geht es weiter mit dem tegut&#8230; Drei-L\u00e4nder-Lauf, der in der einzigartigen Kulturlandschaft der Hochrh\u00f6n stattfindet.<\/strong><\/p>\n<p><a href=\"..\/wp-content\/uploads\/2009\/07\/3LL_Titelbild.jpg\"><img fetchpriority=\"high\" decoding=\"async\" title=\"tegut... Marktorientierung \/ Eventmarketing \" src=\"..\/wp-content\/uploads\/2009\/07\/3LL_Titelbild-265x263.jpg\" alt=\"tegut... Marktorientierung \/ Eventmarketing \" hspace=\"5\" width=\"265\" height=\"263\" align=\"left\" \/><\/a>Die Wanderer, Jogger und Walker\/Nordic Walker d\u00fcrfen sich auf drei tolle Strecken freuen: Die neue Panorama-Strecke \u00fcber 11 km mit 250 H\u00f6-henmetern ist vor allem auf Grund des tollen Ausblicks auf Hessen, Th\u00fcringen und Bayern besonders reizvoll. Hinzu kommen eine weitere Strecke \u00fcber 7 km mit 330 H\u00f6henmetern sowie, f\u00fcr alle gut trainierten L\u00e4ufer mit Leistungsanspruch, eine Wertungsstrecke \u00fcber 11,6 km mit 430 H\u00f6henmetern. Selbstverst\u00e4ndlich kommen auch die Mountainbiker nicht zu kurz. Zur Auswahl stehen zwei anspruchsvolle Strecken: eine neue Cross-Strecke \u00fcber 24 km mit ca. 500 H\u00f6henmetern und eine Strecke \u00fcber 37 km mit ca. 1000 H\u00f6henmetern. Alle Teilnehmer werden an den Strecken mit leckerem Bio-Obst und erfrischenden Getr\u00e4nken von F\u00f6rstina-Sprudel bestens versorgt.<\/p>\n<p><strong>Start<\/strong><\/p>\n<p><strong><a href=\"http:\/\/www.schoene-nachrichten.de\/wp-content\/uploads\/2009\/07\/Dreilnderlauf__059.jpg\"><img decoding=\"async\" class=\"alignnone size-thumbnail wp-image-35064\" title=\"tegut... Marktorientierung \/ Eventmarketing \" src=\"http:\/\/www.schoene-nachrichten.de\/wp-content\/uploads\/2009\/07\/Dreilnderlauf__059-265x114.jpg\" alt=\"tegut... Marktorientierung \/ Eventmarketing \" hspace=\"5\" width=\"265\" height=\"114\" align=\"left\" srcset=\"https:\/\/www.fuldaernachrichten.de\/wp-content\/uploads\/2009\/07\/Dreilnderlauf__059-265x114.jpg 265w, https:\/\/www.fuldaernachrichten.de\/wp-content\/uploads\/2009\/07\/Dreilnderlauf__059-1024x442.jpg 1024w, https:\/\/www.fuldaernachrichten.de\/wp-content\/uploads\/2009\/07\/Dreilnderlauf__059.jpg 1389w\" sizes=\"(max-width: 265px) 100vw, 265px\" \/><\/a><\/strong>Gestartet wird im unterfr\u00e4nkischen Hausen (bei Fladungen) zwischen 8 und 11 Uhr. Der Startschuss f\u00fcr den Wertungslauf mit Zeitmessung f\u00e4llt um 9 Uhr. Hier-f\u00fcr ist eine Anmeldung im Internet unter <a href=\"http:\/\/www.tegut.com\" target=\"_blank\">www.tegut.com<\/a> n\u00f6tig. Alle Teilnehmer, die ohne Zeitmessung starten, kommen am Veranstaltungstag einfach vorbei. Um den Teilnehmern den Tag so angenehm wie m\u00f6glich zu gestalten, wird das Gep\u00e4ck zum Ziel transportiert und Shuttlebusse fahren regelm\u00e4\u00dfig zur\u00fcck zum Startort Hausen.<\/p>\n<p><strong>Rahmenprogramm<\/strong><\/p>\n<p><strong><a href=\"http:\/\/www.schoene-nachrichten.de\/wp-content\/uploads\/2009\/07\/Dreilderlauf__732.jpg\"><img decoding=\"async\" class=\"alignnone size-thumbnail wp-image-35065\" title=\"tegut... Marktorientierung \/ Eventmarketing \" src=\"http:\/\/www.schoene-nachrichten.de\/wp-content\/uploads\/2009\/07\/Dreilderlauf__732-265x493.jpg\" alt=\"tegut... Marktorientierung \/ Eventmarketing \" hspace=\"5\" width=\"265\" height=\"493\" align=\"left\" srcset=\"https:\/\/www.fuldaernachrichten.de\/wp-content\/uploads\/2009\/07\/Dreilderlauf__732-265x493.jpg 265w, https:\/\/www.fuldaernachrichten.de\/wp-content\/uploads\/2009\/07\/Dreilderlauf__732.jpg 322w\" sizes=\"(max-width: 265px) 100vw, 265px\" \/><\/a><\/strong>Am Ziel, dem Dreil\u00e4ndereck am Schwarzen Moor, werden die Teilnehmer mit einem umfangreichen Rahmenprogramm und Live-Musik belohnt. F\u00fcr das leibliche Wohl sorgt tegut\u00e2\u20ac\u00a6 bankett mit Spezialit\u00e4ten der drei Bundesl\u00e4nder Hessen, Th\u00fcringen und Bayern. Wer dem Muskelkater vorbeugen m\u00f6chte, hat die M\u00f6glichkeit sich professionell massieren zu lassen und alle Wissenshungrigen kommen im Messezelt mit Themen rund um \u201etegut\u00e2\u20ac\u00a6 Salutogenese\u201c, z. B. einer Ern\u00e4hrungsberatung, voll auf ihre Kosten. Im gro\u00dfen Festzelt finden um 11:30 Uhr die Siegerehrung des Wertungslaufs und um 14:30 eine gro\u00dfe Verlosung statt. Neu sind in diesem Jahr interessante und lehrreiche F\u00fchrungen, die vom Rh\u00f6nklub organisiert werden: ein historischer Grenz-Spaziergang und eine Moor-Expedition f\u00fcr Kinder.<\/p>\n<p><strong>Kinderaktionen<\/strong><\/p>\n<p>Die Kinder d\u00fcrfen sich dieses Jahr nicht nur auf den Bambini-Lauf, sondern auch auf ein gro\u00dfes Kinderzelt freuen. Start des Bambini-Laufs f\u00fcr Kinder unter 8 Jahre ist um 13 Uhr direkt am Dreil\u00e4ndereck (Anmeldung bis 12:45 Uhr im Kinderzelt). Auf der flachen Strecke von ca. 500 Metern sind alle Kinder Gewinner. Jeder bekommt eine Medaille und eine Urkunde. Die Teilnahme ist kostenlos. Im Kinderzelt erwarten die Kleinen viele tolle Aktionen und Spiele, z. B. ein Erlebnisparcours und die tegut\u00e2\u20ac\u00a6 H\u00fcpfburg.<\/p>\n<p><strong>Sie sind beim Drei-L\u00e4nder-Lauf dabei?<\/strong><\/p>\n<p>Teilen Sie uns Ihre Motivationsgr\u00fcnde und Gedanken mit. Wir freuen uns auf Ihren Beitrag unter <a href=\"http:\/\/www.tegut.com\" target=\"_blank\">www.tegut.com<\/a>. Hier erhalten Sie auch viele weitere Informationen zum Programmablauf, zur Organisation, die Strecken- und H\u00f6henprofile sowie alle Infos zur Laufserie \u201e3x aktiv\u201c.<\/p>\n<p>Schon mal vormerken: Die dritte Veranstaltung der Laufserie \u201e3 x aktiv\u201c startet am Samstag, 19. September 2009 in Margretenhaun, Petersberg.<\/p>\n<p>Seien Sie \u201e3 x aktiv\u201c und nutzen Sie den Bonus, tolle Pr\u00e4sente im Gesamtwert von \u00fcber 15,- Euro zu erhalten.<\/p>\n","protected":false},"excerpt":{"rendered":"<div class=\"tmnf_excerpt\"><p>Fulda\/Rh\u00f6n. Im Rahmen der Laufserie \u201e3 x aktiv\u201c bieten die drei Unternehmen F\u00f6rstina-Sprudel, tegut&#8230; gute Lebensmittel und Mack-Mountain-Sport auch im Sommer 2009 ihre in den letzten Jahren \u00e4u\u00dferst erfolgreiche Kooperation f\u00fcr alle Sport- und Bewegungsinteressierten an. Die Laufserie begann am 21. Juni 2009 mit dem nordic-plus.de Rh\u00f6nlauf in Poppenhausen.<\/p>\n<\/div>","protected":false},"author":1,"featured_media":0,"comment_status":"closed","ping_status":"closed","sticky":false,"template":"","format":"standard","meta":{"footnotes":""},"categories":[1,51,72,29,46,78],"tags":[],"class_list":["post-35061","post","type-post","status-publish","format-standard","hentry","category-startseite","category-medizin","category-jugend","category-politik","category-sport","category-topthema"],"_links":{"self":[{"href":"https:\/\/www.fuldaernachrichten.de\/index.php?rest_route=\/wp\/v2\/posts\/35061","targetHints":{"allow":["GET"]}}],"collection":[{"href":"https:\/\/www.fuldaernachrichten.de\/index.php?rest_route=\/wp\/v2\/posts"}],"about":[{"href":"https:\/\/www.fuldaernachrichten.de\/index.php?rest_route=\/wp\/v2\/types\/post"}],"author":[{"embeddable":true,"href":"https:\/\/www.fuldaernachrichten.de\/index.php?rest_route=\/wp\/v2\/users\/1"}],"replies":[{"embeddable":true,"href":"https:\/\/www.fuldaernachrichten.de\/index.php?rest_route=%2Fwp%2Fv2%2Fcomments&post=35061"}],"version-history":[{"count":6,"href":"https:\/\/www.fuldaernachrichten.de\/index.php?rest_route=\/wp\/v2\/posts\/35061\/revisions"}],"predecessor-version":[{"id":35101,"href":"https:\/\/www.fuldaernachrichten.de\/index.php?rest_route=\/wp\/v2\/posts\/35061\/revisions\/35101"}],"wp:attachment":[{"href":"https:\/\/www.fuldaernachrichten.de\/index.php?rest_route=%2Fwp%2Fv2%2Fmedia&parent=35061"}],"wp:term":[{"taxonomy":"category","embeddable":true,"href":"https:\/\/www.fuldaernachrichten.de\/index.php?rest_route=%2Fwp%2Fv2%2Fcategories&post=35061"},{"taxonomy":"post_tag","embeddable":true,"href":"https:\/\/www.fuldaernachrichten.de\/index.php?rest_route=%2Fwp%2Fv2%2Ftags&post=35061"}],"curies":[{"name":"wp","href":"https:\/\/api.w.org\/{rel}","templated":true}]}}