{"id":35054,"date":"2009-07-24T06:25:16","date_gmt":"2009-07-24T04:25:16","guid":{"rendered":"http:\/\/www.schoene-nachrichten.de\/?p=35054"},"modified":"2009-07-24T07:25:36","modified_gmt":"2009-07-24T05:25:36","slug":"lwv-landesdirektor-uwe-brueckmann-besucht-gemeinnuetzige-schottener-reha-einrichtungen","status":"publish","type":"post","link":"https:\/\/www.fuldaernachrichten.de\/?p=35054","title":{"rendered":"LWV-Landesdirektor Uwe Br\u00fcckmann besucht Gemeinn\u00fctzige Schottener Reha-Einrichtungen"},"content":{"rendered":"<p><strong>Kassel\/Schotten (lwv).<\/strong> Uwe Br\u00fcckmann, Landesdirektor des Landeswohlfahrtsverbandes Hessen (LWV), besuchte gestern im Rahmen seiner Sommerreise durch Hessen die Gemeinn\u00fctzigen Schottener Reha-Einrichtungen (GSR). Neben einem Besuch des Ausbildungszentrums informierte sich Landesdirektor Br\u00fcckmann bei den drei Gesch\u00e4ftsf\u00fchrern \u00fcber die Arbeit der GSR in der Region und deren Pl\u00e4ne im Bereich Wohnen. Gesch\u00e4ftsf\u00fchrer Gerhard Schemenau erl\u00e4uterte, dass bei den GSR derzeit verst\u00e4rkt Menschen mit Behinderung aus station\u00e4ren Wohnformen in ambulante Strukturen des Betreuten Wohnens \u201eumziehen\u201c. Dies, so Schemenau, komme den W\u00fcnschen der Bewohner nach mehr Selbstbestimmung und Selbstst\u00e4ndigkeit nach. <!--more--><\/p>\n<p><strong>Starke Unterst\u00fctzung<\/strong><\/p>\n<p>LWV-Landesdirektor Br\u00fcckmann unterst\u00fctzt diese Umstrukturierung ausdr\u00fccklich: \u201eDie individuellen, ambulanten Hilfen entsprechen nicht nur den W\u00fcnschen der Menschen, sondern sie sind auch kosteng\u00fcnstiger als das station\u00e4re Wohnen. Das tr\u00e4gt dazu bei, die unterschiedlichen Hilfen f\u00fcr Menschen mit Behinderung insgesamt auch unter den finanziell schwierigen Rahmenbedingungen der Zukunft finanzieren zu k\u00f6nnen.\u201c<\/p>\n","protected":false},"excerpt":{"rendered":"<div class=\"tmnf_excerpt\"><p>Kassel\/Schotten (lwv). Uwe Br\u00fcckmann, Landesdirektor des Landeswohlfahrtsverbandes Hessen (LWV), besuchte gestern im Rahmen seiner Sommerreise durch Hessen die Gemeinn\u00fctzigen Schottener Reha-Einrichtungen (GSR). Neben einem Besuch des Ausbildungszentrums informierte sich Landesdirektor Br\u00fcckmann bei den drei Gesch\u00e4ftsf\u00fchrern \u00fcber die Arbeit der GSR in der Region und deren Pl\u00e4ne im Bereich Wohnen. Gesch\u00e4ftsf\u00fchrer Gerhard Schemenau erl\u00e4uterte, dass bei &hellip;<\/p>\n<\/div>","protected":false},"author":1,"featured_media":0,"comment_status":"closed","ping_status":"closed","sticky":false,"template":"","format":"standard","meta":{"footnotes":""},"categories":[1,51,44],"tags":[],"class_list":["post-35054","post","type-post","status-publish","format-standard","hentry","category-startseite","category-medizin","category-kultur"],"_links":{"self":[{"href":"https:\/\/www.fuldaernachrichten.de\/index.php?rest_route=\/wp\/v2\/posts\/35054","targetHints":{"allow":["GET"]}}],"collection":[{"href":"https:\/\/www.fuldaernachrichten.de\/index.php?rest_route=\/wp\/v2\/posts"}],"about":[{"href":"https:\/\/www.fuldaernachrichten.de\/index.php?rest_route=\/wp\/v2\/types\/post"}],"author":[{"embeddable":true,"href":"https:\/\/www.fuldaernachrichten.de\/index.php?rest_route=\/wp\/v2\/users\/1"}],"replies":[{"embeddable":true,"href":"https:\/\/www.fuldaernachrichten.de\/index.php?rest_route=%2Fwp%2Fv2%2Fcomments&post=35054"}],"version-history":[{"count":3,"href":"https:\/\/www.fuldaernachrichten.de\/index.php?rest_route=\/wp\/v2\/posts\/35054\/revisions"}],"predecessor-version":[{"id":35094,"href":"https:\/\/www.fuldaernachrichten.de\/index.php?rest_route=\/wp\/v2\/posts\/35054\/revisions\/35094"}],"wp:attachment":[{"href":"https:\/\/www.fuldaernachrichten.de\/index.php?rest_route=%2Fwp%2Fv2%2Fmedia&parent=35054"}],"wp:term":[{"taxonomy":"category","embeddable":true,"href":"https:\/\/www.fuldaernachrichten.de\/index.php?rest_route=%2Fwp%2Fv2%2Fcategories&post=35054"},{"taxonomy":"post_tag","embeddable":true,"href":"https:\/\/www.fuldaernachrichten.de\/index.php?rest_route=%2Fwp%2Fv2%2Ftags&post=35054"}],"curies":[{"name":"wp","href":"https:\/\/api.w.org\/{rel}","templated":true}]}}