{"id":35051,"date":"2009-07-24T06:45:48","date_gmt":"2009-07-24T04:45:48","guid":{"rendered":"http:\/\/www.schoene-nachrichten.de\/?p=35051"},"modified":"2009-07-24T07:25:04","modified_gmt":"2009-07-24T05:25:04","slug":"planfeststellungsbeschluss-fuer-den-bau-der-ortsumgehung-dipperz-ueberreicht","status":"publish","type":"post","link":"https:\/\/www.fuldaernachrichten.de\/?p=35051","title":{"rendered":"Planfeststellungsbeschluss f\u00fcr den Bau der Ortsumgehung Dipperz \u00fcberreicht"},"content":{"rendered":"<p><strong>Dipperz. <\/strong>\u201eNach einer Planungszeit von mehr als 30 Jahren nimmt die Verwirklichung einer entlastenden Ortsumgehung f\u00fcr die Gemeinde Dipperz konkrete Formen an\u201c, sagte Wirtschaftsstaatssekret\u00e4r Steffen Saebisch am Donnerstag vor Ort in Dipperz. Er \u00fcbergab B\u00fcrgermeister Klaus-Dieter Vogler den Planfeststellungsbschluss f\u00fcr den Bau der Umgehung.<!--more--><\/p>\n<p><strong>Entlastung des Durchgangsverkehrs von bis zu 93 Prozent erwartet<\/strong><\/p>\n<p>Die Gesamtl\u00e4nge der Ortsumgehung betr\u00e4gt rund 3,9 Kilometer. Die Bauma\u00dfnahme beginnt ca. 100 Meter vor der Kreuzung B 458\/K 51, schwenkt in s\u00fcd\u00f6stlicher Richtung um Dipperz und m\u00fcndet hinter dem Ort wieder auf die B 458. Wie Saebisch erl\u00e4uterte, sind die Gesamtkosten des Projektes auf 9,6 Mio. Euro veranschlagt. Die Finanzierung der Ma\u00dfnahme ist gesichert. Aufgrund der Bedeutung der Bauma\u00dfnahme ist diese im Bedarfsplan f\u00fcr die Bundesfernstra\u00dfen im vordringlichen Bedarf eingestuft und daher sofort vollziehbar.<\/p>\n<p>Durch den Bau der Umgehung soll der Durchgangsverkehr aus Dipperz herausgenommen werden. Es wird mit einer Entlastung von bis zu 93 Prozent gerechnet. Derzeit liegt die Verkehrsbelastung innerhalb der Ortsdurchfahrt bei ca. 10.200 Kfz\/Tag und f\u00fchrt f\u00fcr die Anwohner zu erheblichen L\u00e4rm- und Schadstoffbelastungen. \u201eNach Realisierung der Ortsumgehung wird die Verkehrssicherheit, insbesondere f\u00fcr Fu\u00dfg\u00e4nger, erh\u00f6ht und in der Ortsdurchfahrt wird eine erhebliche Verbesserung des Wohnumfeldes und der Lebensqualit\u00e4t der B\u00fcrgerinnen und B\u00fcrger durch die Verringerung der Immissionsbelastungen in Form von Abgasen erfolgen\u201c, so der Staatssekret\u00e4r.<\/p>\n<p><strong>Ausgleichsma\u00dfnahmen aus naturschutzrechtlichen Gr\u00fcnden<\/strong><\/p>\n<p>Wie Saebisch weiter mitteilte, wurde das Planfeststellungsverfahren im Dezember 2005 eingeleitet. Die Anordnung weiterer Ausgleichsma\u00dfnahmen aus naturschutzrechtlichen Gr\u00fcnden machte ein Plan\u00e4nderungsverfahren notwendig, das im Juni 2008 veranlasst wurde. Als Ausgleich f\u00fcr den Eingriff in Natur und Landschaft wurden verschiedene Ausgleichs- und Ersatzma\u00dfnahmen (wie beispielsweise das Anlegen von Staudenfluren in der Wanne-Aue) vorgenommen, die auch bei den Naturschutzverb\u00e4nden Zustimmung fanden.<\/p>\n<p>Der Planfeststellungsbeschluss werde den Beteiligten nun in K\u00fcrze zugestellt und zusammen mit den Planunterlagen nach entsprechender Bekanntmachung zwei Wochen in den Gemeinden Dipperz, K\u00fcnzell und Petersberg zur Einsicht ausgelegt, so Saebisch. Er hoffe, dass der Beschluss nicht beklagt werde, so dass mit der Realisierung des Vorhabens &#8211; wie vorgesehen &#8211; noch in diesem Jahr begonnen werden k\u00f6nne.<\/p>\n","protected":false},"excerpt":{"rendered":"<div class=\"tmnf_excerpt\"><p>Dipperz. \u201eNach einer Planungszeit von mehr als 30 Jahren nimmt die Verwirklichung einer entlastenden Ortsumgehung f\u00fcr die Gemeinde Dipperz konkrete Formen an\u201c, sagte Wirtschaftsstaatssekret\u00e4r Steffen Saebisch am Donnerstag vor Ort in Dipperz. Er \u00fcbergab B\u00fcrgermeister Klaus-Dieter Vogler den Planfeststellungsbschluss f\u00fcr den Bau der Umgehung.<\/p>\n<\/div>","protected":false},"author":1,"featured_media":0,"comment_status":"closed","ping_status":"closed","sticky":false,"template":"","format":"standard","meta":{"footnotes":""},"categories":[1,35,29,52],"tags":[],"class_list":["post-35051","post","type-post","status-publish","format-standard","hentry","category-startseite","category-auto","category-politik","category-umwelt"],"_links":{"self":[{"href":"https:\/\/www.fuldaernachrichten.de\/index.php?rest_route=\/wp\/v2\/posts\/35051","targetHints":{"allow":["GET"]}}],"collection":[{"href":"https:\/\/www.fuldaernachrichten.de\/index.php?rest_route=\/wp\/v2\/posts"}],"about":[{"href":"https:\/\/www.fuldaernachrichten.de\/index.php?rest_route=\/wp\/v2\/types\/post"}],"author":[{"embeddable":true,"href":"https:\/\/www.fuldaernachrichten.de\/index.php?rest_route=\/wp\/v2\/users\/1"}],"replies":[{"embeddable":true,"href":"https:\/\/www.fuldaernachrichten.de\/index.php?rest_route=%2Fwp%2Fv2%2Fcomments&post=35051"}],"version-history":[{"count":3,"href":"https:\/\/www.fuldaernachrichten.de\/index.php?rest_route=\/wp\/v2\/posts\/35051\/revisions"}],"predecessor-version":[{"id":35093,"href":"https:\/\/www.fuldaernachrichten.de\/index.php?rest_route=\/wp\/v2\/posts\/35051\/revisions\/35093"}],"wp:attachment":[{"href":"https:\/\/www.fuldaernachrichten.de\/index.php?rest_route=%2Fwp%2Fv2%2Fmedia&parent=35051"}],"wp:term":[{"taxonomy":"category","embeddable":true,"href":"https:\/\/www.fuldaernachrichten.de\/index.php?rest_route=%2Fwp%2Fv2%2Fcategories&post=35051"},{"taxonomy":"post_tag","embeddable":true,"href":"https:\/\/www.fuldaernachrichten.de\/index.php?rest_route=%2Fwp%2Fv2%2Ftags&post=35051"}],"curies":[{"name":"wp","href":"https:\/\/api.w.org\/{rel}","templated":true}]}}