{"id":35044,"date":"2009-07-30T11:51:46","date_gmt":"2009-07-30T09:51:46","guid":{"rendered":"http:\/\/www.schoene-nachrichten.de\/?p=35044"},"modified":"2009-07-30T14:47:14","modified_gmt":"2009-07-30T12:47:14","slug":"oesterreicher-beherrschen-die-dritte-vulkan-trophy","status":"publish","type":"post","link":"https:\/\/www.fuldaernachrichten.de\/?p=35044","title":{"rendered":"\u00d6sterreicher beherrschen die dritte Vulkan-Trophy"},"content":{"rendered":"<p><strong>Motorsport.<\/strong> In Herbstein \/ Altenschlirf im Vogelsbergkreis treffen sich allj\u00e4hrlich historische Landfahrzeuge zur &#8220;Vulkan-Trophy&#8221;. Vom 10. bis 12. Juli 2009 lieferten sich 24 Stunden lang 47 Teams mit ihren Traktoren ein hei\u00dfes Rennen \u00fcber einen 4,5 Kilometer langen Parcours. Die Strecke bestand zu 40 Prozent aus Asphalt und zu 60 Prozent aus Schotter.<\/p>\n<p><strong>Fotos (63):<\/strong> Karlheinz Hellwig, <strong>Text:<\/strong> Claudia Hellwig<\/p>\n<p><a title=\"Foto: Karlheinz Hellwig\" rel=\"lightbox[roadtrip]\" href=\"http:\/\/www.schoene-nachrichten.de\/wp-content\/uploads\/2008\/Marco\/090730_traktorrennen_001.jpg\" target=\"_blank\"><img decoding=\"async\" src=\"http:\/\/www.schoene-nachrichten.de\/wp-content\/uploads\/2008\/Marco\/090730_traktorrennen_001.thumbnail.jpg\" alt=\"090730_traktorrennen_001.jpg\" width=\"265\" \/><\/a> <a title=\"Foto: Karlheinz Hellwig\" rel=\"lightbox[roadtrip]\" href=\"http:\/\/www.schoene-nachrichten.de\/wp-content\/uploads\/2008\/Marco\/090730_traktorrennen_002.jpg\" target=\"_blank\"><img decoding=\"async\" src=\"http:\/\/www.schoene-nachrichten.de\/wp-content\/uploads\/2008\/Marco\/090730_traktorrennen_002.thumbnail.jpg\" alt=\"090730_traktorrennen_002.jpg\" width=\"265\" \/><\/a><\/p>\n<p><a title=\"Foto: Karlheinz Hellwig\" rel=\"lightbox[roadtrip]\" href=\"http:\/\/www.schoene-nachrichten.de\/wp-content\/uploads\/2008\/Marco\/090730_traktorrennen_003.jpg\" target=\"_blank\"><img decoding=\"async\" src=\"http:\/\/www.schoene-nachrichten.de\/wp-content\/uploads\/2008\/Marco\/090730_traktorrennen_003.thumbnail.jpg\" alt=\"090730_traktorrennen_003.jpg\" width=\"265\" \/><\/a> <a title=\"Foto: Karlheinz Hellwig\" rel=\"lightbox[roadtrip]\" href=\"http:\/\/www.schoene-nachrichten.de\/wp-content\/uploads\/2008\/Marco\/090730_traktorrennen_004.jpg\" target=\"_blank\"><img decoding=\"async\" src=\"http:\/\/www.schoene-nachrichten.de\/wp-content\/uploads\/2008\/Marco\/090730_traktorrennen_004.thumbnail.jpg\" alt=\"090730_traktorrennen_004.jpg\" width=\"265\" \/><\/a><br \/>\n<!--more--><\/p>\n<p>Veranstalter dieses Events war der Erste Deutsche Oldtimer Racing Club Vogelsberg. B\u00fcrgermeister Bernhard Ziegler gab am Samstag um 14 Uhr den Startschuss zur &#8220;Vulkan-Trophy&#8221; ab und er\u00f6ffnete damit das Rennen der Oldtimer, die mindestens Baujahr 1975 sein mussten und sich in zwei Klassen aufteilten, serienm\u00e4\u00dfige und seriennahe Fahrzeuge.<\/p>\n<p><a title=\"Foto: Karlheinz Hellwig\" rel=\"lightbox[roadtrip]\" href=\"http:\/\/www.schoene-nachrichten.de\/wp-content\/uploads\/2008\/Marco\/090730_traktorrennen_005.jpg\" target=\"_blank\"><img decoding=\"async\" src=\"http:\/\/www.schoene-nachrichten.de\/wp-content\/uploads\/2008\/Marco\/090730_traktorrennen_005.thumbnail.jpg\" alt=\"090730_traktorrennen_005.jpg\" width=\"265\" \/><\/a> <a title=\"Foto: Karlheinz Hellwig\" rel=\"lightbox[roadtrip]\" href=\"http:\/\/www.schoene-nachrichten.de\/wp-content\/uploads\/2008\/Marco\/090730_traktorrennen_006.jpg\" target=\"_blank\"><img decoding=\"async\" src=\"http:\/\/www.schoene-nachrichten.de\/wp-content\/uploads\/2008\/Marco\/090730_traktorrennen_006.thumbnail.jpg\" alt=\"090730_traktorrennen_006.jpg\" width=\"265\" \/><\/a><\/p>\n<p><a title=\"Foto: Karlheinz Hellwig\" rel=\"lightbox[roadtrip]\" href=\"http:\/\/www.schoene-nachrichten.de\/wp-content\/uploads\/2008\/Marco\/090730_traktorrennen_007.jpg\" target=\"_blank\"><img decoding=\"async\" src=\"http:\/\/www.schoene-nachrichten.de\/wp-content\/uploads\/2008\/Marco\/090730_traktorrennen_007.thumbnail.jpg\" alt=\"090730_traktorrennen_007.jpg\" width=\"265\" \/><\/a> <a title=\"Foto: Karlheinz Hellwig\" rel=\"lightbox[roadtrip]\" href=\"http:\/\/www.schoene-nachrichten.de\/wp-content\/uploads\/2008\/Marco\/090730_traktorrennen_008.jpg\" target=\"_blank\"><img decoding=\"async\" src=\"http:\/\/www.schoene-nachrichten.de\/wp-content\/uploads\/2008\/Marco\/090730_traktorrennen_008.thumbnail.jpg\" alt=\"090730_traktorrennen_008.jpg\" width=\"265\" \/><\/a><\/p>\n<p>Nach maximal 4,5 Stunden Lenkzeit am St\u00fcck war ein Fahrerwechsel durchzuf\u00fchren, der auch w\u00e4hrend des Tankens erlaubt war. An den Start durften Jugendliche ab 16 Jahren, die einen g\u00fcltigen F\u00fchrerschein der Klasse A1 der Gruppe L besa\u00dfen. Pro Team, welches eine Startgeb\u00fchr von 50,- Euro zu entrichten hatte, mussten mindestens zwei aber nicht mehr als vier Pilotinnen oder Piloten benannt werden. F\u00fcr Regelverst\u00f6\u00dfe verh\u00e4ngte die Rennleitung der Vulkan-Trophy Zeitstrafen oder sogar Disqualifikationen.<\/p>\n<p><a title=\"Foto: Karlheinz Hellwig\" rel=\"lightbox[roadtrip]\" href=\"http:\/\/www.schoene-nachrichten.de\/wp-content\/uploads\/2008\/Marco\/090730_traktorrennen_009.jpg\" target=\"_blank\"><img decoding=\"async\" src=\"http:\/\/www.schoene-nachrichten.de\/wp-content\/uploads\/2008\/Marco\/090730_traktorrennen_009.thumbnail.jpg\" alt=\"090730_traktorrennen_009.jpg\" width=\"265\" \/><\/a> <a title=\"Foto: Karlheinz Hellwig\" rel=\"lightbox[roadtrip]\" href=\"http:\/\/www.schoene-nachrichten.de\/wp-content\/uploads\/2008\/Marco\/090730_traktorrennen_010.jpg\" target=\"_blank\"><img decoding=\"async\" src=\"http:\/\/www.schoene-nachrichten.de\/wp-content\/uploads\/2008\/Marco\/090730_traktorrennen_010.thumbnail.jpg\" alt=\"090730_traktorrennen_010.jpg\" width=\"265\" \/><\/a><\/p>\n<p><a title=\"Foto: Karlheinz Hellwig\" rel=\"lightbox[roadtrip]\" href=\"http:\/\/www.schoene-nachrichten.de\/wp-content\/uploads\/2008\/Marco\/090730_traktorrennen_011.jpg\" target=\"_blank\"><img decoding=\"async\" src=\"http:\/\/www.schoene-nachrichten.de\/wp-content\/uploads\/2008\/Marco\/090730_traktorrennen_011.thumbnail.jpg\" alt=\"090730_traktorrennen_011.jpg\" width=\"265\" \/><\/a> <a title=\"Foto: Karlheinz Hellwig\" rel=\"lightbox[roadtrip]\" href=\"http:\/\/www.schoene-nachrichten.de\/wp-content\/uploads\/2008\/Marco\/090730_traktorrennen_012.jpg\" target=\"_blank\"><img decoding=\"async\" src=\"http:\/\/www.schoene-nachrichten.de\/wp-content\/uploads\/2008\/Marco\/090730_traktorrennen_012.thumbnail.jpg\" alt=\"090730_traktorrennen_012.jpg\" width=\"265\" \/><\/a><\/p>\n<p>F\u00fcr die zahlreich angereisten, begeisterten Fans und Besucher war das Campen zwar nicht kostenlos, aber die &#8220;Vulkan-Trophy&#8221; war auch deutschlandweit die einzige Amateur- und Langstreckenfahrt f\u00fcr Jedermann, die man zu Gesicht bekommen konnte. Z\u00fcnftige Musik vom Musikverein Herbstein &#8220;Blitz und Donner&#8221; und dem Spielmannszug Herbstein geh\u00f6rte genauso zum Rahmenprogramm wie auch Heli-Rundfl\u00fcge, Renntaxi-Fahrten, eine Kinder-Erlebniswelt, Interviews aus der Boxengasse und vieles mehr.<\/p>\n<p><a title=\"Foto: Karlheinz Hellwig\" rel=\"lightbox[roadtrip]\" href=\"http:\/\/www.schoene-nachrichten.de\/wp-content\/uploads\/2008\/Marco\/090730_traktorrennen_013.jpg\" target=\"_blank\"><img decoding=\"async\" src=\"http:\/\/www.schoene-nachrichten.de\/wp-content\/uploads\/2008\/Marco\/090730_traktorrennen_013.thumbnail.jpg\" alt=\"090730_traktorrennen_013.jpg\" width=\"265\" \/><\/a> <a title=\"Foto: Karlheinz Hellwig\" rel=\"lightbox[roadtrip]\" href=\"http:\/\/www.schoene-nachrichten.de\/wp-content\/uploads\/2008\/Marco\/090730_traktorrennen_014.jpg\" target=\"_blank\"><img decoding=\"async\" src=\"http:\/\/www.schoene-nachrichten.de\/wp-content\/uploads\/2008\/Marco\/090730_traktorrennen_014.thumbnail.jpg\" alt=\"090730_traktorrennen_014.jpg\" width=\"265\" \/><\/a><\/p>\n<p><a title=\"Foto: Karlheinz Hellwig\" rel=\"lightbox[roadtrip]\" href=\"http:\/\/www.schoene-nachrichten.de\/wp-content\/uploads\/2008\/Marco\/090730_traktorrennen_015.jpg\" target=\"_blank\"><img decoding=\"async\" src=\"http:\/\/www.schoene-nachrichten.de\/wp-content\/uploads\/2008\/Marco\/090730_traktorrennen_015.thumbnail.jpg\" alt=\"090730_traktorrennen_015.jpg\" width=\"265\" \/><\/a> <a title=\"Foto: Karlheinz Hellwig\" rel=\"lightbox[roadtrip]\" href=\"http:\/\/www.schoene-nachrichten.de\/wp-content\/uploads\/2008\/Marco\/090730_traktorrennen_016.jpg\" target=\"_blank\"><img decoding=\"async\" src=\"http:\/\/www.schoene-nachrichten.de\/wp-content\/uploads\/2008\/Marco\/090730_traktorrennen_016.thumbnail.jpg\" alt=\"090730_traktorrennen_016.jpg\" width=\"265\" \/><\/a><\/p>\n<p>Mit welchen Fahrbahnbedingungen die Fahrer zu k\u00e4mpfen hatten, konnte man an dem wechselhaften Wetter mit immer wieder auftretenden Schauern erahnen. Am Sonntag um 14 Uhr wurde die Zielflagge geschwungen und damit das Rennen beendet. Den ersten Rang belegte das Team &#8220;Steyr Racing Team Hauer Ferdi&#8221; aus \u00d6sterreich (228 Runden), dicht gefolgt von den Landsm\u00e4nnern &#8220;RLH Steyr Racing Team Eisgarn&#8221; mit 222 Runden. Das Team &#8220;Ross Landtechnik&#8221; erreichte mit 215 Runden den dritten Rang. (Claudia Hellwig)<\/p>\n<p><a title=\"Foto: Karlheinz Hellwig\" rel=\"lightbox[roadtrip]\" href=\"http:\/\/www.schoene-nachrichten.de\/wp-content\/uploads\/2008\/Marco\/090730_traktorrennen_017.jpg\" target=\"_blank\"><img decoding=\"async\" src=\"http:\/\/www.schoene-nachrichten.de\/wp-content\/uploads\/2008\/Marco\/090730_traktorrennen_017.thumbnail.jpg\" alt=\"090730_traktorrennen_017.jpg\" width=\"265\" \/><\/a> <a title=\"Foto: Karlheinz Hellwig\" rel=\"lightbox[roadtrip]\" href=\"http:\/\/www.schoene-nachrichten.de\/wp-content\/uploads\/2008\/Marco\/090730_traktorrennen_018.jpg\" target=\"_blank\"><img decoding=\"async\" src=\"http:\/\/www.schoene-nachrichten.de\/wp-content\/uploads\/2008\/Marco\/090730_traktorrennen_018.thumbnail.jpg\" alt=\"090730_traktorrennen_018.jpg\" width=\"265\" \/><\/a><\/p>\n<p><a title=\"Foto: Karlheinz Hellwig\" rel=\"lightbox[roadtrip]\" href=\"http:\/\/www.schoene-nachrichten.de\/wp-content\/uploads\/2008\/Marco\/090730_traktorrennen_019.jpg\" target=\"_blank\"><img decoding=\"async\" src=\"http:\/\/www.schoene-nachrichten.de\/wp-content\/uploads\/2008\/Marco\/090730_traktorrennen_019.thumbnail.jpg\" alt=\"090730_traktorrennen_019.jpg\" width=\"265\" \/><\/a> <a title=\"Foto: Karlheinz Hellwig\" rel=\"lightbox[roadtrip]\" href=\"http:\/\/www.schoene-nachrichten.de\/wp-content\/uploads\/2008\/Marco\/090730_traktorrennen_020.jpg\" target=\"_blank\"><img decoding=\"async\" src=\"http:\/\/www.schoene-nachrichten.de\/wp-content\/uploads\/2008\/Marco\/090730_traktorrennen_020.thumbnail.jpg\" alt=\"090730_traktorrennen_020.jpg\" width=\"265\" \/><\/a><\/p>\n<p><a title=\"Foto: Karlheinz Hellwig\" rel=\"lightbox[roadtrip]\" href=\"http:\/\/www.schoene-nachrichten.de\/wp-content\/uploads\/2008\/Marco\/090730_traktorrennen_021.jpg\" target=\"_blank\"><img decoding=\"async\" src=\"http:\/\/www.schoene-nachrichten.de\/wp-content\/uploads\/2008\/Marco\/090730_traktorrennen_021.thumbnail.jpg\" alt=\"090730_traktorrennen_021.jpg\" width=\"265\" \/><\/a> <a title=\"Foto: Karlheinz Hellwig\" rel=\"lightbox[roadtrip]\" href=\"http:\/\/www.schoene-nachrichten.de\/wp-content\/uploads\/2008\/Marco\/090730_traktorrennen_022.jpg\" target=\"_blank\"><img decoding=\"async\" src=\"http:\/\/www.schoene-nachrichten.de\/wp-content\/uploads\/2008\/Marco\/090730_traktorrennen_022.thumbnail.jpg\" alt=\"090730_traktorrennen_022.jpg\" width=\"265\" \/><\/a><\/p>\n<p><a title=\"Foto: Karlheinz Hellwig\" rel=\"lightbox[roadtrip]\" href=\"http:\/\/www.schoene-nachrichten.de\/wp-content\/uploads\/2008\/Marco\/090730_traktorrennen_023.jpg\" target=\"_blank\"><img decoding=\"async\" src=\"http:\/\/www.schoene-nachrichten.de\/wp-content\/uploads\/2008\/Marco\/090730_traktorrennen_023.thumbnail.jpg\" alt=\"090730_traktorrennen_023.jpg\" width=\"265\" \/><\/a> <a title=\"Foto: Karlheinz Hellwig\" rel=\"lightbox[roadtrip]\" href=\"http:\/\/www.schoene-nachrichten.de\/wp-content\/uploads\/2008\/Marco\/090730_traktorrennen_024.jpg\" target=\"_blank\"><img decoding=\"async\" src=\"http:\/\/www.schoene-nachrichten.de\/wp-content\/uploads\/2008\/Marco\/090730_traktorrennen_024.thumbnail.jpg\" alt=\"090730_traktorrennen_024.jpg\" width=\"265\" \/><\/a><\/p>\n<p><a title=\"Foto: Karlheinz Hellwig\" rel=\"lightbox[roadtrip]\" href=\"http:\/\/www.schoene-nachrichten.de\/wp-content\/uploads\/2008\/Marco\/090730_traktorrennen_025.jpg\" target=\"_blank\"><img decoding=\"async\" src=\"http:\/\/www.schoene-nachrichten.de\/wp-content\/uploads\/2008\/Marco\/090730_traktorrennen_025.thumbnail.jpg\" alt=\"090730_traktorrennen_025.jpg\" width=\"265\" \/><\/a> <a title=\"Foto: Karlheinz Hellwig\" rel=\"lightbox[roadtrip]\" href=\"http:\/\/www.schoene-nachrichten.de\/wp-content\/uploads\/2008\/Marco\/090730_traktorrennen_026.jpg\" target=\"_blank\"><img decoding=\"async\" src=\"http:\/\/www.schoene-nachrichten.de\/wp-content\/uploads\/2008\/Marco\/090730_traktorrennen_026.thumbnail.jpg\" alt=\"090730_traktorrennen_026.jpg\" width=\"265\" \/><\/a><\/p>\n<p><a title=\"Foto: Karlheinz Hellwig\" rel=\"lightbox[roadtrip]\" href=\"http:\/\/www.schoene-nachrichten.de\/wp-content\/uploads\/2008\/Marco\/090730_traktorrennen_027.jpg\" target=\"_blank\"><img decoding=\"async\" src=\"http:\/\/www.schoene-nachrichten.de\/wp-content\/uploads\/2008\/Marco\/090730_traktorrennen_027.thumbnail.jpg\" alt=\"090730_traktorrennen_027.jpg\" width=\"265\" \/><\/a> <a title=\"Foto: Karlheinz Hellwig\" rel=\"lightbox[roadtrip]\" href=\"http:\/\/www.schoene-nachrichten.de\/wp-content\/uploads\/2008\/Marco\/090730_traktorrennen_028.jpg\" target=\"_blank\"><img decoding=\"async\" src=\"http:\/\/www.schoene-nachrichten.de\/wp-content\/uploads\/2008\/Marco\/090730_traktorrennen_028.thumbnail.jpg\" alt=\"090730_traktorrennen_028.jpg\" width=\"265\" \/><\/a><\/p>\n<p><a title=\"Foto: Karlheinz Hellwig\" rel=\"lightbox[roadtrip]\" href=\"http:\/\/www.schoene-nachrichten.de\/wp-content\/uploads\/2008\/Marco\/090730_traktorrennen_029.jpg\" target=\"_blank\"><img decoding=\"async\" src=\"http:\/\/www.schoene-nachrichten.de\/wp-content\/uploads\/2008\/Marco\/090730_traktorrennen_029.thumbnail.jpg\" alt=\"090730_traktorrennen_029.jpg\" width=\"265\" \/><\/a> <a title=\"Foto: Karlheinz Hellwig\" rel=\"lightbox[roadtrip]\" href=\"http:\/\/www.schoene-nachrichten.de\/wp-content\/uploads\/2008\/Marco\/090730_traktorrennen_030.jpg\" target=\"_blank\"><img decoding=\"async\" src=\"http:\/\/www.schoene-nachrichten.de\/wp-content\/uploads\/2008\/Marco\/090730_traktorrennen_030.thumbnail.jpg\" alt=\"090730_traktorrennen_030.jpg\" width=\"265\" \/><\/a><\/p>\n<p><a title=\"Foto: Karlheinz Hellwig\" rel=\"lightbox[roadtrip]\" href=\"http:\/\/www.schoene-nachrichten.de\/wp-content\/uploads\/2008\/Marco\/090730_traktorrennen_031.jpg\" target=\"_blank\"><img decoding=\"async\" src=\"http:\/\/www.schoene-nachrichten.de\/wp-content\/uploads\/2008\/Marco\/090730_traktorrennen_031.thumbnail.jpg\" alt=\"090730_traktorrennen_031.jpg\" width=\"265\" \/><\/a> <a title=\"Foto: Karlheinz Hellwig\" rel=\"lightbox[roadtrip]\" href=\"http:\/\/www.schoene-nachrichten.de\/wp-content\/uploads\/2008\/Marco\/090730_traktorrennen_032.jpg\" target=\"_blank\"><img decoding=\"async\" src=\"http:\/\/www.schoene-nachrichten.de\/wp-content\/uploads\/2008\/Marco\/090730_traktorrennen_032.thumbnail.jpg\" alt=\"090730_traktorrennen_032.jpg\" width=\"265\" \/><\/a><\/p>\n<p><a title=\"Foto: Karlheinz Hellwig\" rel=\"lightbox[roadtrip]\" href=\"http:\/\/www.schoene-nachrichten.de\/wp-content\/uploads\/2008\/Marco\/090730_traktorrennen_033.jpg\" target=\"_blank\"><img decoding=\"async\" src=\"http:\/\/www.schoene-nachrichten.de\/wp-content\/uploads\/2008\/Marco\/090730_traktorrennen_033.thumbnail.jpg\" alt=\"090730_traktorrennen_033.jpg\" width=\"265\" \/><\/a> <a title=\"Foto: Karlheinz Hellwig\" rel=\"lightbox[roadtrip]\" href=\"http:\/\/www.schoene-nachrichten.de\/wp-content\/uploads\/2008\/Marco\/090730_traktorrennen_034.jpg\" target=\"_blank\"><img decoding=\"async\" src=\"http:\/\/www.schoene-nachrichten.de\/wp-content\/uploads\/2008\/Marco\/090730_traktorrennen_034.thumbnail.jpg\" alt=\"090730_traktorrennen_034.jpg\" width=\"265\" \/><\/a><\/p>\n<p><a title=\"Foto: Karlheinz Hellwig\" rel=\"lightbox[roadtrip]\" href=\"http:\/\/www.schoene-nachrichten.de\/wp-content\/uploads\/2008\/Marco\/090730_traktorrennen_035.jpg\" target=\"_blank\"><img decoding=\"async\" src=\"http:\/\/www.schoene-nachrichten.de\/wp-content\/uploads\/2008\/Marco\/090730_traktorrennen_035.thumbnail.jpg\" alt=\"090730_traktorrennen_035.jpg\" width=\"265\" \/><\/a> <a title=\"Foto: Karlheinz Hellwig\" rel=\"lightbox[roadtrip]\" href=\"http:\/\/www.schoene-nachrichten.de\/wp-content\/uploads\/2008\/Marco\/090730_traktorrennen_036.jpg\" target=\"_blank\"><img decoding=\"async\" src=\"http:\/\/www.schoene-nachrichten.de\/wp-content\/uploads\/2008\/Marco\/090730_traktorrennen_036.thumbnail.jpg\" alt=\"090730_traktorrennen_036.jpg\" width=\"265\" \/><\/a><\/p>\n<p><a title=\"Foto: Karlheinz Hellwig\" rel=\"lightbox[roadtrip]\" href=\"http:\/\/www.schoene-nachrichten.de\/wp-content\/uploads\/2008\/Marco\/090730_traktorrennen_037.jpg\" target=\"_blank\"><img decoding=\"async\" src=\"http:\/\/www.schoene-nachrichten.de\/wp-content\/uploads\/2008\/Marco\/090730_traktorrennen_037.thumbnail.jpg\" alt=\"090730_traktorrennen_037.jpg\" width=\"265\" \/><\/a> <a title=\"Foto: Karlheinz Hellwig\" rel=\"lightbox[roadtrip]\" href=\"http:\/\/www.schoene-nachrichten.de\/wp-content\/uploads\/2008\/Marco\/090730_traktorrennen_038.jpg\" target=\"_blank\"><img decoding=\"async\" src=\"http:\/\/www.schoene-nachrichten.de\/wp-content\/uploads\/2008\/Marco\/090730_traktorrennen_038.thumbnail.jpg\" alt=\"090730_traktorrennen_038.jpg\" width=\"265\" \/><\/a><\/p>\n<p><a title=\"Foto: Karlheinz Hellwig\" rel=\"lightbox[roadtrip]\" href=\"http:\/\/www.schoene-nachrichten.de\/wp-content\/uploads\/2008\/Marco\/090730_traktorrennen_039.jpg\" target=\"_blank\"><img decoding=\"async\" src=\"http:\/\/www.schoene-nachrichten.de\/wp-content\/uploads\/2008\/Marco\/090730_traktorrennen_039.thumbnail.jpg\" alt=\"090730_traktorrennen_039.jpg\" width=\"265\" \/><\/a> <a title=\"Foto: Karlheinz Hellwig\" rel=\"lightbox[roadtrip]\" href=\"http:\/\/www.schoene-nachrichten.de\/wp-content\/uploads\/2008\/Marco\/090730_traktorrennen_040.jpg\" target=\"_blank\"><img decoding=\"async\" src=\"http:\/\/www.schoene-nachrichten.de\/wp-content\/uploads\/2008\/Marco\/090730_traktorrennen_040.thumbnail.jpg\" alt=\"090730_traktorrennen_040.jpg\" width=\"265\" \/><\/a><\/p>\n<p><a title=\"Foto: Karlheinz Hellwig\" rel=\"lightbox[roadtrip]\" href=\"http:\/\/www.schoene-nachrichten.de\/wp-content\/uploads\/2008\/Marco\/090730_traktorrennen_041.jpg\" target=\"_blank\"><img decoding=\"async\" src=\"http:\/\/www.schoene-nachrichten.de\/wp-content\/uploads\/2008\/Marco\/090730_traktorrennen_041.thumbnail.jpg\" alt=\"090730_traktorrennen_041.jpg\" width=\"265\" \/><\/a> <a title=\"Foto: Karlheinz Hellwig\" rel=\"lightbox[roadtrip]\" href=\"http:\/\/www.schoene-nachrichten.de\/wp-content\/uploads\/2008\/Marco\/090730_traktorrennen_042.jpg\" target=\"_blank\"><img decoding=\"async\" src=\"http:\/\/www.schoene-nachrichten.de\/wp-content\/uploads\/2008\/Marco\/090730_traktorrennen_042.thumbnail.jpg\" alt=\"090730_traktorrennen_042.jpg\" width=\"265\" \/><\/a><\/p>\n<p><a title=\"Foto: Karlheinz Hellwig\" rel=\"lightbox[roadtrip]\" href=\"http:\/\/www.schoene-nachrichten.de\/wp-content\/uploads\/2008\/Marco\/090730_traktorrennen_043.jpg\" target=\"_blank\"><img decoding=\"async\" src=\"http:\/\/www.schoene-nachrichten.de\/wp-content\/uploads\/2008\/Marco\/090730_traktorrennen_043.thumbnail.jpg\" alt=\"090730_traktorrennen_043.jpg\" width=\"265\" \/><\/a> <a title=\"Foto: Karlheinz Hellwig\" rel=\"lightbox[roadtrip]\" href=\"http:\/\/www.schoene-nachrichten.de\/wp-content\/uploads\/2008\/Marco\/090730_traktorrennen_044.jpg\" target=\"_blank\"><img decoding=\"async\" src=\"http:\/\/www.schoene-nachrichten.de\/wp-content\/uploads\/2008\/Marco\/090730_traktorrennen_044.thumbnail.jpg\" alt=\"090730_traktorrennen_044.jpg\" width=\"265\" \/><\/a><\/p>\n<p><a title=\"Foto: Karlheinz Hellwig\" rel=\"lightbox[roadtrip]\" href=\"http:\/\/www.schoene-nachrichten.de\/wp-content\/uploads\/2008\/Marco\/090730_traktorrennen_045.jpg\" target=\"_blank\"><img decoding=\"async\" src=\"http:\/\/www.schoene-nachrichten.de\/wp-content\/uploads\/2008\/Marco\/090730_traktorrennen_045.thumbnail.jpg\" alt=\"090730_traktorrennen_045.jpg\" width=\"265\" \/><\/a> <a title=\"Foto: Karlheinz Hellwig\" rel=\"lightbox[roadtrip]\" href=\"http:\/\/www.schoene-nachrichten.de\/wp-content\/uploads\/2008\/Marco\/090730_traktorrennen_046.jpg\" target=\"_blank\"><img decoding=\"async\" src=\"http:\/\/www.schoene-nachrichten.de\/wp-content\/uploads\/2008\/Marco\/090730_traktorrennen_046.thumbnail.jpg\" alt=\"090730_traktorrennen_046.jpg\" width=\"265\" \/><\/a><\/p>\n<p><a title=\"Foto: Karlheinz Hellwig\" rel=\"lightbox[roadtrip]\" href=\"http:\/\/www.schoene-nachrichten.de\/wp-content\/uploads\/2008\/Marco\/090730_traktorrennen_047.jpg\" target=\"_blank\"><img decoding=\"async\" src=\"http:\/\/www.schoene-nachrichten.de\/wp-content\/uploads\/2008\/Marco\/090730_traktorrennen_047.thumbnail.jpg\" alt=\"090730_traktorrennen_047.jpg\" width=\"265\" \/><\/a> <a title=\"Foto: Karlheinz Hellwig\" rel=\"lightbox[roadtrip]\" href=\"http:\/\/www.schoene-nachrichten.de\/wp-content\/uploads\/2008\/Marco\/090730_traktorrennen_048.jpg\" target=\"_blank\"><img decoding=\"async\" src=\"http:\/\/www.schoene-nachrichten.de\/wp-content\/uploads\/2008\/Marco\/090730_traktorrennen_048.thumbnail.jpg\" alt=\"090730_traktorrennen_048.jpg\" width=\"265\" \/><\/a><\/p>\n<p><a title=\"Foto: Karlheinz Hellwig\" rel=\"lightbox[roadtrip]\" href=\"http:\/\/www.schoene-nachrichten.de\/wp-content\/uploads\/2008\/Marco\/090730_traktorrennen_049.jpg\" target=\"_blank\"><img decoding=\"async\" src=\"http:\/\/www.schoene-nachrichten.de\/wp-content\/uploads\/2008\/Marco\/090730_traktorrennen_049.thumbnail.jpg\" alt=\"090730_traktorrennen_049.jpg\" width=\"265\" \/><\/a> <a title=\"Foto: Karlheinz Hellwig\" rel=\"lightbox[roadtrip]\" href=\"http:\/\/www.schoene-nachrichten.de\/wp-content\/uploads\/2008\/Marco\/090730_traktorrennen_050.jpg\" target=\"_blank\"><img decoding=\"async\" src=\"http:\/\/www.schoene-nachrichten.de\/wp-content\/uploads\/2008\/Marco\/090730_traktorrennen_050.thumbnail.jpg\" alt=\"090730_traktorrennen_050.jpg\" width=\"265\" \/><\/a><\/p>\n<p><a title=\"Foto: Karlheinz Hellwig\" rel=\"lightbox[roadtrip]\" href=\"http:\/\/www.schoene-nachrichten.de\/wp-content\/uploads\/2008\/Marco\/090730_traktorrennen_051.jpg\" target=\"_blank\"><img decoding=\"async\" src=\"http:\/\/www.schoene-nachrichten.de\/wp-content\/uploads\/2008\/Marco\/090730_traktorrennen_051.thumbnail.jpg\" alt=\"090730_traktorrennen_051.jpg\" width=\"265\" \/><\/a> <a title=\"Foto: Karlheinz Hellwig\" rel=\"lightbox[roadtrip]\" href=\"http:\/\/www.schoene-nachrichten.de\/wp-content\/uploads\/2008\/Marco\/090730_traktorrennen_052.jpg\" target=\"_blank\"><img decoding=\"async\" src=\"http:\/\/www.schoene-nachrichten.de\/wp-content\/uploads\/2008\/Marco\/090730_traktorrennen_052.thumbnail.jpg\" alt=\"090730_traktorrennen_052.jpg\" width=\"265\" \/><\/a><\/p>\n<p><a title=\"Foto: Karlheinz Hellwig\" rel=\"lightbox[roadtrip]\" href=\"http:\/\/www.schoene-nachrichten.de\/wp-content\/uploads\/2008\/Marco\/090730_traktorrennen_053.jpg\" target=\"_blank\"><img decoding=\"async\" src=\"http:\/\/www.schoene-nachrichten.de\/wp-content\/uploads\/2008\/Marco\/090730_traktorrennen_053.thumbnail.jpg\" alt=\"090730_traktorrennen_053.jpg\" width=\"265\" \/><\/a> <a title=\"Foto: Karlheinz Hellwig\" rel=\"lightbox[roadtrip]\" href=\"http:\/\/www.schoene-nachrichten.de\/wp-content\/uploads\/2008\/Marco\/090730_traktorrennen_054.jpg\" target=\"_blank\"><img decoding=\"async\" src=\"http:\/\/www.schoene-nachrichten.de\/wp-content\/uploads\/2008\/Marco\/090730_traktorrennen_054.thumbnail.jpg\" alt=\"090730_traktorrennen_054.jpg\" width=\"265\" \/><\/a><\/p>\n<p><a title=\"Foto: Karlheinz Hellwig\" rel=\"lightbox[roadtrip]\" href=\"http:\/\/www.schoene-nachrichten.de\/wp-content\/uploads\/2008\/Marco\/090730_traktorrennen_055.jpg\" target=\"_blank\"><img decoding=\"async\" src=\"http:\/\/www.schoene-nachrichten.de\/wp-content\/uploads\/2008\/Marco\/090730_traktorrennen_055.thumbnail.jpg\" alt=\"090730_traktorrennen_055.jpg\" width=\"265\" \/><\/a> <a title=\"Foto: Karlheinz Hellwig\" rel=\"lightbox[roadtrip]\" href=\"http:\/\/www.schoene-nachrichten.de\/wp-content\/uploads\/2008\/Marco\/090730_traktorrennen_056.jpg\" target=\"_blank\"><img decoding=\"async\" src=\"http:\/\/www.schoene-nachrichten.de\/wp-content\/uploads\/2008\/Marco\/090730_traktorrennen_056.thumbnail.jpg\" alt=\"090730_traktorrennen_056.jpg\" width=\"265\" \/><\/a><\/p>\n<p><a title=\"Foto: Karlheinz Hellwig\" rel=\"lightbox[roadtrip]\" href=\"http:\/\/www.schoene-nachrichten.de\/wp-content\/uploads\/2008\/Marco\/090730_traktorrennen_057.jpg\" target=\"_blank\"><img decoding=\"async\" src=\"http:\/\/www.schoene-nachrichten.de\/wp-content\/uploads\/2008\/Marco\/090730_traktorrennen_057.thumbnail.jpg\" alt=\"090730_traktorrennen_057.jpg\" width=\"265\" \/><\/a> <a title=\"Foto: Karlheinz Hellwig\" rel=\"lightbox[roadtrip]\" href=\"http:\/\/www.schoene-nachrichten.de\/wp-content\/uploads\/2008\/Marco\/090730_traktorrennen_058.jpg\" target=\"_blank\"><img decoding=\"async\" src=\"http:\/\/www.schoene-nachrichten.de\/wp-content\/uploads\/2008\/Marco\/090730_traktorrennen_058.thumbnail.jpg\" alt=\"090730_traktorrennen_058.jpg\" width=\"265\" \/><\/a><\/p>\n<p><a title=\"Foto: Karlheinz Hellwig\" rel=\"lightbox[roadtrip]\" href=\"http:\/\/www.schoene-nachrichten.de\/wp-content\/uploads\/2008\/Marco\/090730_traktorrennen_059.jpg\" target=\"_blank\"><img decoding=\"async\" src=\"http:\/\/www.schoene-nachrichten.de\/wp-content\/uploads\/2008\/Marco\/090730_traktorrennen_059.thumbnail.jpg\" alt=\"090730_traktorrennen_059.jpg\" width=\"265\" \/><\/a> <a title=\"Foto: Karlheinz Hellwig\" rel=\"lightbox[roadtrip]\" href=\"http:\/\/www.schoene-nachrichten.de\/wp-content\/uploads\/2008\/Marco\/090730_traktorrennen_060.jpg\" target=\"_blank\"><img decoding=\"async\" src=\"http:\/\/www.schoene-nachrichten.de\/wp-content\/uploads\/2008\/Marco\/090730_traktorrennen_060.thumbnail.jpg\" alt=\"090730_traktorrennen_060.jpg\" width=\"265\" \/><\/a><\/p>\n<p><a title=\"Foto: Karlheinz Hellwig\" rel=\"lightbox[roadtrip]\" href=\"http:\/\/www.schoene-nachrichten.de\/wp-content\/uploads\/2008\/Marco\/090730_traktorrennen_061.jpg\" target=\"_blank\"><img decoding=\"async\" src=\"http:\/\/www.schoene-nachrichten.de\/wp-content\/uploads\/2008\/Marco\/090730_traktorrennen_061.thumbnail.jpg\" alt=\"090730_traktorrennen_061.jpg\" width=\"265\" \/><\/a> <a title=\"Foto: Karlheinz Hellwig\" rel=\"lightbox[roadtrip]\" href=\"http:\/\/www.schoene-nachrichten.de\/wp-content\/uploads\/2008\/Marco\/090730_traktorrennen_062.jpg\" target=\"_blank\"><img decoding=\"async\" src=\"http:\/\/www.schoene-nachrichten.de\/wp-content\/uploads\/2008\/Marco\/090730_traktorrennen_062.thumbnail.jpg\" alt=\"090730_traktorrennen_062.jpg\" width=\"265\" \/><\/a><\/p>\n<p><a title=\"Foto: Karlheinz Hellwig\" rel=\"lightbox[roadtrip]\" href=\"http:\/\/www.schoene-nachrichten.de\/wp-content\/uploads\/2008\/Marco\/090730_traktorrennen_063.jpg\" target=\"_blank\"><img decoding=\"async\" src=\"http:\/\/www.schoene-nachrichten.de\/wp-content\/uploads\/2008\/Marco\/090730_traktorrennen_063.thumbnail.jpg\" alt=\"090730_traktorrennen_063.jpg\" width=\"265\" \/><\/a><\/p>\n","protected":false},"excerpt":{"rendered":"<div class=\"tmnf_excerpt\"><p>Motorsport. In Herbstein \/ Altenschlirf im Vogelsbergkreis treffen sich allj\u00e4hrlich historische Landfahrzeuge zur &#8220;Vulkan-Trophy&#8221;. Vom 10. bis 12. Juli 2009 lieferten sich 24 Stunden lang 47 Teams mit ihren Traktoren ein hei\u00dfes Rennen \u00fcber einen 4,5 Kilometer langen Parcours. Die Strecke bestand zu 40 Prozent aus Asphalt und zu 60 Prozent aus Schotter. Fotos (63): &hellip;<\/p>\n<\/div>","protected":false},"author":1,"featured_media":0,"comment_status":"closed","ping_status":"closed","sticky":false,"template":"","format":"standard","meta":{"footnotes":""},"categories":[1,35,54,46],"tags":[],"class_list":["post-35044","post","type-post","status-publish","format-standard","hentry","category-startseite","category-auto","category-bildergalerien","category-sport"],"_links":{"self":[{"href":"https:\/\/www.fuldaernachrichten.de\/index.php?rest_route=\/wp\/v2\/posts\/35044","targetHints":{"allow":["GET"]}}],"collection":[{"href":"https:\/\/www.fuldaernachrichten.de\/index.php?rest_route=\/wp\/v2\/posts"}],"about":[{"href":"https:\/\/www.fuldaernachrichten.de\/index.php?rest_route=\/wp\/v2\/types\/post"}],"author":[{"embeddable":true,"href":"https:\/\/www.fuldaernachrichten.de\/index.php?rest_route=\/wp\/v2\/users\/1"}],"replies":[{"embeddable":true,"href":"https:\/\/www.fuldaernachrichten.de\/index.php?rest_route=%2Fwp%2Fv2%2Fcomments&post=35044"}],"version-history":[{"count":5,"href":"https:\/\/www.fuldaernachrichten.de\/index.php?rest_route=\/wp\/v2\/posts\/35044\/revisions"}],"predecessor-version":[{"id":35479,"href":"https:\/\/www.fuldaernachrichten.de\/index.php?rest_route=\/wp\/v2\/posts\/35044\/revisions\/35479"}],"wp:attachment":[{"href":"https:\/\/www.fuldaernachrichten.de\/index.php?rest_route=%2Fwp%2Fv2%2Fmedia&parent=35044"}],"wp:term":[{"taxonomy":"category","embeddable":true,"href":"https:\/\/www.fuldaernachrichten.de\/index.php?rest_route=%2Fwp%2Fv2%2Fcategories&post=35044"},{"taxonomy":"post_tag","embeddable":true,"href":"https:\/\/www.fuldaernachrichten.de\/index.php?rest_route=%2Fwp%2Fv2%2Ftags&post=35044"}],"curies":[{"name":"wp","href":"https:\/\/api.w.org\/{rel}","templated":true}]}}