{"id":35010,"date":"2009-07-23T06:35:06","date_gmt":"2009-07-23T04:35:06","guid":{"rendered":"http:\/\/www.schoene-nachrichten.de\/?p=35010"},"modified":"2009-07-23T07:04:47","modified_gmt":"2009-07-23T05:04:47","slug":"standesbeamter-rainer-mall-in-ruhestand-verabschiedet","status":"publish","type":"post","link":"https:\/\/www.fuldaernachrichten.de\/?p=35010","title":{"rendered":"Standesbeamter Rainer Mall in Ruhestand verabschiedet"},"content":{"rendered":"<p><a href=\"http:\/\/www.schoene-nachrichten.de\/wp-content\/uploads\/2009\/07\/PICT0739.jpg\"><img fetchpriority=\"high\" decoding=\"async\" class=\"alignnone size-thumbnail wp-image-35011\" title=\"Gemeinde Flieden\" src=\"http:\/\/www.schoene-nachrichten.de\/wp-content\/uploads\/2009\/07\/PICT0739-265x198.jpg\" alt=\"Gemeinde Flieden\" hspace=\"5\" width=\"265\" height=\"198\" align=\"left\" srcset=\"https:\/\/www.fuldaernachrichten.de\/wp-content\/uploads\/2009\/07\/PICT0739-265x198.jpg 265w, https:\/\/www.fuldaernachrichten.de\/wp-content\/uploads\/2009\/07\/PICT0739.jpg 800w\" sizes=\"(max-width: 265px) 100vw, 265px\" \/><\/a><strong>Flieden. <\/strong>Der Standesbeamte Rainer Mall wurde nach 30-j\u00e4hriger T\u00e4tigkeit am 29. Juni 2009 in den wohlverdienten \u201eStandesbeamten-Ruhestand\u201c versetzt. W\u00e4hrend einer kleinen Feierstunde im Rathaus \u00fcberreichte B\u00fcrgermeister Winfried Kre\u00df eine \u201eEntlassungsurkunde\u201c, ein Buchgeschenk und einen WIFO-Gutschein als Dankesch\u00f6n. Die Ernennung zum Standesbeamten erfolgte f\u00fcr Rainer Mall am 15. Juli 1979. Die folgende standesamtliche T\u00e4tigkeit beschr\u00e4nkte sich zun\u00e4chst auf die Urlaubs- und Krankheitsvertretung seiner damaligen Kollegen Karl F\u00f6rster und Reinhilde Zich. Nach Ausscheiden Karl F\u00f6rsters aus dem aktiven Dienst \u00fcbernahm er mehr und mehr die anfallenden Trauungen im Standesamt Flieden.<!--more--><\/p>\n<p><strong>400 Paare getraut<\/strong><\/p>\n<p>Rainer Mall hat in seiner langen Zeit als Standesbeamter fast 400 Paare \u2013 gr\u00f6\u00dftenteils aus Flieden \u2013 getraut. So manche Trauung ist ihm dabei noch gut in Erinnerung geblieben. B\u00fcrgermeister Kre\u00df dankte ihm f\u00fcr sein Engagement und seine vielen Stunden, die er im Rahmen von Eheschlie\u00dfungen den Paaren und der Gemeinde gewidmet hat.<\/p>\n","protected":false},"excerpt":{"rendered":"<div class=\"tmnf_excerpt\"><p>Flieden. Der Standesbeamte Rainer Mall wurde nach 30-j\u00e4hriger T\u00e4tigkeit am 29. Juni 2009 in den wohlverdienten \u201eStandesbeamten-Ruhestand\u201c versetzt. W\u00e4hrend einer kleinen Feierstunde im Rathaus \u00fcberreichte B\u00fcrgermeister Winfried Kre\u00df eine \u201eEntlassungsurkunde\u201c, ein Buchgeschenk und einen WIFO-Gutschein als Dankesch\u00f6n. Die Ernennung zum Standesbeamten erfolgte f\u00fcr Rainer Mall am 15. Juli 1979. Die folgende standesamtliche T\u00e4tigkeit beschr\u00e4nkte sich &hellip;<\/p>\n<\/div>","protected":false},"author":1,"featured_media":0,"comment_status":"closed","ping_status":"closed","sticky":false,"template":"","format":"standard","meta":{"footnotes":""},"categories":[1,29],"tags":[],"class_list":["post-35010","post","type-post","status-publish","format-standard","hentry","category-startseite","category-politik"],"_links":{"self":[{"href":"https:\/\/www.fuldaernachrichten.de\/index.php?rest_route=\/wp\/v2\/posts\/35010","targetHints":{"allow":["GET"]}}],"collection":[{"href":"https:\/\/www.fuldaernachrichten.de\/index.php?rest_route=\/wp\/v2\/posts"}],"about":[{"href":"https:\/\/www.fuldaernachrichten.de\/index.php?rest_route=\/wp\/v2\/types\/post"}],"author":[{"embeddable":true,"href":"https:\/\/www.fuldaernachrichten.de\/index.php?rest_route=\/wp\/v2\/users\/1"}],"replies":[{"embeddable":true,"href":"https:\/\/www.fuldaernachrichten.de\/index.php?rest_route=%2Fwp%2Fv2%2Fcomments&post=35010"}],"version-history":[{"count":3,"href":"https:\/\/www.fuldaernachrichten.de\/index.php?rest_route=\/wp\/v2\/posts\/35010\/revisions"}],"predecessor-version":[{"id":35030,"href":"https:\/\/www.fuldaernachrichten.de\/index.php?rest_route=\/wp\/v2\/posts\/35010\/revisions\/35030"}],"wp:attachment":[{"href":"https:\/\/www.fuldaernachrichten.de\/index.php?rest_route=%2Fwp%2Fv2%2Fmedia&parent=35010"}],"wp:term":[{"taxonomy":"category","embeddable":true,"href":"https:\/\/www.fuldaernachrichten.de\/index.php?rest_route=%2Fwp%2Fv2%2Fcategories&post=35010"},{"taxonomy":"post_tag","embeddable":true,"href":"https:\/\/www.fuldaernachrichten.de\/index.php?rest_route=%2Fwp%2Fv2%2Ftags&post=35010"}],"curies":[{"name":"wp","href":"https:\/\/api.w.org\/{rel}","templated":true}]}}