{"id":34962,"date":"2009-07-23T05:33:59","date_gmt":"2009-07-23T03:33:59","guid":{"rendered":"http:\/\/www.schoene-nachrichten.de\/?p=34962"},"modified":"2009-07-22T21:34:51","modified_gmt":"2009-07-22T19:34:51","slug":"schwimmbaeder-der-stadt-erfreuen-sich-immer-groesserer-beliebtheit","status":"publish","type":"post","link":"https:\/\/www.fuldaernachrichten.de\/?p=34962","title":{"rendered":"Schwimmb\u00e4der der Stadt erfreuen sich immer gr\u00f6\u00dferer Beliebtheit"},"content":{"rendered":"<p><strong>Fulda. (hm)<\/strong> \u201eWir sind sehr zufrieden\u201c, mit diesen Worten bewertet Fuldas B\u00fcrgermeister und Sportdezernent Dr. Wolfgang Dippel die aktuelle Situation bei Fuldas B\u00e4dern.<\/p>\n<p><a href=\"http:\/\/www.schoene-nachrichten.de\/wp-content\/uploads\/2009\/07\/090722_sportbad1.jpg\"><img fetchpriority=\"high\" decoding=\"async\" class=\"alignnone size-medium wp-image-34965\" title=\"090722_sportbad1\" src=\"http:\/\/www.schoene-nachrichten.de\/wp-content\/uploads\/2009\/07\/090722_sportbad1-265x198.jpg\" alt=\"090722_sportbad1\" width=\"265\" height=\"198\" srcset=\"https:\/\/www.fuldaernachrichten.de\/wp-content\/uploads\/2009\/07\/090722_sportbad1-265x198.jpg 265w, https:\/\/www.fuldaernachrichten.de\/wp-content\/uploads\/2009\/07\/090722_sportbad1.jpg 600w\" sizes=\"(max-width: 265px) 100vw, 265px\" \/><\/a> <a href=\"http:\/\/www.schoene-nachrichten.de\/wp-content\/uploads\/2009\/07\/090722_sportbad2.jpg\"><img decoding=\"async\" class=\"alignnone size-medium wp-image-34966\" title=\"090722_sportbad2\" src=\"http:\/\/www.schoene-nachrichten.de\/wp-content\/uploads\/2009\/07\/090722_sportbad2-265x198.jpg\" alt=\"090722_sportbad2\" width=\"265\" height=\"198\" srcset=\"https:\/\/www.fuldaernachrichten.de\/wp-content\/uploads\/2009\/07\/090722_sportbad2-265x198.jpg 265w, https:\/\/www.fuldaernachrichten.de\/wp-content\/uploads\/2009\/07\/090722_sportbad2.jpg 600w\" sizes=\"(max-width: 265px) 100vw, 265px\" \/><\/a><!--more-->\u201eDie Besucherzahlen beim Stadtbad Esperanto nehmen von Jahr zu Jahr zu\u201c, so der B\u00fcrgermeister. Von 103.500 Besuchern im Jahr 2006 \u00fcber 150.300 im Jahr 2007 konnten im Jahr 2008 153.150 Besucherinnen und Besucher verzeichnet werden. \u201eUnd die Zahlen f\u00fcr 2009 versprechen wieder eine Steigerung, so dass wir mit der Besucherentwicklung im Stadtbad sehr zufrieden sind.\u201c<\/p>\n<p>Auch f\u00fcr Fuldas beiden weiteren Schwimmb\u00e4dern gibt es positives zu vermelden. Die Besucherzahlen sind hier \u00fcber die Jahre sehr konstant.<\/p>\n<p><strong>Wahl zwischen Stadtbad und Sportbad<\/strong><\/p>\n<p><a href=\"..\/wp-content\/uploads\/2009\/07\/090722_sportbad3.jpg\"><img decoding=\"async\" title=\"090722_sportbad3\" src=\"..\/wp-content\/uploads\/2009\/07\/090722_sportbad3-265x173.jpg\" alt=\"090722_sportbad3\" hspace=\"5\" width=\"265\" height=\"173\" align=\"left\" \/><\/a>Es ist jedoch wahrzunehmen, dass der ein oder andere Besucher zwischen dem Stadtbad Esperanto und dem Sportbad Ziehers w\u00e4hlt. Vielfach entscheiden sich die Besucher jedoch f\u00fcr das Stadtbad. \u201eWir sehen diesen Trend\u201c, so Dippel, der dies auch an dem besonderen Wellnessangebot im Stadtbad festmacht.<\/p>\n<p>F\u00fcr das Sportbad Rosenau kann die Stadt ebenfalls gute Zahlen vermelden. Die Besuchszahlen sind hier gleich bleibend. Nur der etwas verregnete Sommer 2007 zeigt einen leichten Besucherr\u00fcckgang. Im Sommer 2008 kamen wieder 130.000 jung und \u00e4ltere Schwimmer in das Freibad und genossen das k\u00fchle Nass.<\/p>\n<p>\u201eEs freut uns, wenn wir den Fuldaern und Besuchern aus nah und fern ein attraktives Angebot in Bezug auf das Element Wasser machen k\u00f6nnen. Gerade im Hinblick auf die \u00fcberall gef\u00fchrte Diskussion \u00fcber Schlie\u00dfungen und Sanierungen von Schwimmb\u00e4dern sind wir froh, dass wir unsere B\u00e4der haben und auch finanzieren k\u00f6nnen\u201c, so Dippel.<\/p>\n<p>Die Stadt ist guten Mutes und Hoffnung, dass sich der positive Trend festsetzt und anh\u00e4lt.<\/p>\n<p><strong>Ein j\u00e4hrlicher Zuwachs von ca. 20.000 Besuchern<\/strong><\/p>\n<p>Nach Auswertungen der Stadt sind die gesamten Badbesuche steigend. Waren es im Jahr 2005 noch 344.555 verkaufte Eintrittskarten, so steigerte sich die Beliebtheit kontinuierlich auf \u00fcber 400.000 im Jahr 2008. \u201eWir liegen mit unserem Angebot also richtig\u201c, res\u00fcmiert der Sportdezernent der Stadt, Dr. Dippel, und wenn das Wetter im laufenden Jahr noch ein wenig mehr Freude macht, wird diese positive Tendenz fortgesetzt.<\/p>\n","protected":false},"excerpt":{"rendered":"<div class=\"tmnf_excerpt\"><p>Fulda. (hm) \u201eWir sind sehr zufrieden\u201c, mit diesen Worten bewertet Fuldas B\u00fcrgermeister und Sportdezernent Dr. Wolfgang Dippel die aktuelle Situation bei Fuldas B\u00e4dern.<\/p>\n<\/div>","protected":false},"author":1,"featured_media":0,"comment_status":"closed","ping_status":"closed","sticky":false,"template":"","format":"standard","meta":{"footnotes":""},"categories":[1,44],"tags":[],"class_list":["post-34962","post","type-post","status-publish","format-standard","hentry","category-startseite","category-kultur"],"_links":{"self":[{"href":"https:\/\/www.fuldaernachrichten.de\/index.php?rest_route=\/wp\/v2\/posts\/34962","targetHints":{"allow":["GET"]}}],"collection":[{"href":"https:\/\/www.fuldaernachrichten.de\/index.php?rest_route=\/wp\/v2\/posts"}],"about":[{"href":"https:\/\/www.fuldaernachrichten.de\/index.php?rest_route=\/wp\/v2\/types\/post"}],"author":[{"embeddable":true,"href":"https:\/\/www.fuldaernachrichten.de\/index.php?rest_route=\/wp\/v2\/users\/1"}],"replies":[{"embeddable":true,"href":"https:\/\/www.fuldaernachrichten.de\/index.php?rest_route=%2Fwp%2Fv2%2Fcomments&post=34962"}],"version-history":[{"count":5,"href":"https:\/\/www.fuldaernachrichten.de\/index.php?rest_route=\/wp\/v2\/posts\/34962\/revisions"}],"predecessor-version":[{"id":34980,"href":"https:\/\/www.fuldaernachrichten.de\/index.php?rest_route=\/wp\/v2\/posts\/34962\/revisions\/34980"}],"wp:attachment":[{"href":"https:\/\/www.fuldaernachrichten.de\/index.php?rest_route=%2Fwp%2Fv2%2Fmedia&parent=34962"}],"wp:term":[{"taxonomy":"category","embeddable":true,"href":"https:\/\/www.fuldaernachrichten.de\/index.php?rest_route=%2Fwp%2Fv2%2Fcategories&post=34962"},{"taxonomy":"post_tag","embeddable":true,"href":"https:\/\/www.fuldaernachrichten.de\/index.php?rest_route=%2Fwp%2Fv2%2Ftags&post=34962"}],"curies":[{"name":"wp","href":"https:\/\/api.w.org\/{rel}","templated":true}]}}