{"id":34921,"date":"2009-07-22T07:00:43","date_gmt":"2009-07-22T05:00:43","guid":{"rendered":"http:\/\/www.schoene-nachrichten.de\/?p=34921"},"modified":"2009-07-22T07:33:57","modified_gmt":"2009-07-22T05:33:57","slug":"nachwuchs-war-feuer-und-flamme","status":"publish","type":"post","link":"https:\/\/www.fuldaernachrichten.de\/?p=34921","title":{"rendered":"Nachwuchs war Feuer und Flamme"},"content":{"rendered":"<p><strong>Fulda. (hm)<\/strong> Gro\u00dfen Zuspruch fand der Info-Tag f\u00fcr die Kommunionkinder der Heilig-Kreuz-Gemeinde in Maberzell, der von der Jugendfeuerwehr der Freiwilligen Feuerwehr Fulda-Maberzell veranstaltete wurde.<\/p>\n<p><a href=\"http:\/\/www.schoene-nachrichten.de\/wp-content\/uploads\/2009\/07\/090721_jfwerbertag2.jpg\"><img decoding=\"async\" class=\"alignnone size-medium wp-image-34925\" title=\"090721_jfwerbertag2\" src=\"http:\/\/www.schoene-nachrichten.de\/wp-content\/uploads\/2009\/07\/090721_jfwerbertag2-265x176.jpg\" alt=\"090721_jfwerbertag2\" width=\"265\" height=\"176\" srcset=\"https:\/\/www.fuldaernachrichten.de\/wp-content\/uploads\/2009\/07\/090721_jfwerbertag2-265x176.jpg 265w, https:\/\/www.fuldaernachrichten.de\/wp-content\/uploads\/2009\/07\/090721_jfwerbertag2.jpg 600w\" sizes=\"(max-width: 265px) 100vw, 265px\" \/><\/a> <a href=\"http:\/\/www.schoene-nachrichten.de\/wp-content\/uploads\/2009\/07\/090721_jfwerbertag3.jpg\"><img decoding=\"async\" class=\"alignnone size-medium wp-image-34924\" title=\"090721_jfwerbertag3\" src=\"http:\/\/www.schoene-nachrichten.de\/wp-content\/uploads\/2009\/07\/090721_jfwerbertag3-265x176.jpg\" alt=\"090721_jfwerbertag3\" width=\"265\" height=\"176\" srcset=\"https:\/\/www.fuldaernachrichten.de\/wp-content\/uploads\/2009\/07\/090721_jfwerbertag3-265x176.jpg 265w, https:\/\/www.fuldaernachrichten.de\/wp-content\/uploads\/2009\/07\/090721_jfwerbertag3.jpg 600w\" sizes=\"(max-width: 265px) 100vw, 265px\" \/><\/a><!--more--><\/p>\n<p>Wehrf\u00fchrer Stefan Kolb und Jugendfeuerwehrwart Uwe Silberhorn begr\u00fc\u00dften die Jungen und M\u00e4dchen zu diesem spannenden Nachmittag. Im Rahmen dieser Veranstaltung bekamen die Jugendlichen einen allgemeinen \u00dcberblick \u00fcber das Aufgabenspektrum der Feuerwehr. Neben einer Vorf\u00fchrung \u00fcber das ordnungsgem\u00e4\u00dfe Tragen der Schutzkleidung sowie \u00fcber den Einsatz einer Brandfluchthaube, die es erm\u00f6glicht, Personen aus verrauchten Bereichen zu retten, gab es auch Infos \u00fcber die allgemeine Vereinsarbeit.<\/p>\n<p><a href=\"..\/wp-content\/uploads\/2009\/07\/090721_jfwerbertag4.jpg\"><img fetchpriority=\"high\" decoding=\"async\" title=\"090721_jfwerbertag4\" src=\"..\/wp-content\/uploads\/2009\/07\/090721_jfwerbertag4-265x353.jpg\" alt=\"090721_jfwerbertag4\" hspace=\"5\" width=\"265\" height=\"353\" align=\"left\" \/><\/a>Als weitere Highlights stellten sich die Vorf\u00fchrung des Teleskopmastes der Feuerwehr Fulda sowie die Demonstration von Wasserwerfern, Strahlrohren und Hydroschildern, die aufgrund der hohen Temperaturen auch gleich f\u00fcr die notwendige Abk\u00fchlung sorgten, heraus.<\/p>\n<p>\u201eM\u00f6glicherweise diente dieser Info-Tag dazu, dass einige der teilnehmenden M\u00e4dchen und Jungen durch diese interessante Pr\u00e4sentation den Weg in die Jugendfeuerwehr finden\u201c, so B\u00fcrgermeister Dr. Wolfgang Dippel, der die Nachwuchsarbeit der Fuldaer Feuerwehr ausdr\u00fccklich lobte.<\/p>\n","protected":false},"excerpt":{"rendered":"<div class=\"tmnf_excerpt\"><p>Fulda. (hm) Gro\u00dfen Zuspruch fand der Info-Tag f\u00fcr die Kommunionkinder der Heilig-Kreuz-Gemeinde in Maberzell, der von der Jugendfeuerwehr der Freiwilligen Feuerwehr Fulda-Maberzell veranstaltete wurde.<\/p>\n<\/div>","protected":false},"author":1,"featured_media":0,"comment_status":"closed","ping_status":"closed","sticky":false,"template":"","format":"standard","meta":{"footnotes":""},"categories":[1,71],"tags":[],"class_list":["post-34921","post","type-post","status-publish","format-standard","hentry","category-startseite","category-feuerwehr"],"_links":{"self":[{"href":"https:\/\/www.fuldaernachrichten.de\/index.php?rest_route=\/wp\/v2\/posts\/34921","targetHints":{"allow":["GET"]}}],"collection":[{"href":"https:\/\/www.fuldaernachrichten.de\/index.php?rest_route=\/wp\/v2\/posts"}],"about":[{"href":"https:\/\/www.fuldaernachrichten.de\/index.php?rest_route=\/wp\/v2\/types\/post"}],"author":[{"embeddable":true,"href":"https:\/\/www.fuldaernachrichten.de\/index.php?rest_route=\/wp\/v2\/users\/1"}],"replies":[{"embeddable":true,"href":"https:\/\/www.fuldaernachrichten.de\/index.php?rest_route=%2Fwp%2Fv2%2Fcomments&post=34921"}],"version-history":[{"count":4,"href":"https:\/\/www.fuldaernachrichten.de\/index.php?rest_route=\/wp\/v2\/posts\/34921\/revisions"}],"predecessor-version":[{"id":34947,"href":"https:\/\/www.fuldaernachrichten.de\/index.php?rest_route=\/wp\/v2\/posts\/34921\/revisions\/34947"}],"wp:attachment":[{"href":"https:\/\/www.fuldaernachrichten.de\/index.php?rest_route=%2Fwp%2Fv2%2Fmedia&parent=34921"}],"wp:term":[{"taxonomy":"category","embeddable":true,"href":"https:\/\/www.fuldaernachrichten.de\/index.php?rest_route=%2Fwp%2Fv2%2Fcategories&post=34921"},{"taxonomy":"post_tag","embeddable":true,"href":"https:\/\/www.fuldaernachrichten.de\/index.php?rest_route=%2Fwp%2Fv2%2Ftags&post=34921"}],"curies":[{"name":"wp","href":"https:\/\/api.w.org\/{rel}","templated":true}]}}