{"id":34911,"date":"2009-07-24T05:26:19","date_gmt":"2009-07-24T03:26:19","guid":{"rendered":"http:\/\/www.schoene-nachrichten.de\/?p=34911"},"modified":"2009-07-24T07:26:32","modified_gmt":"2009-07-24T05:26:32","slug":"gabelstapler-fuer-die-feuerwehr","status":"publish","type":"post","link":"https:\/\/www.fuldaernachrichten.de\/?p=34911","title":{"rendered":"Gabelstapler f\u00fcr die Feuerwehr"},"content":{"rendered":"<p><strong>H\u00fcnfeld.<\/strong> Die St\u00fctzpunktfeuerwache H\u00fcnfeld soll einen gebrauchten Gabelstapler erhalten, der den bisher eingesetzten Kompaktlader ersetzen soll. Nach Angaben von Erster Stadtr\u00e4tin Monika Mihm hat der Magistrat der Stadt H\u00fcnfeld f\u00fcr die Anschaffung eines gebrauchten Ger\u00e4ts jetzt 8 000 Euro zur Verf\u00fcgung gestellt. Bei einer \u00dcberpr\u00fcfung des Altfahrzeuges hatte es sich ergeben, dass umfangreiche Reparaturarbeiten erforderlich gewesen w\u00e4ren, um die Unfallsicherheit wieder herzustellen. Diese Reparaturma\u00dfnahmen lohnten angesichts des Alters des Fahrzeugs allerdings nicht mehr. Deshalb hat der Magistrat entschieden, Mittel f\u00fcr die Anschaffung eines Gebrauchtger\u00e4ts zur Verf\u00fcgung zu stellen. Ben\u00f6tigt wird das Fahrzeug insbesondere zur Verladung von Verbrauchs-, Ausr\u00fcstungs- und \u00d6lbindemitteln, die in einem Schwerlasthochregal gelagert werden.<\/p>\n","protected":false},"excerpt":{"rendered":"<div class=\"tmnf_excerpt\"><p>H\u00fcnfeld. Die St\u00fctzpunktfeuerwache H\u00fcnfeld soll einen gebrauchten Gabelstapler erhalten, der den bisher eingesetzten Kompaktlader ersetzen soll. Nach Angaben von Erster Stadtr\u00e4tin Monika Mihm hat der Magistrat der Stadt H\u00fcnfeld f\u00fcr die Anschaffung eines gebrauchten Ger\u00e4ts jetzt 8 000 Euro zur Verf\u00fcgung gestellt. Bei einer \u00dcberpr\u00fcfung des Altfahrzeuges hatte es sich ergeben, dass umfangreiche Reparaturarbeiten erforderlich &hellip;<\/p>\n<\/div>","protected":false},"author":1,"featured_media":0,"comment_status":"closed","ping_status":"closed","sticky":false,"template":"","format":"standard","meta":{"footnotes":""},"categories":[1,71,29],"tags":[],"class_list":["post-34911","post","type-post","status-publish","format-standard","hentry","category-startseite","category-feuerwehr","category-politik"],"_links":{"self":[{"href":"https:\/\/www.fuldaernachrichten.de\/index.php?rest_route=\/wp\/v2\/posts\/34911","targetHints":{"allow":["GET"]}}],"collection":[{"href":"https:\/\/www.fuldaernachrichten.de\/index.php?rest_route=\/wp\/v2\/posts"}],"about":[{"href":"https:\/\/www.fuldaernachrichten.de\/index.php?rest_route=\/wp\/v2\/types\/post"}],"author":[{"embeddable":true,"href":"https:\/\/www.fuldaernachrichten.de\/index.php?rest_route=\/wp\/v2\/users\/1"}],"replies":[{"embeddable":true,"href":"https:\/\/www.fuldaernachrichten.de\/index.php?rest_route=%2Fwp%2Fv2%2Fcomments&post=34911"}],"version-history":[{"count":3,"href":"https:\/\/www.fuldaernachrichten.de\/index.php?rest_route=\/wp\/v2\/posts\/34911\/revisions"}],"predecessor-version":[{"id":35095,"href":"https:\/\/www.fuldaernachrichten.de\/index.php?rest_route=\/wp\/v2\/posts\/34911\/revisions\/35095"}],"wp:attachment":[{"href":"https:\/\/www.fuldaernachrichten.de\/index.php?rest_route=%2Fwp%2Fv2%2Fmedia&parent=34911"}],"wp:term":[{"taxonomy":"category","embeddable":true,"href":"https:\/\/www.fuldaernachrichten.de\/index.php?rest_route=%2Fwp%2Fv2%2Fcategories&post=34911"},{"taxonomy":"post_tag","embeddable":true,"href":"https:\/\/www.fuldaernachrichten.de\/index.php?rest_route=%2Fwp%2Fv2%2Ftags&post=34911"}],"curies":[{"name":"wp","href":"https:\/\/api.w.org\/{rel}","templated":true}]}}