{"id":3479,"date":"2007-06-07T00:20:07","date_gmt":"2007-06-06T22:20:07","guid":{"rendered":"http:\/\/www.schoene-nachrichten.de\/?p=3479"},"modified":"2007-06-07T00:21:11","modified_gmt":"2007-06-06T22:21:11","slug":"mach-dich-stark-fuer-starke-kinder-kampagne-der-caritas","status":"publish","type":"post","link":"https:\/\/www.fuldaernachrichten.de\/?p=3479","title":{"rendered":"&#8220;Mach dich stark f\u00fcr starke Kinder&#8221; &#8211; Kampagne der Caritas"},"content":{"rendered":"<p><strong>Sch\u00f6nes aus Fulda.<\/strong>\u00c2\u00a0\u201eMach Dich stark f\u00fcr starke Kinder\u201c \u2013 seit gestern prangt es un\u00fcberlesbar am Haus der Caritas in der Fuldaer Wilhelmstra\u00dfe gleich neben dem Dom: Anl\u00e4sslich der nahenden Caritas-Sommersammlung vom 11. bis 17. Juni in den hessischen Gemeinden des Bistums Fulda macht der katholische Wohlfahrtsverband in der Bischofsstadt erstmalig in dieser Form auf sein Kampagnenthema 2007 aufmerksam.<\/p>\n<p><strong>Fotos (6):<\/strong> Max Colin Heydenreich<\/p>\n<p><a rel=\"lightbox[roadtrip]\" target=\"_blank\" href=\"http:\/\/www.schoene-nachrichten.de\/wp-content\/uploads\/2007\/06\/070607_caritas_01.jpg\" title=\"070607_caritas_01.jpg\"><img decoding=\"async\" src=\"http:\/\/www.schoene-nachrichten.de\/wp-content\/uploads\/2007\/06\/070607_caritas_01.thumbnail.jpg\" alt=\"070607_caritas_01.jpg\" \/><\/a>\u00c2\u00a0<a rel=\"lightbox[roadtrip]\" target=\"_blank\" href=\"http:\/\/www.schoene-nachrichten.de\/wp-content\/uploads\/2007\/06\/070607_caritas_02.jpg\" title=\"070607_caritas_02.jpg\"><img decoding=\"async\" src=\"http:\/\/www.schoene-nachrichten.de\/wp-content\/uploads\/2007\/06\/070607_caritas_02.thumbnail.jpg\" alt=\"070607_caritas_02.jpg\" \/><\/a>\u00c2\u00a0<a rel=\"lightbox[roadtrip]\" target=\"_blank\" href=\"http:\/\/www.schoene-nachrichten.de\/wp-content\/uploads\/2007\/06\/070607_caritas_06.jpg\" title=\"070607_caritas_06.jpg\"><img decoding=\"async\" src=\"http:\/\/www.schoene-nachrichten.de\/wp-content\/uploads\/2007\/06\/070607_caritas_06.thumbnail.jpg\" alt=\"070607_caritas_06.jpg\" \/><\/a>\u00c2\u00a0<\/p>\n<p><a rel=\"lightbox[roadtrip]\" target=\"_blank\" href=\"http:\/\/www.schoene-nachrichten.de\/wp-content\/uploads\/2007\/06\/070607_caritas_05.jpg\" title=\"070607_caritas_05.jpg\"><img decoding=\"async\" src=\"http:\/\/www.schoene-nachrichten.de\/wp-content\/uploads\/2007\/06\/070607_caritas_05.thumbnail.jpg\" alt=\"070607_caritas_05.jpg\" \/><\/a>\u00c2\u00a0<a rel=\"lightbox[roadtrip]\" target=\"_blank\" href=\"http:\/\/www.schoene-nachrichten.de\/wp-content\/uploads\/2007\/06\/070607_caritas_03.jpg\" title=\"070607_caritas_03.jpg\"><img decoding=\"async\" src=\"http:\/\/www.schoene-nachrichten.de\/wp-content\/uploads\/2007\/06\/070607_caritas_03.thumbnail.jpg\" alt=\"070607_caritas_03.jpg\" \/><\/a>\u00c2\u00a0<a rel=\"lightbox[roadtrip]\" target=\"_blank\" href=\"http:\/\/www.schoene-nachrichten.de\/wp-content\/uploads\/2007\/06\/070607_caritas_04.jpg\" title=\"070607_caritas_04.jpg\"><img decoding=\"async\" src=\"http:\/\/www.schoene-nachrichten.de\/wp-content\/uploads\/2007\/06\/070607_caritas_04.thumbnail.jpg\" alt=\"070607_caritas_04.jpg\" \/><\/a><\/p>\n<p><!--more-->Im Rahmen der auf drei Jahre angelegten Caritas-\u201eBef\u00e4higungsinitiative\u201c setzt sich die Caritas w\u00e4hrend des laufenden Jahres speziell f\u00fcr benachteiligte junge Menschen ein. Im Zeitalter von Hartz IV ist die Kinderarmut in Deutschland auf dem Vormarsch: Von rund 12 Mio. Kindern unter 15 Jahren leben etwa zwei Mio. in Abh\u00e4ngigkeit von Sozialleistungen. Auf ihre angespannte Situation soll mit dem Jahresthema\u00c2\u00a0 aufmerksam gemacht werden; gleichzeitig geht es darum darauf hinzuwirken, dass alle Kinder und Jugendlichen in Deutschland \u00fcber Schulbildung und Berufsausbildung eine echte Bef\u00e4higung erhalten, das eigene Leben meistern zu k\u00f6nnen.\u00c2\u00a0<\/p>\n<p>Informationen zur Jahreskampagne 2007 und zur Bef\u00e4higungsinitiative erhalten Interessierte via Internet unter <a target=\"_blank\" href=\"http:\/\/www.caritas.de\/\">http:\/\/www.caritas.de\/<\/a> und <a target=\"_blank\" href=\"http:\/\/www.caritas-fulda.de\/\">http:\/\/www.caritas-fulda.de\/<\/a> sowie beim Referat f\u00fcr Presse- und \u00d6ffentlichkeitsarbeit des Caritasverbandes f\u00fcr die Di\u00f6zese Fulda: Telefon 0661\/2428-160, E-Mail <a href=\"mailto:oeffentlichkeitsarbeit@caritas-fulda.de\">oeffentlichkeitsarbeit@caritas-fulda.de<\/a>. Dort gibt es nat\u00fcrlich auch Informationen bei R\u00fcckfragen zur Caritas-Sammlung. (cif)<\/p>\n","protected":false},"excerpt":{"rendered":"<div class=\"tmnf_excerpt\"><p>Sch\u00f6nes aus Fulda.\u00c2\u00a0\u201eMach Dich stark f\u00fcr starke Kinder\u201c \u2013 seit gestern prangt es un\u00fcberlesbar am Haus der Caritas in der Fuldaer Wilhelmstra\u00dfe gleich neben dem Dom: Anl\u00e4sslich der nahenden Caritas-Sommersammlung vom 11. bis 17. Juni in den hessischen Gemeinden des Bistums Fulda macht der katholische Wohlfahrtsverband in der Bischofsstadt erstmalig in dieser Form auf sein &hellip;<\/p>\n<\/div>","protected":false},"author":1,"featured_media":0,"comment_status":"closed","ping_status":"closed","sticky":false,"template":"","format":"standard","meta":{"footnotes":""},"categories":[1,50],"tags":[],"class_list":["post-3479","post","type-post","status-publish","format-standard","hentry","category-startseite","category-kirche"],"_links":{"self":[{"href":"https:\/\/www.fuldaernachrichten.de\/index.php?rest_route=\/wp\/v2\/posts\/3479","targetHints":{"allow":["GET"]}}],"collection":[{"href":"https:\/\/www.fuldaernachrichten.de\/index.php?rest_route=\/wp\/v2\/posts"}],"about":[{"href":"https:\/\/www.fuldaernachrichten.de\/index.php?rest_route=\/wp\/v2\/types\/post"}],"author":[{"embeddable":true,"href":"https:\/\/www.fuldaernachrichten.de\/index.php?rest_route=\/wp\/v2\/users\/1"}],"replies":[{"embeddable":true,"href":"https:\/\/www.fuldaernachrichten.de\/index.php?rest_route=%2Fwp%2Fv2%2Fcomments&post=3479"}],"version-history":[{"count":0,"href":"https:\/\/www.fuldaernachrichten.de\/index.php?rest_route=\/wp\/v2\/posts\/3479\/revisions"}],"wp:attachment":[{"href":"https:\/\/www.fuldaernachrichten.de\/index.php?rest_route=%2Fwp%2Fv2%2Fmedia&parent=3479"}],"wp:term":[{"taxonomy":"category","embeddable":true,"href":"https:\/\/www.fuldaernachrichten.de\/index.php?rest_route=%2Fwp%2Fv2%2Fcategories&post=3479"},{"taxonomy":"post_tag","embeddable":true,"href":"https:\/\/www.fuldaernachrichten.de\/index.php?rest_route=%2Fwp%2Fv2%2Ftags&post=3479"}],"curies":[{"name":"wp","href":"https:\/\/api.w.org\/{rel}","templated":true}]}}