{"id":3477,"date":"2007-06-06T00:07:53","date_gmt":"2007-06-05T22:07:53","guid":{"rendered":"http:\/\/www.schoene-nachrichten.de\/?p=3477"},"modified":"2007-06-06T00:08:12","modified_gmt":"2007-06-05T22:08:12","slug":"labour-politiker-besuchten-das-biosphaerenreservat-rhoen","status":"publish","type":"post","link":"https:\/\/www.fuldaernachrichten.de\/?p=3477","title":{"rendered":"Labour-Politiker besuchten Biosph\u00e4renreservat Rh\u00f6n"},"content":{"rendered":"<p><strong>Sch\u00f6nes aus K\u00fcnzell.<\/strong> Auf Einladung der SPD K\u00fcnzell weilte eine kleine Delegationsgruppe von Labour-Politikern aus Manchester in der Rh\u00f6n. Im Rahmen des Besuchsprogramms wurde auch das Biosph\u00e4renreservat Rh\u00f6n besucht. Martin Kremer, Mitarbeiter des Landkreises Fulda Sachgebiet Biosph\u00e4renreservat Rh\u00f6n, stellte den beiden Abgeordneten des Bezirksparlamentes von Manchester und dem Vertreter der Jugendorganisation der Labour-Partei die Geschichte und die Zielsetzungen des Biosph\u00e4renreservates Rh\u00f6n vor. <!--more--><\/p>\n<p>Im Mittelpunkt standen Regionalentwicklungsprojekte im Bereich Landwirtschaft und Tourismus. Auch regionale Ma\u00dfnahmen zum Klimaschutz wurden er\u00f6rtert. Im Anschluss f\u00fchrte Naturschutzwart Joachim Walter die kleine Delegation, die von SPD-Politikern von K\u00fcnzell begleitet wurde, rund um die Wasserkuppe. Hier wurde das Zusammenspiel von Naturschutz und Flugsport erl\u00e4utert, die Bedeutung der Borstgrasrasen besprochen und auch auf die spannende Geschichte der Wasserkuppe eingegangen.<\/p>\n","protected":false},"excerpt":{"rendered":"<div class=\"tmnf_excerpt\"><p>Sch\u00f6nes aus K\u00fcnzell. Auf Einladung der SPD K\u00fcnzell weilte eine kleine Delegationsgruppe von Labour-Politikern aus Manchester in der Rh\u00f6n. Im Rahmen des Besuchsprogramms wurde auch das Biosph\u00e4renreservat Rh\u00f6n besucht. Martin Kremer, Mitarbeiter des Landkreises Fulda Sachgebiet Biosph\u00e4renreservat Rh\u00f6n, stellte den beiden Abgeordneten des Bezirksparlamentes von Manchester und dem Vertreter der Jugendorganisation der Labour-Partei die Geschichte &hellip;<\/p>\n<\/div>","protected":false},"author":1,"featured_media":0,"comment_status":"closed","ping_status":"closed","sticky":false,"template":"","format":"standard","meta":{"footnotes":""},"categories":[1,44,29,52],"tags":[],"class_list":["post-3477","post","type-post","status-publish","format-standard","hentry","category-startseite","category-kultur","category-politik","category-umwelt"],"_links":{"self":[{"href":"https:\/\/www.fuldaernachrichten.de\/index.php?rest_route=\/wp\/v2\/posts\/3477","targetHints":{"allow":["GET"]}}],"collection":[{"href":"https:\/\/www.fuldaernachrichten.de\/index.php?rest_route=\/wp\/v2\/posts"}],"about":[{"href":"https:\/\/www.fuldaernachrichten.de\/index.php?rest_route=\/wp\/v2\/types\/post"}],"author":[{"embeddable":true,"href":"https:\/\/www.fuldaernachrichten.de\/index.php?rest_route=\/wp\/v2\/users\/1"}],"replies":[{"embeddable":true,"href":"https:\/\/www.fuldaernachrichten.de\/index.php?rest_route=%2Fwp%2Fv2%2Fcomments&post=3477"}],"version-history":[{"count":0,"href":"https:\/\/www.fuldaernachrichten.de\/index.php?rest_route=\/wp\/v2\/posts\/3477\/revisions"}],"wp:attachment":[{"href":"https:\/\/www.fuldaernachrichten.de\/index.php?rest_route=%2Fwp%2Fv2%2Fmedia&parent=3477"}],"wp:term":[{"taxonomy":"category","embeddable":true,"href":"https:\/\/www.fuldaernachrichten.de\/index.php?rest_route=%2Fwp%2Fv2%2Fcategories&post=3477"},{"taxonomy":"post_tag","embeddable":true,"href":"https:\/\/www.fuldaernachrichten.de\/index.php?rest_route=%2Fwp%2Fv2%2Ftags&post=3477"}],"curies":[{"name":"wp","href":"https:\/\/api.w.org\/{rel}","templated":true}]}}