{"id":34735,"date":"2009-07-18T05:45:00","date_gmt":"2009-07-18T03:45:00","guid":{"rendered":"http:\/\/www.schoene-nachrichten.de\/?p=34735"},"modified":"2009-07-18T09:53:16","modified_gmt":"2009-07-18T07:53:16","slug":"staedtische-jugendfeuerwehr-startet-mit-dem-fahrrad-zum-zeltlager-in-der-rhoen","status":"publish","type":"post","link":"https:\/\/www.fuldaernachrichten.de\/?p=34735","title":{"rendered":"St\u00e4dtische Jugendfeuerwehr startet mit dem Fahrrad zum Zeltlager in der Rh\u00f6n"},"content":{"rendered":"<p><strong>Fulda. <\/strong>(hm) Es sah aus, als ob 100 kleine Feuerwehrfrauen und -m\u00e4nner hurtig zum Einsatz fuhren. Jeder mit eigenem Fahrrad und Helm bewaffnet, machten sich die M\u00e4dels und Jungs der Fuldaer Jugendfeuerwehren auf den Weg zum diesj\u00e4hrigen Zeltlager in der Hochrh\u00f6n.<\/p>\n<p><a href=\"http:\/\/www.schoene-nachrichten.de\/wp-content\/uploads\/2009\/07\/DSC_0204.jpg\"><img decoding=\"async\" class=\"alignnone size-thumbnail wp-image-34737\" title=\"Magistratspressestelle\" src=\"http:\/\/www.schoene-nachrichten.de\/wp-content\/uploads\/2009\/07\/DSC_0204-265x176.jpg\" alt=\"Magistratspressestelle\" width=\"265\" height=\"176\" srcset=\"https:\/\/www.fuldaernachrichten.de\/wp-content\/uploads\/2009\/07\/DSC_0204-265x176.jpg 265w, https:\/\/www.fuldaernachrichten.de\/wp-content\/uploads\/2009\/07\/DSC_0204.jpg 902w\" sizes=\"(max-width: 265px) 100vw, 265px\" \/><\/a> <a href=\"http:\/\/www.schoene-nachrichten.de\/wp-content\/uploads\/2009\/07\/DSC_0203.jpg\"><img decoding=\"async\" class=\"alignnone size-thumbnail wp-image-34736\" title=\"Magistratspressestelle\" src=\"http:\/\/www.schoene-nachrichten.de\/wp-content\/uploads\/2009\/07\/DSC_0203-265x176.jpg\" alt=\"Magistratspressestelle\" width=\"265\" height=\"176\" srcset=\"https:\/\/www.fuldaernachrichten.de\/wp-content\/uploads\/2009\/07\/DSC_0203-265x176.jpg 265w, https:\/\/www.fuldaernachrichten.de\/wp-content\/uploads\/2009\/07\/DSC_0203.jpg 902w\" sizes=\"(max-width: 265px) 100vw, 265px\" \/><\/a><!--more--><br \/>\n<strong>\u201eJugendfeuerwehrweg wurde eingeweiht\u201c<\/strong><\/p>\n<p>B\u00fcrgermeister Dr. Wolfgang Dippel und Vize-Feuerwehrchef Werner Greve durchschnitten zusammen mit Marco Taschner das rot-wei\u00dfe Band f\u00fcr den heutigen Jugendfeuerwehrweg in Richtung Rh\u00f6n. Die jungen Radfahrer im Alter von 10 bis 17 Jahre konnten es kaum erwarten, bis es endlich hie\u00df: \u201eAuf die Pl\u00e4tze, fertig und in die Pedalen treten\u201c. Mit diesem Startschuss wurde der allseits beliebte Milseburgradweg einmal kurz zum Jugendfeuerwehrweg. Denn die 100 Jugendlichen mit ihren Betreuern nahmen den Startpunkt am Parkplatz G\u00f6tzenhof vollends in Belagerung. Gep\u00e4ck, welches f\u00fcr das 5-t\u00e4gige Zeltlager ben\u00f6tigt wird, wurde in den Feuerwehrlogistiklaster verladen, so dass man nur noch das Eigengewicht per Bike nach Hilders bringen musste.<\/p>\n<p><a href=\"http:\/\/www.schoene-nachrichten.de\/wp-content\/uploads\/2009\/07\/DSC_0212.jpg\"><img decoding=\"async\" class=\"alignnone size-thumbnail wp-image-34738\" title=\"Magistratspressestelle\" src=\"http:\/\/www.schoene-nachrichten.de\/wp-content\/uploads\/2009\/07\/DSC_0212-265x176.jpg\" alt=\"Magistratspressestelle\" width=\"265\" height=\"176\" srcset=\"https:\/\/www.fuldaernachrichten.de\/wp-content\/uploads\/2009\/07\/DSC_0212-265x176.jpg 265w, https:\/\/www.fuldaernachrichten.de\/wp-content\/uploads\/2009\/07\/DSC_0212.jpg 902w\" sizes=\"(max-width: 265px) 100vw, 265px\" \/><\/a> <a href=\"http:\/\/www.schoene-nachrichten.de\/wp-content\/uploads\/2009\/07\/DSC_0227.jpg\"><img loading=\"lazy\" decoding=\"async\" class=\"alignnone size-thumbnail wp-image-34739\" title=\"Magistratspressestelle\" src=\"http:\/\/www.schoene-nachrichten.de\/wp-content\/uploads\/2009\/07\/DSC_0227-265x176.jpg\" alt=\"Magistratspressestelle\" width=\"265\" height=\"176\" srcset=\"https:\/\/www.fuldaernachrichten.de\/wp-content\/uploads\/2009\/07\/DSC_0227-265x176.jpg 265w, https:\/\/www.fuldaernachrichten.de\/wp-content\/uploads\/2009\/07\/DSC_0227.jpg 902w\" sizes=\"(max-width: 265px) 100vw, 265px\" \/><\/a><br \/>\n<strong><br \/>\nZeltlager f\u00f6rdert den Zusammenhalt und gilt als Belohnung<\/strong><\/p>\n<p>Die Jugendfeuerwehrleute aus allen Fuldaer Jugendfeuerwehren treffen sich alle zwei Jahre zum Zeltlager. \u201eDies ist immer eine tolle Sache und die Spiele im Lager sind das Gr\u00f6\u00dfte\u201c, so der 11-j\u00e4hrige Sebastian. Marco Taschner, Stadtjugendfeuerwehrwart, organisierte das diesj\u00e4hrige Zeltlager einmal ganz anders. \u201eFr\u00fcher wurden die Jungs und M\u00e4dels von den Eltern bis zum Lager gefahren. Wir wollten auch den Start einmal als Event darstellen. Es fiel uns der Milseburgradweg ein und eine Fahrradtour zum Zeltplatz. Die Idee kam prima an und so war der Gedanke Programm\u201c, so Taschner.<\/p>\n<p><a href=\"http:\/\/www.schoene-nachrichten.de\/wp-content\/uploads\/2009\/07\/DSC_0236.jpg\"><img loading=\"lazy\" decoding=\"async\" class=\"alignnone size-thumbnail wp-image-34740\" title=\"Magistratspressestelle\" src=\"http:\/\/www.schoene-nachrichten.de\/wp-content\/uploads\/2009\/07\/DSC_0236-265x176.jpg\" alt=\"Magistratspressestelle\" width=\"265\" height=\"176\" srcset=\"https:\/\/www.fuldaernachrichten.de\/wp-content\/uploads\/2009\/07\/DSC_0236-265x176.jpg 265w, https:\/\/www.fuldaernachrichten.de\/wp-content\/uploads\/2009\/07\/DSC_0236.jpg 902w\" sizes=\"(max-width: 265px) 100vw, 265px\" \/><\/a> <a href=\"http:\/\/www.schoene-nachrichten.de\/wp-content\/uploads\/2009\/07\/DSC_0238.jpg\"><img loading=\"lazy\" decoding=\"async\" class=\"alignnone size-thumbnail wp-image-34741\" title=\"Magistratspressestelle\" src=\"http:\/\/www.schoene-nachrichten.de\/wp-content\/uploads\/2009\/07\/DSC_0238-265x176.jpg\" alt=\"Magistratspressestelle\" width=\"265\" height=\"176\" srcset=\"https:\/\/www.fuldaernachrichten.de\/wp-content\/uploads\/2009\/07\/DSC_0238-265x176.jpg 265w, https:\/\/www.fuldaernachrichten.de\/wp-content\/uploads\/2009\/07\/DSC_0238.jpg 902w\" sizes=\"(max-width: 265px) 100vw, 265px\" \/><\/a><\/p>\n<p>Sichtlich erfreut und auch ein wenig \u00e4rgerlich zeigte sich B\u00fcrgermeister Dippel. \u00c4rgerlich deshalb, das er nicht per Pedes mitfahren konnte. \u201eDer Oberb\u00fcrgermeister ist im Urlaub und ich habe noch so viele Termine. Aber beim n\u00e4chsten Mal seht ihr mich mit dem Fahrrad hier, ich fahre dann mit Euch\u201c, ruft Dippel den startklaren Jugendlichen zu.<\/p>\n<p><strong>Schnipp schnapp \u2013 die R\u00e4der fuhren in Richtung Hilders<\/strong><\/p>\n<p>Mit einem Schnipp schnapp er\u00f6ffneten Dippel, Greve und Taschner den \u201eFeuerwehrrad-Highway\u201c, der wohl geordnet aber auch st\u00fcrmisch von den zuk\u00fcnftigen Feuerwehrleuten befahren wurde.<\/p>\n","protected":false},"excerpt":{"rendered":"<div class=\"tmnf_excerpt\"><p>Fulda. (hm) Es sah aus, als ob 100 kleine Feuerwehrfrauen und -m\u00e4nner hurtig zum Einsatz fuhren. Jeder mit eigenem Fahrrad und Helm bewaffnet, machten sich die M\u00e4dels und Jungs der Fuldaer Jugendfeuerwehren auf den Weg zum diesj\u00e4hrigen Zeltlager in der Hochrh\u00f6n.<\/p>\n<\/div>","protected":false},"author":1,"featured_media":0,"comment_status":"closed","ping_status":"closed","sticky":false,"template":"","format":"standard","meta":{"footnotes":""},"categories":[1,71,72,29],"tags":[],"class_list":["post-34735","post","type-post","status-publish","format-standard","hentry","category-startseite","category-feuerwehr","category-jugend","category-politik"],"_links":{"self":[{"href":"https:\/\/www.fuldaernachrichten.de\/index.php?rest_route=\/wp\/v2\/posts\/34735","targetHints":{"allow":["GET"]}}],"collection":[{"href":"https:\/\/www.fuldaernachrichten.de\/index.php?rest_route=\/wp\/v2\/posts"}],"about":[{"href":"https:\/\/www.fuldaernachrichten.de\/index.php?rest_route=\/wp\/v2\/types\/post"}],"author":[{"embeddable":true,"href":"https:\/\/www.fuldaernachrichten.de\/index.php?rest_route=\/wp\/v2\/users\/1"}],"replies":[{"embeddable":true,"href":"https:\/\/www.fuldaernachrichten.de\/index.php?rest_route=%2Fwp%2Fv2%2Fcomments&post=34735"}],"version-history":[{"count":6,"href":"https:\/\/www.fuldaernachrichten.de\/index.php?rest_route=\/wp\/v2\/posts\/34735\/revisions"}],"predecessor-version":[{"id":34816,"href":"https:\/\/www.fuldaernachrichten.de\/index.php?rest_route=\/wp\/v2\/posts\/34735\/revisions\/34816"}],"wp:attachment":[{"href":"https:\/\/www.fuldaernachrichten.de\/index.php?rest_route=%2Fwp%2Fv2%2Fmedia&parent=34735"}],"wp:term":[{"taxonomy":"category","embeddable":true,"href":"https:\/\/www.fuldaernachrichten.de\/index.php?rest_route=%2Fwp%2Fv2%2Fcategories&post=34735"},{"taxonomy":"post_tag","embeddable":true,"href":"https:\/\/www.fuldaernachrichten.de\/index.php?rest_route=%2Fwp%2Fv2%2Ftags&post=34735"}],"curies":[{"name":"wp","href":"https:\/\/api.w.org\/{rel}","templated":true}]}}