{"id":3469,"date":"2007-06-04T14:30:32","date_gmt":"2007-06-04T12:30:32","guid":{"rendered":"http:\/\/www.schoene-nachrichten.de\/?p=3469"},"modified":"2007-06-04T23:55:22","modified_gmt":"2007-06-04T21:55:22","slug":"baumaengel-am-neuen-bahnhof-flieden-werden-behoben","status":"publish","type":"post","link":"https:\/\/www.fuldaernachrichten.de\/?p=3469","title":{"rendered":"Baum\u00e4ngel am neuen Bahnhof Flieden werden behoben"},"content":{"rendered":"<p><strong>Flieden.<\/strong> Am 11. Juni dieses Jahres wird mit der Sanierung der neuen behindertengerechten Zuwegung \u00fcber zwei Rampen und einer Unterf\u00fchrung zu den Bahnsteigen im Fliedener Bahnhof begonnen. Dies ist die Antwort des Referenten beim Konzernbevollm\u00e4chtigen der DB AG in Hessen, Herrn Gerd Drexl, auf eine erneute Nachfrage des Fliedener SPD-Fraktionschefs Winfried M\u00f6ller. <!--more--><br \/>\n\u201eDamit wird endlich meiner monatelangen permanenten Kritik Folge geleistet und der bucklige Asphaltbelag durch eine neue glatte Oberfl\u00e4chenbeschichtung ersetzt und weitere M\u00e4ngel an der neuen Verkehrsstation behoben\u201c, freut sich M\u00f6ller.<\/p>\n<p>\u201eDas erneut aufgetretene Hochwasser im gesamten Bereich der neu gebauten Unterf\u00fchrung zu den Gleisen im Bahnhof Flieden nach dem Starkregen am 26. Mai war f\u00fcr mich Anlass, dies mit Fotos zu dokumentieren und an die Verantwortliche der DB AG zu \u00fcbermitteln\u201c, schreibt M\u00f6ller weiter. In diesem Zusammenhang wurde an die Sanierungszusage von 13. M\u00e4rz erinnert und nach dem Beginn der Arbeiten gefragt.<\/p>\n<p>\u201eIch kann Ihnen nunmehr mitteilen\u201c, antwortet der DB AG-Mitarbeiter Drexl w\u00f6rtlich, \u201edass mit der Beseitigung der M\u00e4ngel an der Verkehrsstation Flieden am 11. Juni begonnen werden wird. Mit einem Abschluss aller notwendigen Arbeiten rechnen wir im August. Wir haben uns f\u00fcr einen Bauablauf in diesem Zeitraum entschieden, um die Verkehrssicherheit und -t\u00fcchtigkeit der Station w\u00e4hrend jeder Bauphase sicherstellen zu k\u00f6nnen.<\/p>\n<p>Au\u00dferdem ist so gew\u00e4hrleistet, dass die von Ihnen (M\u00f6ller) besonders kritisierten Arbeiten am Gussasphalt in den Schulferien ausgef\u00fchrt werden, da w\u00e4hrend dieser Zeit mit weniger Fahrg\u00e4sten zu rechnen ist\u201c. Weiter hei\u00dft es in der Antwort der DB AG, dass seitens des ausf\u00fchrenden\u00c2\u00a0 Unternehmens die Wandfliesen, die Entw\u00e4sserung und die Gu\u00dfasphaltfl\u00e4chen in Angriff genommen werden.<\/p>\n<p>\u201eDie Deutsche Bahn AG wird durchsetzen, dass die Anspr\u00fcche aller Beteiligten gewahrt werden und letztendlich der gemeinde Flieden eine einwandfreie Verkehrsstation zur Verf\u00fcgung stehen wird\u201c, hei\u00dft es abschlie\u00dfend in der Antwort von\u00c2\u00a0Drexl.<\/p>\n","protected":false},"excerpt":{"rendered":"<div class=\"tmnf_excerpt\"><p>Flieden. Am 11. Juni dieses Jahres wird mit der Sanierung der neuen behindertengerechten Zuwegung \u00fcber zwei Rampen und einer Unterf\u00fchrung zu den Bahnsteigen im Fliedener Bahnhof begonnen. Dies ist die Antwort des Referenten beim Konzernbevollm\u00e4chtigen der DB AG in Hessen, Herrn Gerd Drexl, auf eine erneute Nachfrage des Fliedener SPD-Fraktionschefs Winfried M\u00f6ller.<\/p>\n<\/div>","protected":false},"author":1,"featured_media":0,"comment_status":"closed","ping_status":"closed","sticky":false,"template":"","format":"standard","meta":{"footnotes":""},"categories":[1,29],"tags":[],"class_list":["post-3469","post","type-post","status-publish","format-standard","hentry","category-startseite","category-politik"],"_links":{"self":[{"href":"https:\/\/www.fuldaernachrichten.de\/index.php?rest_route=\/wp\/v2\/posts\/3469","targetHints":{"allow":["GET"]}}],"collection":[{"href":"https:\/\/www.fuldaernachrichten.de\/index.php?rest_route=\/wp\/v2\/posts"}],"about":[{"href":"https:\/\/www.fuldaernachrichten.de\/index.php?rest_route=\/wp\/v2\/types\/post"}],"author":[{"embeddable":true,"href":"https:\/\/www.fuldaernachrichten.de\/index.php?rest_route=\/wp\/v2\/users\/1"}],"replies":[{"embeddable":true,"href":"https:\/\/www.fuldaernachrichten.de\/index.php?rest_route=%2Fwp%2Fv2%2Fcomments&post=3469"}],"version-history":[{"count":0,"href":"https:\/\/www.fuldaernachrichten.de\/index.php?rest_route=\/wp\/v2\/posts\/3469\/revisions"}],"wp:attachment":[{"href":"https:\/\/www.fuldaernachrichten.de\/index.php?rest_route=%2Fwp%2Fv2%2Fmedia&parent=3469"}],"wp:term":[{"taxonomy":"category","embeddable":true,"href":"https:\/\/www.fuldaernachrichten.de\/index.php?rest_route=%2Fwp%2Fv2%2Fcategories&post=3469"},{"taxonomy":"post_tag","embeddable":true,"href":"https:\/\/www.fuldaernachrichten.de\/index.php?rest_route=%2Fwp%2Fv2%2Ftags&post=3469"}],"curies":[{"name":"wp","href":"https:\/\/api.w.org\/{rel}","templated":true}]}}