{"id":3467,"date":"2007-06-04T23:51:31","date_gmt":"2007-06-04T21:51:31","guid":{"rendered":"http:\/\/www.schoene-nachrichten.de\/?p=3467"},"modified":"2007-06-04T23:51:31","modified_gmt":"2007-06-04T21:51:31","slug":"kanu-club-fulda-ueberragend-bei-deutschen-meisterschaften","status":"publish","type":"post","link":"https:\/\/www.fuldaernachrichten.de\/?p=3467","title":{"rendered":"Kanu-Club-Fulda \u00fcberragend bei Deutschen Meisterschaften"},"content":{"rendered":"<p><strong><a rel=\"lightbox[roadtrip]\" target=\"_blank\" href=\"http:\/\/www.schoene-nachrichten.de\/wp-content\/uploads\/2007\/06\/070604_kaspar-zoth.jpg\" title=\"070604_kaspar-zoth.jpg\"><img decoding=\"async\" align=\"left\" src=\"http:\/\/www.schoene-nachrichten.de\/wp-content\/uploads\/2007\/06\/070604_kaspar-zoth.thumbnail.jpg\" hspace=\"5\" alt=\"070604_kaspar-zoth.jpg\" \/><\/a>Sport.<\/strong>\u00c2\u00a0Acht Goldmedaillen eingefahren und damit die gestellten Erwartungen weit \u00fcbertroffen. Dazu wurden die Titel des erfolgreichsten Vereins und des erfolgreichsten Sportlers errungen. Und als Sahneh\u00e4ubchen zwei Sportler f\u00fcr die Junioren-Weltmeisterschaft qualifiziert. Die Sportler des Kanu-Club-Fulda sind bei den Deutschen Meisterschaften im Kanu-Wildwasserrennsport voll durchgestartet und haben ihre gesamte Klasse unter Beweis gestellt.<!--more--><\/p>\n<p>Im \u00f6sterreichischen Lofer auf der Saalach war der Juniorenfahrer Kasper Zoth \u00fcberragender Sportler aus Fuldaer Sicht. Er sicherte sich jeweils die Goldmedaille in seinen beiden Einzelrennen auf der Sprint und auf der Classicdistanz. Zudem gewann er mit seinen Mannschaftskollegen Dominik Heldmann und Niklas Grimm die Goldmedaille mit der Sprint- und der Classicmannschaft.<\/p>\n<p>Zoth war somit an der H\u00e4lfte aller Fuldaer Goldmedaillen beteiligt und wurde au\u00dferdem erfolgreichste Teilnehmer bei den Meisterschaften. Die Belohnung f\u00fcr seine Siege war die Qualifikation f\u00fcr die diesj\u00e4hrigen Juniorenweltmeisterschaften in Charlotte \/ USA. \u201eDas war einfach ein Wahnsinns Wochenende f\u00fcr mich. Ich wusste, dass ich gut drauf bin. Aber dass es letztendlich so \u00fcberragende Leistungen waren, \u00fcberrascht mich schon ein wenig. Jetzt hei\u00dft es in den n\u00e4chsten f\u00fcnf Wochen noch mal voll durchtrainieren, damit die WM m\u00f6glichst auch genauso gut l\u00e4uft.\u201c So der 17-j\u00e4hrige \u00fcber seine Siege.<\/p>\n<p>Mit Janina Piaskowski hat sich hat sich eine weitere Fuldaer Sportlerin f\u00fcr die WM der Junioren qualifiziert. Sie sicherte sich im Sprintrennen der Junioren den zweiten Platz. Im Sprintrennen der weiblichen Jugend setzte sie dann noch einen drauf und spielte ihre ganze Klasse aus. Am Ende gewann sie ihr Rennen in \u00fcberlegener Manier. Damit war auch f\u00fcr sie die Qualifikation in trockenen T\u00fcchern.<\/p>\n<p>Zusammen mit ihrem Teamkollegen Zoth geht es am 11. Juli nach Charlotte zu den internationalen Welttitelk\u00e4mpfen. Zu ihren Ambitionen dort meint Janina: \u201eIch will und kann mich auf genaue Platzierungen jetzt noch nicht \u00e4u\u00dfern. Denn diese h\u00e4ngen neben der Form auch von den Streckenverh\u00e4ltnissen ab. Und da noch niemand von uns die Strecken in \u00dcbersee kennt, ist es alles schwierig einzusch\u00e4tzen. Aber eine Top Ten Platzierung mit der Mannschaft w\u00e4re nat\u00fcrlich schon Klasse.\u201c<\/p>\n<p>Den beiden WM-Teilnehmern stand der Jugendfahrer Felix Stark in nichts nach. Mit insgesamt drei Goldmedaillen war er zweitbester Fuldaer Sportler. Auf der Classicdistanz musste er sich noch mit dem zweiten Platz zufrieden geben. Mi etwas Wut im Bauch dominierte Felix jedoch auf seiner Spezialstrecke, dem Sprint und fuhr einen ungef\u00e4hrdeten Sieg ein.\u00c2\u00a0 Mit seinen Vereinskameraden Dominik Pietron und Maurice Koch gewann er zudem die Titel sowohl im Classic- als auch im Sprintteamwettbewerb.<\/p>\n<p>Mit\u00c2\u00a0 acht Goldmedaillen, sieben silbernen und zwei Bronzemedaillen gewannen die Domst\u00e4dter die Vereinswertung der Meisterschaft und ernteten von allen Seiten gro\u00dfes Lob. Cheftrainer Harald Piaskowski z\u00e4hlt dieses Abschneiden bei Deutschen Meisterschaften zu den erfolgreichsten in seiner Trainerlaufbahn. \u201eIch wusste, dass wir gut drauf sind. Aber mit dieser Medaillenflut h\u00e4tte ich nie gerechnet.<\/p>\n<p>Das ist der Lohn f\u00fcr die harte Trainingsarbeit im Winter und entsch\u00e4digt die vielen Trainingseinheiten bei Regen und Schnee. Gro\u00dfes Lob an die Sportler. Und dass dann noch zwei meiner Sportler zu den Weltmeisterschaften fliegen, \u00fcbertrifft einfach alles.\u201c Allerdings habe es denn Nachteil, dass f\u00fcr Janina und Kaspar jetzt keine Zeit zum Ausruhen komme. \u201eDie n\u00e4chsten Wochen werden noch h\u00e4rter, damit wir die Form bis zur WM noch steigern k\u00f6nnen.\u201c<\/p>\n<p>Zum Abschluss des erfolgreichen Gold-Wochenendes\u00c2\u00a0 gab es einen gro\u00dfen Empfang am Bootshaus des Kanu-Club Fulda. Ca. 50 Eltern, Vereinsmitglieder und Freunde der Kanuten waren gekommen, um das erfolgreiche Team geb\u00fchrend mit Sektdusche und Grillspezialit\u00e4ten zu empfangen und zu ehren. (dp)<\/p>\n<p><strong>Weitere Ergebnisse: Einzel: Sprint \/ Classic<\/strong><\/p>\n<p>Weibliche Jugend: Janina Piaskowski 3. \/ 1. ;Levke Sch\u00fctte 9. \/ 10.<br \/>\nWeibliche Sch\u00fcler A: Fabienne Pietron 7. \/ 8.<br \/>\nWeibliche Sch\u00fcler B: Lilofee Stark 2. \/ 2.<br \/>\nSch\u00fcler C: Celine Dajek 2. \/ 2.<\/p>\n<p>M\u00e4nnliche Sch\u00fcler B: Joshua Piaskowski 4. \/ 5.; Aaron Reith 12. \/ -.<br \/>\nM\u00e4nnliche Sch\u00fcler A: Julius Stark 3. \/ 2.; Hauke Sch\u00fctte 16. \/ 13.<br \/>\nM\u00e4nnliche Jugend: Felix Stark 1. \/ 2., Dominik Pietron 8. \/ 6.; Maurice Koch 17. \/ 16.<br \/>\nM\u00e4nnliche Junioren: Kaspar Zoth 1. \/ 1.; Niklas Grimm 7. \/ 6.; Dominik Heldmann 16. \/ 14.<br \/>\nHerren: Johannes Baumann 7. \/ 7.; Josef Baumann 13. \/ 14.; David Piaskowski 17. \/ 18.; Andreas Wehner 18. \/ 13.<br \/>\nWeibliche Junioren: Janina Piaskowski 3. \/ 4.<br \/>\nDamen: Eva Wehner 16. \/ 18.<\/p>\n<p>Mannschaften: Sprint \/ Classic:<br \/>\nSch\u00fcler: Jo. Piaskowski \u2013 H. Sch\u00fctte \u2013 J. Stark 4. \/ 5.; Reith \u2013 L. Stark \u2013 F. Pietron &#8211; \/ 8.<br \/>\nJugend: F. Stark \u2013 D. Pietron \u2013 Koch 1. \/ 1.<br \/>\nJunioren: Heldmann \u2013 Zoth \u2013 Grimm 1. \/ 1.<br \/>\nSprint Herren: Joh. Baumann -\u00c2\u00a0 Jos. Baumann \u2013 Piaskowski 4.<br \/>\nClassic Herren: Joh. Baumann -\u00c2\u00a0 Jos. Baumann \u2013 Wehner 4.<\/p>\n","protected":false},"excerpt":{"rendered":"<div class=\"tmnf_excerpt\"><p>Sport.\u00c2\u00a0Acht Goldmedaillen eingefahren und damit die gestellten Erwartungen weit \u00fcbertroffen. Dazu wurden die Titel des erfolgreichsten Vereins und des erfolgreichsten Sportlers errungen. Und als Sahneh\u00e4ubchen zwei Sportler f\u00fcr die Junioren-Weltmeisterschaft qualifiziert. Die Sportler des Kanu-Club-Fulda sind bei den Deutschen Meisterschaften im Kanu-Wildwasserrennsport voll durchgestartet und haben ihre gesamte Klasse unter Beweis gestellt.<\/p>\n<\/div>","protected":false},"author":1,"featured_media":0,"comment_status":"closed","ping_status":"closed","sticky":false,"template":"","format":"standard","meta":{"footnotes":""},"categories":[1,46],"tags":[],"class_list":["post-3467","post","type-post","status-publish","format-standard","hentry","category-startseite","category-sport"],"_links":{"self":[{"href":"https:\/\/www.fuldaernachrichten.de\/index.php?rest_route=\/wp\/v2\/posts\/3467","targetHints":{"allow":["GET"]}}],"collection":[{"href":"https:\/\/www.fuldaernachrichten.de\/index.php?rest_route=\/wp\/v2\/posts"}],"about":[{"href":"https:\/\/www.fuldaernachrichten.de\/index.php?rest_route=\/wp\/v2\/types\/post"}],"author":[{"embeddable":true,"href":"https:\/\/www.fuldaernachrichten.de\/index.php?rest_route=\/wp\/v2\/users\/1"}],"replies":[{"embeddable":true,"href":"https:\/\/www.fuldaernachrichten.de\/index.php?rest_route=%2Fwp%2Fv2%2Fcomments&post=3467"}],"version-history":[{"count":0,"href":"https:\/\/www.fuldaernachrichten.de\/index.php?rest_route=\/wp\/v2\/posts\/3467\/revisions"}],"wp:attachment":[{"href":"https:\/\/www.fuldaernachrichten.de\/index.php?rest_route=%2Fwp%2Fv2%2Fmedia&parent=3467"}],"wp:term":[{"taxonomy":"category","embeddable":true,"href":"https:\/\/www.fuldaernachrichten.de\/index.php?rest_route=%2Fwp%2Fv2%2Fcategories&post=3467"},{"taxonomy":"post_tag","embeddable":true,"href":"https:\/\/www.fuldaernachrichten.de\/index.php?rest_route=%2Fwp%2Fv2%2Ftags&post=3467"}],"curies":[{"name":"wp","href":"https:\/\/api.w.org\/{rel}","templated":true}]}}