{"id":3459,"date":"2007-06-05T00:26:05","date_gmt":"2007-06-04T22:26:05","guid":{"rendered":"http:\/\/www.schoene-nachrichten.de\/?p=3459"},"modified":"2007-06-05T00:26:05","modified_gmt":"2007-06-04T22:26:05","slug":"ob-moeller-am-freitag-live-im-offenen-kanal","status":"publish","type":"post","link":"https:\/\/www.fuldaernachrichten.de\/?p=3459","title":{"rendered":"OB M\u00f6ller am Freitag live im Offenen Kanal"},"content":{"rendered":"<p><strong>Termin.\u00c2\u00a0<\/strong>\u00c2\u00a0Am Freitag, 08. Juni 2007, ab 18:00 Uhr wird Oberb\u00fcrgermeister Gerhard M\u00f6ller zum vierten Mal in diesem Jahr im Rahmen der OK-Reihe \u201eDas Stadtgespr\u00e4ch\u201c vor der Kamera stehen. M\u00f6ller wird an diesem Freitagabend Moderator Volker Nies Rede und Antwort zu aktuellen stadtpolitischen Themen stehen, etwa zur aktuellen Situation am Klinikum oder zu Stadtentwicklungspolitischen Themen.<!--more--><\/p>\n<p>Auch dieses Mal wieder besteht f\u00fcr die Zuschauer des Offenen Kanals die M\u00f6glichkeit, sich live in die Sendung einzuw\u00e4hlen (Telefon: 0661\/90 13 888) und Fragen an das Fuldaer Stadtoberhaupt zu stellen.<\/p>\n","protected":false},"excerpt":{"rendered":"<div class=\"tmnf_excerpt\"><p>Termin.\u00c2\u00a0\u00c2\u00a0Am Freitag, 08. Juni 2007, ab 18:00 Uhr wird Oberb\u00fcrgermeister Gerhard M\u00f6ller zum vierten Mal in diesem Jahr im Rahmen der OK-Reihe \u201eDas Stadtgespr\u00e4ch\u201c vor der Kamera stehen. M\u00f6ller wird an diesem Freitagabend Moderator Volker Nies Rede und Antwort zu aktuellen stadtpolitischen Themen stehen, etwa zur aktuellen Situation am Klinikum oder zu Stadtentwicklungspolitischen Themen.<\/p>\n<\/div>","protected":false},"author":1,"featured_media":0,"comment_status":"closed","ping_status":"closed","sticky":false,"template":"","format":"standard","meta":{"footnotes":""},"categories":[1,44,29],"tags":[],"class_list":["post-3459","post","type-post","status-publish","format-standard","hentry","category-startseite","category-kultur","category-politik"],"_links":{"self":[{"href":"https:\/\/www.fuldaernachrichten.de\/index.php?rest_route=\/wp\/v2\/posts\/3459","targetHints":{"allow":["GET"]}}],"collection":[{"href":"https:\/\/www.fuldaernachrichten.de\/index.php?rest_route=\/wp\/v2\/posts"}],"about":[{"href":"https:\/\/www.fuldaernachrichten.de\/index.php?rest_route=\/wp\/v2\/types\/post"}],"author":[{"embeddable":true,"href":"https:\/\/www.fuldaernachrichten.de\/index.php?rest_route=\/wp\/v2\/users\/1"}],"replies":[{"embeddable":true,"href":"https:\/\/www.fuldaernachrichten.de\/index.php?rest_route=%2Fwp%2Fv2%2Fcomments&post=3459"}],"version-history":[{"count":0,"href":"https:\/\/www.fuldaernachrichten.de\/index.php?rest_route=\/wp\/v2\/posts\/3459\/revisions"}],"wp:attachment":[{"href":"https:\/\/www.fuldaernachrichten.de\/index.php?rest_route=%2Fwp%2Fv2%2Fmedia&parent=3459"}],"wp:term":[{"taxonomy":"category","embeddable":true,"href":"https:\/\/www.fuldaernachrichten.de\/index.php?rest_route=%2Fwp%2Fv2%2Fcategories&post=3459"},{"taxonomy":"post_tag","embeddable":true,"href":"https:\/\/www.fuldaernachrichten.de\/index.php?rest_route=%2Fwp%2Fv2%2Ftags&post=3459"}],"curies":[{"name":"wp","href":"https:\/\/api.w.org\/{rel}","templated":true}]}}