{"id":3458,"date":"2007-06-05T00:22:53","date_gmt":"2007-06-04T22:22:53","guid":{"rendered":"http:\/\/www.schoene-nachrichten.de\/?p=3458"},"modified":"2007-06-05T00:22:53","modified_gmt":"2007-06-04T22:22:53","slug":"baugewerbeverband-hessen-waehlt-michael-kellermann-zum-neuen-vorsitzenden","status":"publish","type":"post","link":"https:\/\/www.fuldaernachrichten.de\/?p=3458","title":{"rendered":"Baugewerbeverband Hessen w\u00e4hlt Michael Kellermann zum neuen Vorsitzenden"},"content":{"rendered":"<p><strong><a rel=\"lightbox[roadtrip]\" target=\"_blank\" href=\"http:\/\/www.schoene-nachrichten.de\/wp-content\/uploads\/2007\/06\/070604_kellermann.jpg\" title=\"070604_kellermann.jpg\"><img decoding=\"async\" align=\"left\" src=\"http:\/\/www.schoene-nachrichten.de\/wp-content\/uploads\/2007\/06\/070604_kellermann.thumbnail.jpg\" hspace=\"5\" alt=\"070604_kellermann.jpg\" \/><\/a>Leute.<\/strong> Im Rahmen der Jahreshauptversammlung am 1. Juni 2007 in Marburg ist der 56-j\u00e4hrige Dipl. Ing. Michael Kellermann, mittelst\u00e4ndischer Bauunternehmer aus Hanau, zum neuen Vorsitzenden des Verbandes baugewerblicher Unternehmer Hessen gew\u00e4hlt worden. Der Verband vertritt als Arbeitgeber- und Wirtschaftsverband ca. 1200 Bauunternehmen in Hessen.<!--more--><\/p>\n<p>Michael Kellermann ist seit 1986 Mitglied des Gesamtvorstandes und geh\u00f6rt seit dem Jahr 2004 dem h\u00f6chsten Verbandsgremium, dem gesch\u00e4ftsf\u00fchrenden Vorstand des Verbandes, an. Zudem wirkt er seit 1986 als Bezirksstellenleiter und Obermeister der Bauinnung f\u00fcr den Stadt- und Landkreis Hanau. Aufgrund seiner langj\u00e4hrigen Erfahrung und Kompetenz, die er sich zus\u00e4tzlich als Vorsitzender des betriebswirtschaftlichen Ausschusses des Verbandes erworben hat, w\u00e4hlte ihn die Mitgliederversammlung einstimmig zum neuen Vorsitzenden.<\/p>\n<p>Der bisherige Vorsitzende, Dr.-Ing. Hans-Hartwig Loewenstein aus\u00c2\u00a0Dreieich, hat auf eine neue Kandidatur verzichtet, nachdem er im Oktober 2006 zum neuen Pr\u00e4sidenten des Zentralverbandes des Deutschen Baugewerbes in Berlin gew\u00e4hlt worden ist. Er steht jedoch dem Verband baugewerblicher Unternehmer Hessen e. V. weiter als gesch\u00e4ftsf\u00fchrendes Vorstandsmitglied zur Verf\u00fcgung.<\/p>\n<p>Weitere Mitglieder in dem gesch\u00e4ftsf\u00fchrenden Vorstand sind der wieder gew\u00e4hlte Dipl-Ing. Winfried Schnorr aus Wetzlar und der neugew\u00e4hlte Dipl.-Ing. Michael Wi\u00dfler aus Fulda.<\/p>\n<p>Foto: Kreishandwerkerschaft<br \/>\nMichael Kellermann, neuer Vorsitzender des Verbandes baugewerblicher Unternehmer<\/p>\n","protected":false},"excerpt":{"rendered":"<div class=\"tmnf_excerpt\"><p>Leute. Im Rahmen der Jahreshauptversammlung am 1. Juni 2007 in Marburg ist der 56-j\u00e4hrige Dipl. Ing. Michael Kellermann, mittelst\u00e4ndischer Bauunternehmer aus Hanau, zum neuen Vorsitzenden des Verbandes baugewerblicher Unternehmer Hessen gew\u00e4hlt worden. Der Verband vertritt als Arbeitgeber- und Wirtschaftsverband ca. 1200 Bauunternehmen in Hessen.<\/p>\n<\/div>","protected":false},"author":1,"featured_media":0,"comment_status":"closed","ping_status":"closed","sticky":false,"template":"","format":"standard","meta":{"footnotes":""},"categories":[1],"tags":[],"class_list":["post-3458","post","type-post","status-publish","format-standard","hentry","category-startseite"],"_links":{"self":[{"href":"https:\/\/www.fuldaernachrichten.de\/index.php?rest_route=\/wp\/v2\/posts\/3458","targetHints":{"allow":["GET"]}}],"collection":[{"href":"https:\/\/www.fuldaernachrichten.de\/index.php?rest_route=\/wp\/v2\/posts"}],"about":[{"href":"https:\/\/www.fuldaernachrichten.de\/index.php?rest_route=\/wp\/v2\/types\/post"}],"author":[{"embeddable":true,"href":"https:\/\/www.fuldaernachrichten.de\/index.php?rest_route=\/wp\/v2\/users\/1"}],"replies":[{"embeddable":true,"href":"https:\/\/www.fuldaernachrichten.de\/index.php?rest_route=%2Fwp%2Fv2%2Fcomments&post=3458"}],"version-history":[{"count":0,"href":"https:\/\/www.fuldaernachrichten.de\/index.php?rest_route=\/wp\/v2\/posts\/3458\/revisions"}],"wp:attachment":[{"href":"https:\/\/www.fuldaernachrichten.de\/index.php?rest_route=%2Fwp%2Fv2%2Fmedia&parent=3458"}],"wp:term":[{"taxonomy":"category","embeddable":true,"href":"https:\/\/www.fuldaernachrichten.de\/index.php?rest_route=%2Fwp%2Fv2%2Fcategories&post=3458"},{"taxonomy":"post_tag","embeddable":true,"href":"https:\/\/www.fuldaernachrichten.de\/index.php?rest_route=%2Fwp%2Fv2%2Ftags&post=3458"}],"curies":[{"name":"wp","href":"https:\/\/api.w.org\/{rel}","templated":true}]}}