{"id":3450,"date":"2007-06-04T14:52:19","date_gmt":"2007-06-04T12:52:19","guid":{"rendered":"http:\/\/www.schoene-nachrichten.de\/?p=3450"},"modified":"2007-06-06T00:47:23","modified_gmt":"2007-06-05T22:47:23","slug":"fussball-tanz-und-spiel-ohne-grenzen-buntes-fest-auf-dem-aschenberg","status":"publish","type":"post","link":"https:\/\/www.fuldaernachrichten.de\/?p=3450","title":{"rendered":"Fu\u00dfball, Tanz und &#8220;Spiel ohne Grenzen&#8221; &#8211; Buntes Fest auf dem Aschenberg"},"content":{"rendered":"<p><strong>Sch\u00f6nes aus Fulda.<\/strong> Das Aschenberger Stadtteilfest erfreut sich von Jahr zu Jahr einer gr\u00f6\u00dferen Beliebtheit: Aktivit\u00e4ten verschiedener Art machten\u00c2\u00a0 am vergangenen Wochenende das\u00c2\u00a0 12. Stadtteilfest im Spiel- und Freizeitpark Aschenberg zu einem Erlebnis f\u00fcr viele Besucher.<\/p>\n<p><a rel=\"lightbox[roadtrip]\" target=\"_blank\" href=\"http:\/\/www.schoene-nachrichten.de\/wp-content\/uploads\/2007\/06\/070604_aschenberg1.jpg\" title=\"070604_aschenberg1.jpg\"><img decoding=\"async\" src=\"http:\/\/www.schoene-nachrichten.de\/wp-content\/uploads\/2007\/06\/070604_aschenberg1.thumbnail.jpg\" alt=\"070604_aschenberg1.jpg\" \/><\/a>\u00c2\u00a0<a rel=\"lightbox[roadtrip]\" target=\"_blank\" href=\"http:\/\/www.schoene-nachrichten.de\/wp-content\/uploads\/2007\/06\/070604_aschenberg2.jpg\" title=\"070604_aschenberg2.jpg\"><img decoding=\"async\" src=\"http:\/\/www.schoene-nachrichten.de\/wp-content\/uploads\/2007\/06\/070604_aschenberg2.thumbnail.jpg\" alt=\"070604_aschenberg2.jpg\" \/><\/a>\u00c2\u00a0<a rel=\"lightbox[roadtrip]\" target=\"_blank\" href=\"http:\/\/www.schoene-nachrichten.de\/wp-content\/uploads\/2007\/06\/070604_aschenberg3.jpg\" title=\"070604_aschenberg3.jpg\"><img decoding=\"async\" src=\"http:\/\/www.schoene-nachrichten.de\/wp-content\/uploads\/2007\/06\/070604_aschenberg3.thumbnail.jpg\" alt=\"070604_aschenberg3.jpg\" \/><\/a><\/p>\n<p><!--more--><\/p>\n<p>Um 13.00 Uhr begann das Fu\u00dfballturnier f\u00fcr Jugendliche, das vom Streetworker-Team Aschenberg organisiert worden war. Um 14.00 Uhr pr\u00e4sentierten die Vereine und Organisationen des Stadtteils ein Kultur- und Unterhaltungsprogramm, <a href=\"http:\/\/www.schoene-nachrichten.de\/wp-content\/uploads\/2007\/06\/070604_aschenberg4.jpg\" title=\"070604_aschenberg4.jpg\"><\/a>das mit einem Auftritt des Mini-Clubs vom B\u00fcrgerhaus Aschenberg er\u00f6ffnet wurde.<\/p>\n<p><a rel=\"lightbox[roadtrip]\" target=\"_blank\" href=\"http:\/\/www.schoene-nachrichten.de\/wp-content\/uploads\/2007\/06\/070604_aschenberg4.jpg\" title=\"070604_aschenberg4.jpg\"><img decoding=\"async\" src=\"http:\/\/www.schoene-nachrichten.de\/wp-content\/uploads\/2007\/06\/070604_aschenberg4.thumbnail.jpg\" alt=\"070604_aschenberg4.jpg\" \/><\/a>\u00c2\u00a0<a rel=\"lightbox[roadtrip]\" target=\"_blank\" href=\"http:\/\/www.schoene-nachrichten.de\/wp-content\/uploads\/2007\/06\/070604_aschenberg5.jpg\" title=\"070604_aschenberg5.jpg\"><img decoding=\"async\" src=\"http:\/\/www.schoene-nachrichten.de\/wp-content\/uploads\/2007\/06\/070604_aschenberg5.thumbnail.jpg\" alt=\"070604_aschenberg5.jpg\" \/><\/a>\u00c2\u00a0<a rel=\"lightbox[roadtrip]\" target=\"_blank\" href=\"http:\/\/www.schoene-nachrichten.de\/wp-content\/uploads\/2007\/06\/070604_aschenberg2_03.jpg\" title=\"070604_aschenberg2_03.jpg\"><img decoding=\"async\" src=\"http:\/\/www.schoene-nachrichten.de\/wp-content\/uploads\/2007\/06\/070604_aschenberg2_03.thumbnail.jpg\" alt=\"070604_aschenberg2_03.jpg\" \/><\/a><\/p>\n<p>Im Mittelpunkt des Kulturprogramms standen die Tanzgruppen der KITA Sonnenschein, des Vereins \u201eRodnik\u201c und des B\u00fcrgerhauses Aschenberg. Die Tanzgruppe der Schule f\u00fcr Bewegungskunst unter der Leitung von Fr. Brandm\u00fcller verdiente sich mit Fantasie und K\u00f6nnen den lebhaften Applaus des Publikums. F\u00fcr Begeisterung sorgte auch die Folkloregruppe \u201eRodnik\u201c, die mit musikalischer Perfektion und Gef\u00fchl russische Volkslieder vortrugen.<\/p>\n<p>Oberb\u00fcrgermeister Gerhard M\u00f6ller betonte die Vielf\u00e4ltigkeit der vorhandenen Angebote im sozialen Bereich und bedankte sich bei allen Beteiligten. EinekKurze Ansprache hielt auch Herr Brocke von der LOS Regiestelle aus Berlin, der am Vormittag zu der LOS Bilanz-Konferenz im B\u00fcrgerhaus Aschenberg gekommen war. Um 16.00 Uhr traten sechs Mannschaften (AWO, Bildungsverein Kreidekreis e.V., B.O.J.E e.V, Diakonie,\u00c2\u00a0 LOS und Rodnik e.V.) zum Wettbewerb nach dem Vorbild der Fernsehshow \u201eSpiel ohne Grenzen\u201c gegeneinander an.<\/p>\n<p><a rel=\"lightbox[roadtrip]\" target=\"_blank\" href=\"http:\/\/www.schoene-nachrichten.de\/wp-content\/uploads\/2007\/06\/070604_aschenberg2_01.jpg\" title=\"070604_aschenberg2_01.jpg\"><img decoding=\"async\" src=\"http:\/\/www.schoene-nachrichten.de\/wp-content\/uploads\/2007\/06\/070604_aschenberg2_01.thumbnail.jpg\" alt=\"070604_aschenberg2_01.jpg\" \/><\/a>\u00c2\u00a0<a rel=\"lightbox[roadtrip]\" target=\"_blank\" href=\"http:\/\/www.schoene-nachrichten.de\/wp-content\/uploads\/2007\/06\/070604_aschenberg2_02.jpg\" title=\"070604_aschenberg2_02.jpg\"><img decoding=\"async\" src=\"http:\/\/www.schoene-nachrichten.de\/wp-content\/uploads\/2007\/06\/070604_aschenberg2_02.thumbnail.jpg\" alt=\"070604_aschenberg2_02.jpg\" \/><\/a>\u00c2\u00a0<a rel=\"lightbox[roadtrip]\" target=\"_blank\" href=\"http:\/\/www.schoene-nachrichten.de\/wp-content\/uploads\/2007\/06\/070604_aschenberg2_04.jpg\" title=\"070604_aschenberg2_04.jpg\"><img decoding=\"async\" src=\"http:\/\/www.schoene-nachrichten.de\/wp-content\/uploads\/2007\/06\/070604_aschenberg2_04.thumbnail.jpg\" alt=\"070604_aschenberg2_04.jpg\" \/><\/a>\u00c2\u00a0<\/p>\n<p>Auf dem Programm standen Spiele wie Family-Ski, Wasserbomben werfen oder ein Ratespiel. In einem spannenden\u00c2\u00a0 Wettbewerb gewann den 1. Platz die Mannschaft des Vereins Rodnik, der 2. Platz ging an den Bildungsverein Kreidekreis e.V. und\u00c2\u00a0 den 3. Platz belegte die LOS Mannschaft, die aus einigen Mitgliedern der st\u00e4dtischen LOS- Steuerungsgruppe bestand.\u00c2\u00a0<\/p>\n<p>Die Kinder hatten ihren Spa\u00df bei der H\u00fcpfburg, im\u00c2\u00a0 Spielmobil oder in der Schminkecke. Die Eltern konnten sich an den St\u00e4nden des Caf\u00e9 Skyline st\u00e4rken und in Infomaterialien die Entwicklung des Stadtteils zu verfolgen.<\/p>\n<p><a rel=\"lightbox[roadtrip]\" target=\"_blank\" href=\"http:\/\/www.schoene-nachrichten.de\/wp-content\/uploads\/2007\/06\/070604_aschenberg2_05.jpg\" title=\"070604_aschenberg2_05.jpg\"><img decoding=\"async\" src=\"http:\/\/www.schoene-nachrichten.de\/wp-content\/uploads\/2007\/06\/070604_aschenberg2_05.thumbnail.jpg\" alt=\"070604_aschenberg2_05.jpg\" \/><\/a>\u00c2\u00a0<a rel=\"lightbox[roadtrip]\" target=\"_blank\" href=\"http:\/\/www.schoene-nachrichten.de\/wp-content\/uploads\/2007\/06\/070604_aschenberg2_06.jpg\" title=\"070604_aschenberg2_06.jpg\"><img decoding=\"async\" src=\"http:\/\/www.schoene-nachrichten.de\/wp-content\/uploads\/2007\/06\/070604_aschenberg2_06.thumbnail.jpg\" alt=\"070604_aschenberg2_06.jpg\" \/><\/a>\u00c2\u00a0<a rel=\"lightbox[roadtrip]\" target=\"_blank\" href=\"http:\/\/www.schoene-nachrichten.de\/wp-content\/uploads\/2007\/06\/070604_aschenberg2_07.jpg\" title=\"070604_aschenberg2_07.jpg\"><img decoding=\"async\" src=\"http:\/\/www.schoene-nachrichten.de\/wp-content\/uploads\/2007\/06\/070604_aschenberg2_07.thumbnail.jpg\" alt=\"070604_aschenberg2_07.jpg\" \/><\/a>\u00c2\u00a0<\/p>\n<p>Das Fest wurde im Rahmen des LOS-F\u00f6rderprogramms \u201eLokales Kapital f\u00fcr soziale Zwecke\u201c durchgef\u00fchrt und unterst\u00fctzt durch die Europ\u00e4ische Union, das\u00c2\u00a0 Bundesministerium f\u00fcr Familie, Senioren, Frauen und Jugend sowie die Stadt Fulda. Die Veranstaltung wurde au\u00dferdem von den Wohnungsbaugesellschaften \u201eWOHNSTADT\u201c, GWH und Siedlungswerk Fulda\u00c2\u00a0 gesponsert. Der Erfolg des Festes liege eindeutig in der guten Zusammenarbeit der vielen Akteure, lautet das Fazit der Organisatoren.<\/p>\n<p><a rel=\"lightbox[roadtrip]\" target=\"_blank\" href=\"http:\/\/www.schoene-nachrichten.de\/wp-content\/uploads\/2007\/06\/070604_aschenberg2_08.jpg\" title=\"070604_aschenberg2_08.jpg\"><img decoding=\"async\" src=\"http:\/\/www.schoene-nachrichten.de\/wp-content\/uploads\/2007\/06\/070604_aschenberg2_08.thumbnail.jpg\" alt=\"070604_aschenberg2_08.jpg\" \/><\/a><\/p>\n","protected":false},"excerpt":{"rendered":"<div class=\"tmnf_excerpt\"><p>Sch\u00f6nes aus Fulda. Das Aschenberger Stadtteilfest erfreut sich von Jahr zu Jahr einer gr\u00f6\u00dferen Beliebtheit: Aktivit\u00e4ten verschiedener Art machten\u00c2\u00a0 am vergangenen Wochenende das\u00c2\u00a0 12. Stadtteilfest im Spiel- und Freizeitpark Aschenberg zu einem Erlebnis f\u00fcr viele Besucher. \u00c2\u00a0\u00c2\u00a0<\/p>\n<\/div>","protected":false},"author":1,"featured_media":0,"comment_status":"closed","ping_status":"closed","sticky":false,"template":"","format":"standard","meta":{"footnotes":""},"categories":[1,44,46],"tags":[],"class_list":["post-3450","post","type-post","status-publish","format-standard","hentry","category-startseite","category-kultur","category-sport"],"_links":{"self":[{"href":"https:\/\/www.fuldaernachrichten.de\/index.php?rest_route=\/wp\/v2\/posts\/3450","targetHints":{"allow":["GET"]}}],"collection":[{"href":"https:\/\/www.fuldaernachrichten.de\/index.php?rest_route=\/wp\/v2\/posts"}],"about":[{"href":"https:\/\/www.fuldaernachrichten.de\/index.php?rest_route=\/wp\/v2\/types\/post"}],"author":[{"embeddable":true,"href":"https:\/\/www.fuldaernachrichten.de\/index.php?rest_route=\/wp\/v2\/users\/1"}],"replies":[{"embeddable":true,"href":"https:\/\/www.fuldaernachrichten.de\/index.php?rest_route=%2Fwp%2Fv2%2Fcomments&post=3450"}],"version-history":[{"count":0,"href":"https:\/\/www.fuldaernachrichten.de\/index.php?rest_route=\/wp\/v2\/posts\/3450\/revisions"}],"wp:attachment":[{"href":"https:\/\/www.fuldaernachrichten.de\/index.php?rest_route=%2Fwp%2Fv2%2Fmedia&parent=3450"}],"wp:term":[{"taxonomy":"category","embeddable":true,"href":"https:\/\/www.fuldaernachrichten.de\/index.php?rest_route=%2Fwp%2Fv2%2Fcategories&post=3450"},{"taxonomy":"post_tag","embeddable":true,"href":"https:\/\/www.fuldaernachrichten.de\/index.php?rest_route=%2Fwp%2Fv2%2Ftags&post=3450"}],"curies":[{"name":"wp","href":"https:\/\/api.w.org\/{rel}","templated":true}]}}