{"id":34454,"date":"2009-07-17T05:43:20","date_gmt":"2009-07-17T03:43:20","guid":{"rendered":"http:\/\/www.schoene-nachrichten.de\/?p=34454"},"modified":"2009-07-16T22:40:35","modified_gmt":"2009-07-16T20:40:35","slug":"vom-spritzenhaeuschen-zum-modernen-feuerwehrstuetzpunkt","status":"publish","type":"post","link":"https:\/\/www.fuldaernachrichten.de\/?p=34454","title":{"rendered":"Vom Spritzenh\u00e4uschen zum modernen Feuerwehrst\u00fctzpunkt"},"content":{"rendered":"<p><strong>Eichenzell-Kerzell.<\/strong> Mit einem strahlenden L\u00e4cheln begr\u00fc\u00dfte B\u00fcrgermeister Dieter Kolb\u00c2\u00a0 G\u00e4ste aus Politik, Kirche und Wirtschaft, Vertreter der \u00f6rtlichen Vereine, sowie die anwesenden Feuerwehrkameraden und Feuerwehrkameradinnen zur Einweihung des neuen Kerzeller Feuerwehrger\u00e4tehauses. Zum Abschluss eines langen Verfahrens erhielten die Kerzeller Feuerwehrleute einen modernen Feuerwehrst\u00fctzpunkt der nach Kolbs Worten mit dem fr\u00fcher gel\u00e4ufigen Begriff \u201eSpitzenh\u00e4uschen\u201c nicht mehr umschrieben werden k\u00f6nne. Nach ersten Standort\u00fcberlegungen, zun\u00e4chst im Ortskern, begann man bereits im Jahr 2001 mit der Erstellung der Pl\u00e4ne.<\/p>\n<p><a href=\"http:\/\/www.schoene-nachrichten.de\/wp-content\/uploads\/2009\/07\/P1.jpg\"><img fetchpriority=\"high\" decoding=\"async\" class=\"alignnone size-thumbnail wp-image-34455\" title=\"Presse-\/ \u00d6ffentlichkeitsarbeit FF Eichenzell\" src=\"http:\/\/www.schoene-nachrichten.de\/wp-content\/uploads\/2009\/07\/P1-265x198.jpg\" alt=\"Presse-\/ \u00d6ffentlichkeitsarbeit FF Eichenzell\" width=\"265\" height=\"198\" srcset=\"https:\/\/www.fuldaernachrichten.de\/wp-content\/uploads\/2009\/07\/P1-265x198.jpg 265w, https:\/\/www.fuldaernachrichten.de\/wp-content\/uploads\/2009\/07\/P1.jpg 800w\" sizes=\"(max-width: 265px) 100vw, 265px\" \/><\/a> <a href=\"http:\/\/www.schoene-nachrichten.de\/wp-content\/uploads\/2009\/07\/P2.jpg\"><img decoding=\"async\" class=\"alignnone size-thumbnail wp-image-34456\" title=\"Presse-\/ \u00d6ffentlichkeitsarbeit FF Eichenzell\" src=\"http:\/\/www.schoene-nachrichten.de\/wp-content\/uploads\/2009\/07\/P2-265x198.jpg\" alt=\"Presse-\/ \u00d6ffentlichkeitsarbeit FF Eichenzell\" width=\"265\" height=\"198\" srcset=\"https:\/\/www.fuldaernachrichten.de\/wp-content\/uploads\/2009\/07\/P2-265x198.jpg 265w, https:\/\/www.fuldaernachrichten.de\/wp-content\/uploads\/2009\/07\/P2.jpg 800w\" sizes=\"(max-width: 265px) 100vw, 265px\" \/><\/a><!--more--><\/p>\n<p><strong>Ansporn und Motivation<\/strong><\/p>\n<p>Nach verschiedenen Unwegbarkeiten, war im Dezember 2007 Baubeginn, im April 2008 konnte dann Richtfest gefeiert werden. Auf den insgesamt 390 Quadratmetern Nutzfl\u00e4che sind zwei Fahrzeugstellpl\u00e4tze, ein Sozialtrakt mit Umkleider\u00e4umen und Duschen, Lagerr\u00e4ume, ein Schulungsraum mit Teek\u00fcche, ein Raum f\u00fcr die Jugendfeuerwehr und ein B\u00fcro f\u00fcr die Wehrf\u00fchrung untergebracht. In dem 700.000 Euro teueren Neubau brachten insgesamt 40 Firmen ihren Leistung ein. Am Standort im Industrie- und Gewerbegebiet seien nun optimale Rahmen- und Arbeitsbedingungen geschaffen worden. Er dankte den Kameradinnen und Kameraden aus Kerzell f\u00fcr den gro\u00dfen Eigenleistungsanteil, begl\u00fcckw\u00fcnschte sie zur neuen Unterkunft und hoffte, dass von ihr in Zukunft weiter Ansporn und Motivation f\u00fcr den Dienst an der Gemeinschaft ausgehe.<\/p>\n<p><a href=\"http:\/\/www.schoene-nachrichten.de\/wp-content\/uploads\/2009\/07\/P3.jpg\"><img decoding=\"async\" class=\"alignnone size-thumbnail wp-image-34457\" title=\"Presse-\/ \u00d6ffentlichkeitsarbeit FF Eichenzell\" src=\"http:\/\/www.schoene-nachrichten.de\/wp-content\/uploads\/2009\/07\/P3-265x198.jpg\" alt=\"Presse-\/ \u00d6ffentlichkeitsarbeit FF Eichenzell\" width=\"265\" height=\"198\" srcset=\"https:\/\/www.fuldaernachrichten.de\/wp-content\/uploads\/2009\/07\/P3-265x198.jpg 265w, https:\/\/www.fuldaernachrichten.de\/wp-content\/uploads\/2009\/07\/P3.jpg 800w\" sizes=\"(max-width: 265px) 100vw, 265px\" \/><\/a> <a href=\"http:\/\/www.schoene-nachrichten.de\/wp-content\/uploads\/2009\/07\/P4.jpg\"><img loading=\"lazy\" decoding=\"async\" class=\"alignnone size-thumbnail wp-image-34458\" title=\"Presse-\/ \u00d6ffentlichkeitsarbeit FF Eichenzell\" src=\"http:\/\/www.schoene-nachrichten.de\/wp-content\/uploads\/2009\/07\/P4-265x198.jpg\" alt=\"Presse-\/ \u00d6ffentlichkeitsarbeit FF Eichenzell\" width=\"265\" height=\"198\" srcset=\"https:\/\/www.fuldaernachrichten.de\/wp-content\/uploads\/2009\/07\/P4-265x198.jpg 265w, https:\/\/www.fuldaernachrichten.de\/wp-content\/uploads\/2009\/07\/P4.jpg 800w\" sizes=\"(max-width: 265px) 100vw, 265px\" \/><\/a><\/p>\n<p>Im Anschluss nahmen Diakon Wolfgang Mannel und der evangelische Pfarrer Edwin R\u00f6der zu den Kl\u00e4ngen von \u201eGro\u00dfer Gott wir loben dich\u201c, musikalisch begleitet durch den Musikverein \u201eLyra\u201c Kerzell, die Weihe des neunen Feuerwehrhauses vor. Pfarrer R\u00f6der betonte in seiner Ansprache das der Segen nicht nur dem Geb\u00e4ude, sonder auch den Menschen die in ihm wirken gelte.<\/p>\n<p><a href=\"http:\/\/www.schoene-nachrichten.de\/wp-content\/uploads\/2009\/07\/P5.jpg\"><img loading=\"lazy\" decoding=\"async\" class=\"alignnone size-thumbnail wp-image-34459\" title=\"Presse-\/ \u00d6ffentlichkeitsarbeit FF Eichenzell\" src=\"http:\/\/www.schoene-nachrichten.de\/wp-content\/uploads\/2009\/07\/P5-265x198.jpg\" alt=\"Presse-\/ \u00d6ffentlichkeitsarbeit FF Eichenzell\" width=\"265\" height=\"198\" srcset=\"https:\/\/www.fuldaernachrichten.de\/wp-content\/uploads\/2009\/07\/P5-265x198.jpg 265w, https:\/\/www.fuldaernachrichten.de\/wp-content\/uploads\/2009\/07\/P5.jpg 800w\" sizes=\"(max-width: 265px) 100vw, 265px\" \/><\/a> <a href=\"http:\/\/www.schoene-nachrichten.de\/wp-content\/uploads\/2009\/07\/P6.jpg\"><img loading=\"lazy\" decoding=\"async\" class=\"alignnone size-thumbnail wp-image-34460\" title=\"Presse-\/ \u00d6ffentlichkeitsarbeit FF Eichenzell\" src=\"http:\/\/www.schoene-nachrichten.de\/wp-content\/uploads\/2009\/07\/P6-265x198.jpg\" alt=\"Presse-\/ \u00d6ffentlichkeitsarbeit FF Eichenzell\" width=\"265\" height=\"198\" srcset=\"https:\/\/www.fuldaernachrichten.de\/wp-content\/uploads\/2009\/07\/P6-265x198.jpg 265w, https:\/\/www.fuldaernachrichten.de\/wp-content\/uploads\/2009\/07\/P6.jpg 800w\" sizes=\"(max-width: 265px) 100vw, 265px\" \/><\/a><\/p>\n<p>Ortsvorsteher Horst Hainer dankte allen am Bau beteiligten Personen und begl\u00fcckw\u00fcnschte die Feuerwehr Kerzell zu ihrer neuen Unterkunft. Er brachte seine Hoffnung zum Ausdruck, dass die Feuerwehr mit dem neuen Geb\u00e4ude auch personellen Zuwachs gewinnen und so gut ger\u00fcstet in die Zukunft sehen k\u00f6nne.<\/p>\n<p>Auch Gemeindebrandinspektor Martin Fischer gratulierte der \u00f6rtlichen Feuerwehr zum neuen Feuerwehrhaus. Er erinnerte daran, dass es nicht nur ein Wunsch der Feuerwehren sei \u00fcber eine gute Ausstattung verf\u00fcgen, es sei vielmehr eine Notwendigkeit.<\/p>\n<p><a href=\"http:\/\/www.schoene-nachrichten.de\/wp-content\/uploads\/2009\/07\/P7.jpg\"><img loading=\"lazy\" decoding=\"async\" class=\"alignnone size-thumbnail wp-image-34461\" title=\"Presse-\/ \u00d6ffentlichkeitsarbeit FF Eichenzell\" src=\"http:\/\/www.schoene-nachrichten.de\/wp-content\/uploads\/2009\/07\/P7-265x198.jpg\" alt=\"Presse-\/ \u00d6ffentlichkeitsarbeit FF Eichenzell\" width=\"265\" height=\"198\" srcset=\"https:\/\/www.fuldaernachrichten.de\/wp-content\/uploads\/2009\/07\/P7-265x198.jpg 265w, https:\/\/www.fuldaernachrichten.de\/wp-content\/uploads\/2009\/07\/P7.jpg 800w\" sizes=\"(max-width: 265px) 100vw, 265px\" \/><\/a> <a href=\"http:\/\/www.schoene-nachrichten.de\/wp-content\/uploads\/2009\/07\/P9.jpg\"><img loading=\"lazy\" decoding=\"async\" class=\"alignnone size-thumbnail wp-image-34462\" title=\"Presse-\/ \u00d6ffentlichkeitsarbeit FF Eichenzell\" src=\"http:\/\/www.schoene-nachrichten.de\/wp-content\/uploads\/2009\/07\/P9-265x198.jpg\" alt=\"Presse-\/ \u00d6ffentlichkeitsarbeit FF Eichenzell\" width=\"265\" height=\"198\" srcset=\"https:\/\/www.fuldaernachrichten.de\/wp-content\/uploads\/2009\/07\/P9-265x198.jpg 265w, https:\/\/www.fuldaernachrichten.de\/wp-content\/uploads\/2009\/07\/P9.jpg 800w\" sizes=\"(max-width: 265px) 100vw, 265px\" \/><\/a><\/p>\n<p>Franz Ruprecht, der Vorsitzende des Kreistags, \u00fcberbrachte die Gl\u00fcckw\u00fcnsche der Gremien des Kreises sowie von Landrat Bernd Woide und dem 1. Kreisbeigeordneten Dr. Heiko Wingenfeld. Er brachte zum Ausdruck, dass die Feuerwehren ein wichtiges Element f\u00fcr rasche und fachkundige Hilfe seien. Die F\u00f6rderung der Jugend sei sehr wichtig, da die Feuerwehren nur dann auch f\u00fcr die Zukunft ger\u00fcstet seien, wenn der Nachwuchs gesichert ist.<\/p>\n<p><strong>Unverzichtbares Engagement<\/strong><\/p>\n<p>Das Engagement seiner Kameradinnen und Kameraden, wie auch das neue Feuerwehrhaus, sei ein unverzichtbarer Beitrag zum Schutze der Mitb\u00fcrgerinnen und Mitb\u00fcrger von Kerzell, stellte der 1. Vorsitzende der Feuerwehr Kerzell, Reiner Seifert, fest. Er lobte die enormen Leistungen der Feuerwehrleute im Zusammenhang mit dem Bau es Geb\u00e4udes und dankte allen Beteiligten f\u00fcr Rat und Tat, sowie den gemeindlichen Gremien f\u00fcr die gelungen Umsetzung des Bauvorhabens. Im Anschluss an die Einweihung fand eine kleine Feierstunde, musikalisch umrahmt von \u201eLyra\u201c Kerzell, statt.<\/p>\n","protected":false},"excerpt":{"rendered":"<div class=\"tmnf_excerpt\"><p>Eichenzell-Kerzell. Mit einem strahlenden L\u00e4cheln begr\u00fc\u00dfte B\u00fcrgermeister Dieter Kolb\u00c2\u00a0 G\u00e4ste aus Politik, Kirche und Wirtschaft, Vertreter der \u00f6rtlichen Vereine, sowie die anwesenden Feuerwehrkameraden und Feuerwehrkameradinnen zur Einweihung des neuen Kerzeller Feuerwehrger\u00e4tehauses. Zum Abschluss eines langen Verfahrens erhielten die Kerzeller Feuerwehrleute einen modernen Feuerwehrst\u00fctzpunkt der nach Kolbs Worten mit dem fr\u00fcher gel\u00e4ufigen Begriff \u201eSpitzenh\u00e4uschen\u201c nicht mehr &hellip;<\/p>\n<\/div>","protected":false},"author":1,"featured_media":0,"comment_status":"closed","ping_status":"closed","sticky":false,"template":"","format":"standard","meta":{"footnotes":""},"categories":[1,71,72,44],"tags":[],"class_list":["post-34454","post","type-post","status-publish","format-standard","hentry","category-startseite","category-feuerwehr","category-jugend","category-kultur"],"_links":{"self":[{"href":"https:\/\/www.fuldaernachrichten.de\/index.php?rest_route=\/wp\/v2\/posts\/34454","targetHints":{"allow":["GET"]}}],"collection":[{"href":"https:\/\/www.fuldaernachrichten.de\/index.php?rest_route=\/wp\/v2\/posts"}],"about":[{"href":"https:\/\/www.fuldaernachrichten.de\/index.php?rest_route=\/wp\/v2\/types\/post"}],"author":[{"embeddable":true,"href":"https:\/\/www.fuldaernachrichten.de\/index.php?rest_route=\/wp\/v2\/users\/1"}],"replies":[{"embeddable":true,"href":"https:\/\/www.fuldaernachrichten.de\/index.php?rest_route=%2Fwp%2Fv2%2Fcomments&post=34454"}],"version-history":[{"count":3,"href":"https:\/\/www.fuldaernachrichten.de\/index.php?rest_route=\/wp\/v2\/posts\/34454\/revisions"}],"predecessor-version":[{"id":34689,"href":"https:\/\/www.fuldaernachrichten.de\/index.php?rest_route=\/wp\/v2\/posts\/34454\/revisions\/34689"}],"wp:attachment":[{"href":"https:\/\/www.fuldaernachrichten.de\/index.php?rest_route=%2Fwp%2Fv2%2Fmedia&parent=34454"}],"wp:term":[{"taxonomy":"category","embeddable":true,"href":"https:\/\/www.fuldaernachrichten.de\/index.php?rest_route=%2Fwp%2Fv2%2Fcategories&post=34454"},{"taxonomy":"post_tag","embeddable":true,"href":"https:\/\/www.fuldaernachrichten.de\/index.php?rest_route=%2Fwp%2Fv2%2Ftags&post=34454"}],"curies":[{"name":"wp","href":"https:\/\/api.w.org\/{rel}","templated":true}]}}