{"id":3434,"date":"2007-06-04T00:13:01","date_gmt":"2007-06-03T22:13:01","guid":{"rendered":"http:\/\/www.schoene-nachrichten.de\/?p=3434"},"modified":"2007-06-04T00:13:01","modified_gmt":"2007-06-03T22:13:01","slug":"handwerk-schafft-wieder-mehr-arbeitsplaetze","status":"publish","type":"post","link":"https:\/\/www.fuldaernachrichten.de\/?p=3434","title":{"rendered":"Handwerk schafft wieder mehr Arbeitspl\u00e4tze"},"content":{"rendered":"<p><strong>Sch\u00f6nes vom Handwerk.<\/strong> F\u00fcr Handwerker entwickelt sich der Stellenmarkt erstmals seit fast zehn Jahren wieder positiv. Dank steigender Ums\u00e4tze hoffe das Handwerk in diesem Jahr auf zus\u00e4tzliche 30.000 Stellen, sagte der Generalsekret\u00e4r des Zentralverbands des Deutschen Handwerks (ZDH), Hanns-Eberhard Schleyer, der &#8220;Berliner Zeitung&#8221;. &#8220;Die Perspektiven f\u00fcr mehr Investitionen, Wachstum und Jobs im Handwerk sind gut&#8221;, sagte Schleyer.<\/p>\n<p><strong>Fotos (6):<\/strong> Max Colin Heydenreich<\/p>\n<p><a rel=\"lightbox[roadtrip]\" target=\"_blank\" href=\"http:\/\/www.schoene-nachrichten.de\/wp-content\/uploads\/2007\/06\/070504_handwerk_03.jpg\" title=\"070504_handwerk_03.jpg\"><img decoding=\"async\" src=\"http:\/\/www.schoene-nachrichten.de\/wp-content\/uploads\/2007\/06\/070504_handwerk_03.thumbnail.jpg\" alt=\"070504_handwerk_03.jpg\" \/><\/a>\u00c2\u00a0<a rel=\"lightbox[roadtrip]\" target=\"_blank\" href=\"http:\/\/www.schoene-nachrichten.de\/wp-content\/uploads\/2007\/06\/070504_handwerk_04.jpg\" title=\"070504_handwerk_04.jpg\"><img decoding=\"async\" src=\"http:\/\/www.schoene-nachrichten.de\/wp-content\/uploads\/2007\/06\/070504_handwerk_04.thumbnail.jpg\" alt=\"070504_handwerk_04.jpg\" \/><\/a>\u00c2\u00a0<a rel=\"lightbox[roadtrip]\" target=\"_blank\" href=\"http:\/\/www.schoene-nachrichten.de\/wp-content\/uploads\/2007\/06\/070504_handwerk_05.jpg\" title=\"070504_handwerk_05.jpg\"><img decoding=\"async\" src=\"http:\/\/www.schoene-nachrichten.de\/wp-content\/uploads\/2007\/06\/070504_handwerk_05.thumbnail.jpg\" alt=\"070504_handwerk_05.jpg\" \/><\/a><\/p>\n<p><!--more-->Dank des milden Winterwetters, des Auftragspolsters aus dem Vorjahr und der robusten Nachfrage gewerblicher Kunden h\u00e4tten insbesondere die Bau- und Ausbauhandwerke, sowie die Zulieferer und industrienahen Dienstleister einen guten Start ins Jahr 2007.<\/p>\n<p><a rel=\"lightbox[roadtrip]\" target=\"_blank\" href=\"http:\/\/www.schoene-nachrichten.de\/wp-content\/uploads\/2007\/06\/070504_handwerk_01.jpg\" title=\"070504_handwerk_01.jpg\"><img decoding=\"async\" src=\"http:\/\/www.schoene-nachrichten.de\/wp-content\/uploads\/2007\/06\/070504_handwerk_01.thumbnail.jpg\" alt=\"070504_handwerk_01.jpg\" \/><\/a>\u00c2\u00a0<a rel=\"lightbox[roadtrip]\" target=\"_blank\" href=\"http:\/\/www.schoene-nachrichten.de\/wp-content\/uploads\/2007\/06\/070504_handwerk_06.jpg\" title=\"070504_handwerk_06.jpg\"><img decoding=\"async\" src=\"http:\/\/www.schoene-nachrichten.de\/wp-content\/uploads\/2007\/06\/070504_handwerk_06.thumbnail.jpg\" alt=\"070504_handwerk_06.jpg\" \/><\/a> <a rel=\"lightbox[roadtrip]\" target=\"_blank\" href=\"http:\/\/www.schoene-nachrichten.de\/wp-content\/uploads\/2007\/06\/070504_handwerk_02.jpg\" title=\"070504_handwerk_02.jpg\"><img decoding=\"async\" src=\"http:\/\/www.schoene-nachrichten.de\/wp-content\/uploads\/2007\/06\/070504_handwerk_02.thumbnail.jpg\" alt=\"070504_handwerk_02.jpg\" \/><\/a>\u00c2\u00a0<\/p>\n<p>Positiv entwickelt sich auch die Lage am Lehrstellenmarkt. Handwerkspr\u00e4sident Otto Kentzler sagte der &#8220;Welt&#8221;, es w\u00fcrden \u00fcber 4000 Vertr\u00e4ge mehr als zum gleichen Zeitpunkt des Vorjahres gez\u00e4hlt: &#8220;Wenn sich der Trend fortsetzt, k\u00f6nnen wir in diesem Jahr das Ergebnis aus dem Vorjahr deutlich \u00fcbertreffen.&#8221; Im vergangenen Jahr war die Zahl der Ausbildungsvertr\u00e4ge laut Zeitung insgesamt um 4,8 Prozent auf mehr als 576.000 gestiegen.<\/p>\n","protected":false},"excerpt":{"rendered":"<div class=\"tmnf_excerpt\"><p>Sch\u00f6nes vom Handwerk. F\u00fcr Handwerker entwickelt sich der Stellenmarkt erstmals seit fast zehn Jahren wieder positiv. Dank steigender Ums\u00e4tze hoffe das Handwerk in diesem Jahr auf zus\u00e4tzliche 30.000 Stellen, sagte der Generalsekret\u00e4r des Zentralverbands des Deutschen Handwerks (ZDH), Hanns-Eberhard Schleyer, der &#8220;Berliner Zeitung&#8221;. &#8220;Die Perspektiven f\u00fcr mehr Investitionen, Wachstum und Jobs im Handwerk sind gut&#8221;, &hellip;<\/p>\n<\/div>","protected":false},"author":1,"featured_media":0,"comment_status":"closed","ping_status":"closed","sticky":false,"template":"","format":"standard","meta":{"footnotes":""},"categories":[1,53,29],"tags":[],"class_list":["post-3434","post","type-post","status-publish","format-standard","hentry","category-startseite","category-bildung","category-politik"],"_links":{"self":[{"href":"https:\/\/www.fuldaernachrichten.de\/index.php?rest_route=\/wp\/v2\/posts\/3434","targetHints":{"allow":["GET"]}}],"collection":[{"href":"https:\/\/www.fuldaernachrichten.de\/index.php?rest_route=\/wp\/v2\/posts"}],"about":[{"href":"https:\/\/www.fuldaernachrichten.de\/index.php?rest_route=\/wp\/v2\/types\/post"}],"author":[{"embeddable":true,"href":"https:\/\/www.fuldaernachrichten.de\/index.php?rest_route=\/wp\/v2\/users\/1"}],"replies":[{"embeddable":true,"href":"https:\/\/www.fuldaernachrichten.de\/index.php?rest_route=%2Fwp%2Fv2%2Fcomments&post=3434"}],"version-history":[{"count":0,"href":"https:\/\/www.fuldaernachrichten.de\/index.php?rest_route=\/wp\/v2\/posts\/3434\/revisions"}],"wp:attachment":[{"href":"https:\/\/www.fuldaernachrichten.de\/index.php?rest_route=%2Fwp%2Fv2%2Fmedia&parent=3434"}],"wp:term":[{"taxonomy":"category","embeddable":true,"href":"https:\/\/www.fuldaernachrichten.de\/index.php?rest_route=%2Fwp%2Fv2%2Fcategories&post=3434"},{"taxonomy":"post_tag","embeddable":true,"href":"https:\/\/www.fuldaernachrichten.de\/index.php?rest_route=%2Fwp%2Fv2%2Ftags&post=3434"}],"curies":[{"name":"wp","href":"https:\/\/api.w.org\/{rel}","templated":true}]}}