{"id":34312,"date":"2009-07-14T06:35:33","date_gmt":"2009-07-14T04:35:33","guid":{"rendered":"http:\/\/www.schoene-nachrichten.de\/?p=34312"},"modified":"2009-07-14T07:17:16","modified_gmt":"2009-07-14T05:17:16","slug":"feierliche-uebergabe-der-kapellenfenster-fuer-das-st-antoniusheims-fulda","status":"publish","type":"post","link":"https:\/\/www.fuldaernachrichten.de\/?p=34312","title":{"rendered":"Feierliche \u00dcbergabe der Kapellenfenster f\u00fcr das St. Antoniusheim Fulda"},"content":{"rendered":"<p><a href=\"..\/wp-content\/uploads\/2009\/07\/Scheckbergabe.jpg\"><img decoding=\"async\" title=\"St. Antoniusheim gGmbH\" src=\"..\/wp-content\/uploads\/2009\/07\/Scheckbergabe.jpg\" alt=\"St. Antoniusheim gGmbH\" width=\"560\" \/><\/a><\/p>\n<p><strong>Fulda.<\/strong> Vier neue Kapellenfenster hat der \u00c2\u00abLions Club Fulda-Bonifatius\u00c2\u00bb dem St. Antoniusheim Fulda gestiftet. In einer festlichen Andacht mit Herrn Weihbischof Karlheinz Diez und Pater Adalbert wurden am vergangenen Sonntag die\u00c2\u00a0 Fenster der Hauskapelle eingeweiht. Sie zeigen im Glas die Heiligen: Hl. Vinzenz, Hl. Luise de Marillac, Hl. Franziskus und Mutter Theresa. Au\u00dferdem spendete die Kunstschmiede Vogel aus K\u00e4mmerzell einen T\u00fcrgriff f\u00fcr das Gotteshaus. <!--more--><\/p>\n<p>\u00c2\u00abDie Kapellenfenster sind \u201eSchaufenster\u201c f\u00fcr die Besucher. Unsere\u00c2\u00a0 Freunde im Himmel schenken uns das Licht f\u00fcr die Kapelle. Dies ist sehr wichtig, denn das Licht siegt am Ende immer \u00fcber die Dunkelheit\u00c2\u00bb, sagte Diez in seiner Ansprache \u00fcber die Fenster, die von der Firma \u00c2\u00abGlasbau Haber\u00c2\u00bb hergestellt wurden.<!--more--><\/p>\n<p><strong>\u00c2\u00abF\u00fcreinander-Miteinander\u00c2\u00bb<\/strong><\/p>\n<p><a href=\"..\/wp-content\/uploads\/2009\/07\/Diez-segnet-Fenster.jpg\"><img fetchpriority=\"high\" decoding=\"async\" title=\"St. Antoniusheim gGmbH\" src=\"..\/wp-content\/uploads\/2009\/07\/Diez-segnet-Fenster-265x198.jpg\" alt=\"St. Antoniusheim gGmbH\" hspace=\"5\" width=\"265\" height=\"198\" align=\"left\" \/><\/a>Der Lions Club hatte im vergangen Jahr seine \u00c2\u00abJahres-Activity\u00c2\u00bb dem Antoniusheim gewidmet und es damit unterst\u00fctzt. \u00c2\u00abW\u00e4hrend meiner Amtszeit wollten wir dem Antoniusheim helfen. Das am Ende 22 000 Euro zusammengekommen sind erfreut uns nat\u00fcrlich besonders\u00c2\u00bb, berichtete Stefan Burkhard, Pr\u00e4sident des Clubs und erkl\u00e4rte, dass das zur\u00fcckliegende Jahr unter dem Motto \u00c2\u00abF\u00fcreinander-Miteinander\u00c2\u00bb stand.\u00c2\u00a0 Der Gesch\u00e4ftsf\u00fchrer des Antoniusheims, Rainer Sippel, freute sich \u00fcber diese Summe sehr. \u00c2\u00abSo viel Geld konnte man nicht erwarten. Es ist fantastisch, dass der Club mit\u00c2\u00a0 vielen tollen Aktivit\u00e4ten das Geld zusammen bekommen und gestiftet hat\u00c2\u00bb, sagte er.<\/p>\n<p>Den vielen Ideen und dem gro\u00dfen Engagement des Lions Clubs sei es zu verdanken, dass man auf ein solch erfolgreiches Jahr zur\u00fcckblicken k\u00f6nne. Beispielsweise seien vom Kalender \u00c2\u00abStadtansichten 1972-2007\u00c2\u00bb alle 2400 Exemplare verkauft worden. Auch die Konzerte mit Anita Burck\u00c2\u00a0 und dem Landespolizei Orchester seien ein gro\u00dfer Erfolg gewesen. Dar\u00fcber hinaus wurde die von Marco Pani erfundene Manga Figur\u00c2\u00a0 \u00c2\u00abKonter\u00c2\u00bb am 108. Wandertag in Fulda auf Shirts und Comics pr\u00e4sentiert.\u00c2\u00a0 Dadurch fand das Thema \u00c2\u00abBehinderung\u00c2\u00bb auf dieser gro\u00dfen Veranstaltung eine Plattform. F\u00fcr beide Parteien war das vergangene Jahr eine gro\u00dfe Bereicherung, die auch k\u00fcnftig Bestand haben soll. \u00c2\u00abWir wollen auch in Zukunft mit dem Antoniusheim im Gespr\u00e4ch bleiben\u00c2\u00bb, erkl\u00e4rt Burkhard abschlie\u00dfend.<\/p>\n","protected":false},"excerpt":{"rendered":"<div class=\"tmnf_excerpt\"><p>Fulda. Vier neue Kapellenfenster hat der \u00c2\u00abLions Club Fulda-Bonifatius\u00c2\u00bb dem St. Antoniusheim Fulda gestiftet. In einer festlichen Andacht mit Herrn Weihbischof Karlheinz Diez und Pater Adalbert wurden am vergangenen Sonntag die\u00c2\u00a0 Fenster der Hauskapelle eingeweiht. Sie zeigen im Glas die Heiligen: Hl. Vinzenz, Hl. Luise de Marillac, Hl. Franziskus und Mutter Theresa. Au\u00dferdem spendete die &hellip;<\/p>\n<\/div>","protected":false},"author":1,"featured_media":0,"comment_status":"closed","ping_status":"closed","sticky":false,"template":"","format":"standard","meta":{"footnotes":""},"categories":[1,50,44,29,78],"tags":[],"class_list":["post-34312","post","type-post","status-publish","format-standard","hentry","category-startseite","category-kirche","category-kultur","category-politik","category-topthema"],"_links":{"self":[{"href":"https:\/\/www.fuldaernachrichten.de\/index.php?rest_route=\/wp\/v2\/posts\/34312","targetHints":{"allow":["GET"]}}],"collection":[{"href":"https:\/\/www.fuldaernachrichten.de\/index.php?rest_route=\/wp\/v2\/posts"}],"about":[{"href":"https:\/\/www.fuldaernachrichten.de\/index.php?rest_route=\/wp\/v2\/types\/post"}],"author":[{"embeddable":true,"href":"https:\/\/www.fuldaernachrichten.de\/index.php?rest_route=\/wp\/v2\/users\/1"}],"replies":[{"embeddable":true,"href":"https:\/\/www.fuldaernachrichten.de\/index.php?rest_route=%2Fwp%2Fv2%2Fcomments&post=34312"}],"version-history":[{"count":5,"href":"https:\/\/www.fuldaernachrichten.de\/index.php?rest_route=\/wp\/v2\/posts\/34312\/revisions"}],"predecessor-version":[{"id":34354,"href":"https:\/\/www.fuldaernachrichten.de\/index.php?rest_route=\/wp\/v2\/posts\/34312\/revisions\/34354"}],"wp:attachment":[{"href":"https:\/\/www.fuldaernachrichten.de\/index.php?rest_route=%2Fwp%2Fv2%2Fmedia&parent=34312"}],"wp:term":[{"taxonomy":"category","embeddable":true,"href":"https:\/\/www.fuldaernachrichten.de\/index.php?rest_route=%2Fwp%2Fv2%2Fcategories&post=34312"},{"taxonomy":"post_tag","embeddable":true,"href":"https:\/\/www.fuldaernachrichten.de\/index.php?rest_route=%2Fwp%2Fv2%2Ftags&post=34312"}],"curies":[{"name":"wp","href":"https:\/\/api.w.org\/{rel}","templated":true}]}}