{"id":3429,"date":"2007-06-06T00:14:57","date_gmt":"2007-06-05T22:14:57","guid":{"rendered":"http:\/\/www.schoene-nachrichten.de\/?p=3429"},"modified":"2007-06-06T00:14:57","modified_gmt":"2007-06-05T22:14:57","slug":"vogelkundliche-wanderung-durch-das-rote-moor","status":"publish","type":"post","link":"https:\/\/www.fuldaernachrichten.de\/?p=3429","title":{"rendered":"Vogelkundliche Wanderung durch das Rote Moor"},"content":{"rendered":"<p><strong>Termin.<\/strong> Das Biosph\u00e4renreservat Rh\u00f6n l\u00e4dt zu einer vogelkundlichen F\u00fchrung durch das Rote Moor ein. Der Ornithologe Horst Bachmann f\u00fchrt am Sonntag, dem 10. Juni 2007, um 14.00 Uhr \u00fcber den Bohlenpfad im Roten Moor. Treffpunkt ist der Parkplatz Moordorf, Haus am Moor. Die Kosten betragen 2,50 \u00e2\u201a\u00ac pro Person. Kinder sind frei.<\/p>\n","protected":false},"excerpt":{"rendered":"<div class=\"tmnf_excerpt\"><p>Termin. Das Biosph\u00e4renreservat Rh\u00f6n l\u00e4dt zu einer vogelkundlichen F\u00fchrung durch das Rote Moor ein. Der Ornithologe Horst Bachmann f\u00fchrt am Sonntag, dem 10. Juni 2007, um 14.00 Uhr \u00fcber den Bohlenpfad im Roten Moor. Treffpunkt ist der Parkplatz Moordorf, Haus am Moor. Die Kosten betragen 2,50 \u00e2\u201a\u00ac pro Person. Kinder sind frei.<\/p>\n<\/div>","protected":false},"author":1,"featured_media":0,"comment_status":"closed","ping_status":"closed","sticky":false,"template":"","format":"standard","meta":{"footnotes":""},"categories":[1,53,52],"tags":[],"class_list":["post-3429","post","type-post","status-publish","format-standard","hentry","category-startseite","category-bildung","category-umwelt"],"_links":{"self":[{"href":"https:\/\/www.fuldaernachrichten.de\/index.php?rest_route=\/wp\/v2\/posts\/3429","targetHints":{"allow":["GET"]}}],"collection":[{"href":"https:\/\/www.fuldaernachrichten.de\/index.php?rest_route=\/wp\/v2\/posts"}],"about":[{"href":"https:\/\/www.fuldaernachrichten.de\/index.php?rest_route=\/wp\/v2\/types\/post"}],"author":[{"embeddable":true,"href":"https:\/\/www.fuldaernachrichten.de\/index.php?rest_route=\/wp\/v2\/users\/1"}],"replies":[{"embeddable":true,"href":"https:\/\/www.fuldaernachrichten.de\/index.php?rest_route=%2Fwp%2Fv2%2Fcomments&post=3429"}],"version-history":[{"count":0,"href":"https:\/\/www.fuldaernachrichten.de\/index.php?rest_route=\/wp\/v2\/posts\/3429\/revisions"}],"wp:attachment":[{"href":"https:\/\/www.fuldaernachrichten.de\/index.php?rest_route=%2Fwp%2Fv2%2Fmedia&parent=3429"}],"wp:term":[{"taxonomy":"category","embeddable":true,"href":"https:\/\/www.fuldaernachrichten.de\/index.php?rest_route=%2Fwp%2Fv2%2Fcategories&post=3429"},{"taxonomy":"post_tag","embeddable":true,"href":"https:\/\/www.fuldaernachrichten.de\/index.php?rest_route=%2Fwp%2Fv2%2Ftags&post=3429"}],"curies":[{"name":"wp","href":"https:\/\/api.w.org\/{rel}","templated":true}]}}