{"id":3426,"date":"2007-06-03T00:06:23","date_gmt":"2007-06-02T22:06:23","guid":{"rendered":"http:\/\/www.schoene-nachrichten.de\/?p=3426"},"modified":"2007-06-03T00:07:23","modified_gmt":"2007-06-02T22:07:23","slug":"die-ebersburger-und-ihre-burgen","status":"publish","type":"post","link":"https:\/\/www.fuldaernachrichten.de\/?p=3426","title":{"rendered":"Die Ebersburger und ihre Burgen"},"content":{"rendered":"<p><strong>Termin.<\/strong> Das Biosph\u00e4renreservat Rh\u00f6n bietet in Zusammenarbeit mit dem Natur- und Landschaftsf\u00fchrer Hubert Volkmar am Sonntag, 17. Juni 2007, eine ca. zweist\u00fcndige kulturhistorische Wanderung auf die Milseburg an. Im Mittelpunkt steht die Spurensuche nach dem Leben und Treiben der fr\u00fcheren Bewohner im Mittelalter. Hubert Volkmar l\u00e4dt ein zu einer Zeitreise in eine l\u00e4ngst versunkene Welt. Treffpunkt ist um 14.00 Uhr am Wanderparkplatz Ebersburg. Die Kosten betragen f\u00fcr Erwachsene 2,50 \u00e2\u201a\u00ac, Kinder sind frei.<\/p>\n","protected":false},"excerpt":{"rendered":"<div class=\"tmnf_excerpt\"><p>Termin. Das Biosph\u00e4renreservat Rh\u00f6n bietet in Zusammenarbeit mit dem Natur- und Landschaftsf\u00fchrer Hubert Volkmar am Sonntag, 17. Juni 2007, eine ca. zweist\u00fcndige kulturhistorische Wanderung auf die Milseburg an. Im Mittelpunkt steht die Spurensuche nach dem Leben und Treiben der fr\u00fcheren Bewohner im Mittelalter. Hubert Volkmar l\u00e4dt ein zu einer Zeitreise in eine l\u00e4ngst versunkene Welt. &hellip;<\/p>\n<\/div>","protected":false},"author":1,"featured_media":0,"comment_status":"closed","ping_status":"closed","sticky":false,"template":"","format":"standard","meta":{"footnotes":""},"categories":[1,53],"tags":[],"class_list":["post-3426","post","type-post","status-publish","format-standard","hentry","category-startseite","category-bildung"],"_links":{"self":[{"href":"https:\/\/www.fuldaernachrichten.de\/index.php?rest_route=\/wp\/v2\/posts\/3426","targetHints":{"allow":["GET"]}}],"collection":[{"href":"https:\/\/www.fuldaernachrichten.de\/index.php?rest_route=\/wp\/v2\/posts"}],"about":[{"href":"https:\/\/www.fuldaernachrichten.de\/index.php?rest_route=\/wp\/v2\/types\/post"}],"author":[{"embeddable":true,"href":"https:\/\/www.fuldaernachrichten.de\/index.php?rest_route=\/wp\/v2\/users\/1"}],"replies":[{"embeddable":true,"href":"https:\/\/www.fuldaernachrichten.de\/index.php?rest_route=%2Fwp%2Fv2%2Fcomments&post=3426"}],"version-history":[{"count":0,"href":"https:\/\/www.fuldaernachrichten.de\/index.php?rest_route=\/wp\/v2\/posts\/3426\/revisions"}],"wp:attachment":[{"href":"https:\/\/www.fuldaernachrichten.de\/index.php?rest_route=%2Fwp%2Fv2%2Fmedia&parent=3426"}],"wp:term":[{"taxonomy":"category","embeddable":true,"href":"https:\/\/www.fuldaernachrichten.de\/index.php?rest_route=%2Fwp%2Fv2%2Fcategories&post=3426"},{"taxonomy":"post_tag","embeddable":true,"href":"https:\/\/www.fuldaernachrichten.de\/index.php?rest_route=%2Fwp%2Fv2%2Ftags&post=3426"}],"curies":[{"name":"wp","href":"https:\/\/api.w.org\/{rel}","templated":true}]}}