{"id":3423,"date":"2007-06-03T00:25:38","date_gmt":"2007-06-02T22:25:38","guid":{"rendered":"http:\/\/www.schoene-nachrichten.de\/?p=3423"},"modified":"2007-06-03T00:28:12","modified_gmt":"2007-06-02T22:28:12","slug":"notarzt-erik-erlekampf-mit-minimaler-technik-maximale-medizin-betreiben","status":"publish","type":"post","link":"https:\/\/www.fuldaernachrichten.de\/?p=3423","title":{"rendered":"Notarzt Erik Erlekampf &#8211; &#8220;Mit minimaler Technik maximale Medizin betreiben&#8221;"},"content":{"rendered":"<p><strong>Leute.<\/strong> \u201eMit minimaler Technik maximale Medizin betreiben und Leben retten zu k\u00f6nnen: Das ist es, was mich an meinem Beruf so fasziniert\u201c, sagt Dr. Erik Erlekampf. Der 39-J\u00e4hrige ist Notarzt &#8211; tauscht seine orange-rote \u201eUniform\u201c aber regelm\u00e4\u00dfig gegen den wei\u00dfen Kittel. Denn wenn er mal nicht \u201edrau\u00dfen\u201c ist, steht der Notarzt, der auch Unfallchirurg ist und sich auf Gelenk- und Wirbels\u00e4ulenchirurgie spezialisiert hat, im Herz-Jesu-Krankenhaus am OP-Tisch.<\/p>\n<p><strong>Fotos (6):<\/strong> Max Colin Heydenreich<\/p>\n<p><a rel=\"lightbox[roadtrip]\" target=\"_blank\" href=\"http:\/\/www.schoene-nachrichten.de\/wp-content\/uploads\/2007\/06\/070603_notarzt_06.jpg\" title=\"070603_notarzt_06.jpg\"><img decoding=\"async\" src=\"http:\/\/www.schoene-nachrichten.de\/wp-content\/uploads\/2007\/06\/070603_notarzt_06.thumbnail.jpg\" alt=\"070603_notarzt_06.jpg\" \/><\/a>\u00c2\u00a0<a rel=\"lightbox[roadtrip]\" target=\"_blank\" href=\"http:\/\/www.schoene-nachrichten.de\/wp-content\/uploads\/2007\/06\/070603_notarzt_02.jpg\" title=\"070603_notarzt_02.jpg\"><img decoding=\"async\" src=\"http:\/\/www.schoene-nachrichten.de\/wp-content\/uploads\/2007\/06\/070603_notarzt_02.thumbnail.jpg\" alt=\"070603_notarzt_02.jpg\" \/><\/a>\u00c2\u00a0<a rel=\"lightbox[roadtrip]\" target=\"_blank\" href=\"http:\/\/www.schoene-nachrichten.de\/wp-content\/uploads\/2007\/06\/070603_notarzt_03.jpg\" title=\"070603_notarzt_03.jpg\"><img decoding=\"async\" src=\"http:\/\/www.schoene-nachrichten.de\/wp-content\/uploads\/2007\/06\/070603_notarzt_03.thumbnail.jpg\" alt=\"070603_notarzt_03.jpg\" \/><\/a><\/p>\n<p><!--more-->Schon als F\u00fcnfj\u00e4hriger wusste Erlekampf, dass er Arzt werden will. In den Rettungsdienst ist er vor 20 Jahren eingestiegen. Damals war er noch Rettungsassistent, heute tr\u00e4gt er die Verantwortung f\u00fcr ein 14-k\u00f6pfiges Notarzt-Team.<\/p>\n<p><a rel=\"lightbox[roadtrip]\" target=\"_blank\" href=\"http:\/\/www.schoene-nachrichten.de\/wp-content\/uploads\/2007\/06\/070603_notarzt_01.jpg\" title=\"070603_notarzt_01.jpg\"><img decoding=\"async\" src=\"http:\/\/www.schoene-nachrichten.de\/wp-content\/uploads\/2007\/06\/070603_notarzt_01.thumbnail.jpg\" alt=\"070603_notarzt_01.jpg\" \/><\/a>\u00c2\u00a0<a rel=\"lightbox[roadtrip]\" target=\"_blank\" href=\"http:\/\/www.schoene-nachrichten.de\/wp-content\/uploads\/2007\/06\/070603_notarzt_04.jpg\" title=\"070603_notarzt_04.jpg\"><img decoding=\"async\" src=\"http:\/\/www.schoene-nachrichten.de\/wp-content\/uploads\/2007\/06\/070603_notarzt_04.thumbnail.jpg\" alt=\"070603_notarzt_04.jpg\" \/><\/a>\u00c2\u00a0<a rel=\"lightbox[roadtrip]\" target=\"_blank\" href=\"http:\/\/www.schoene-nachrichten.de\/wp-content\/uploads\/2007\/06\/070603_notarzt_05.jpg\" title=\"070603_notarzt_05.jpg\"><img decoding=\"async\" src=\"http:\/\/www.schoene-nachrichten.de\/wp-content\/uploads\/2007\/06\/070603_notarzt_05.thumbnail.jpg\" alt=\"070603_notarzt_05.jpg\" \/><\/a><\/p>\n<p>\u201e5000 Eins\u00e4tze in all den Jahren &#8211; da kann dich nicht mehr viel aus der Ruhe bringen\u201c, sagt der Oberarzt. Was man in diesem Job unbedingt braucht? \u201eEin breites Fachwissen, ein bisschen Galgenhumor und auf jeden Fall ein dickes Fell.\u201c<\/p>\n","protected":false},"excerpt":{"rendered":"<div class=\"tmnf_excerpt\"><p>Leute. \u201eMit minimaler Technik maximale Medizin betreiben und Leben retten zu k\u00f6nnen: Das ist es, was mich an meinem Beruf so fasziniert\u201c, sagt Dr. Erik Erlekampf. Der 39-J\u00e4hrige ist Notarzt &#8211; tauscht seine orange-rote \u201eUniform\u201c aber regelm\u00e4\u00dfig gegen den wei\u00dfen Kittel. Denn wenn er mal nicht \u201edrau\u00dfen\u201c ist, steht der Notarzt, der auch Unfallchirurg ist &hellip;<\/p>\n<\/div>","protected":false},"author":1,"featured_media":0,"comment_status":"closed","ping_status":"closed","sticky":false,"template":"","format":"standard","meta":{"footnotes":""},"categories":[1,51],"tags":[],"class_list":["post-3423","post","type-post","status-publish","format-standard","hentry","category-startseite","category-medizin"],"_links":{"self":[{"href":"https:\/\/www.fuldaernachrichten.de\/index.php?rest_route=\/wp\/v2\/posts\/3423","targetHints":{"allow":["GET"]}}],"collection":[{"href":"https:\/\/www.fuldaernachrichten.de\/index.php?rest_route=\/wp\/v2\/posts"}],"about":[{"href":"https:\/\/www.fuldaernachrichten.de\/index.php?rest_route=\/wp\/v2\/types\/post"}],"author":[{"embeddable":true,"href":"https:\/\/www.fuldaernachrichten.de\/index.php?rest_route=\/wp\/v2\/users\/1"}],"replies":[{"embeddable":true,"href":"https:\/\/www.fuldaernachrichten.de\/index.php?rest_route=%2Fwp%2Fv2%2Fcomments&post=3423"}],"version-history":[{"count":0,"href":"https:\/\/www.fuldaernachrichten.de\/index.php?rest_route=\/wp\/v2\/posts\/3423\/revisions"}],"wp:attachment":[{"href":"https:\/\/www.fuldaernachrichten.de\/index.php?rest_route=%2Fwp%2Fv2%2Fmedia&parent=3423"}],"wp:term":[{"taxonomy":"category","embeddable":true,"href":"https:\/\/www.fuldaernachrichten.de\/index.php?rest_route=%2Fwp%2Fv2%2Fcategories&post=3423"},{"taxonomy":"post_tag","embeddable":true,"href":"https:\/\/www.fuldaernachrichten.de\/index.php?rest_route=%2Fwp%2Fv2%2Ftags&post=3423"}],"curies":[{"name":"wp","href":"https:\/\/api.w.org\/{rel}","templated":true}]}}