{"id":3414,"date":"2007-06-02T00:32:57","date_gmt":"2007-06-01T22:32:57","guid":{"rendered":"http:\/\/www.schoene-nachrichten.de\/?p=3414"},"modified":"2007-06-03T14:10:52","modified_gmt":"2007-06-03T12:10:52","slug":"japaner-besuchten-palliativzentrum-und-hospiz","status":"publish","type":"post","link":"https:\/\/www.fuldaernachrichten.de\/?p=3414","title":{"rendered":"Japaner besuchten Palliativzentrum und Hospiz"},"content":{"rendered":"<p><strong>Sch\u00f6nes aus Fulda.<\/strong> Dass es in Osthessen beispielhafte Netzwerke gibt, hat sich dank des Internets bis nach Japan herumgesprochen. Doch weil der Informationsgehalt von Websites uns E-Mails begrenzt ist, haben sich Mediziner, Pflege- und Versicherungsexperten aus der Stadt Hiroshima auf den Weg nach Deutschland gemacht und gestern dem Gesundheitsnetz Osthessen sowie dem PalliativnetzOsthessen einen Besuch abgestattet.<\/p>\n<p><strong>Fotos (36):<\/strong> Max Colin Heydenreich<\/p>\n<p><a rel=\"lightbox[roadtrip]\" target=\"_blank\" href=\"http:\/\/www.schoene-nachrichten.de\/wp-content\/uploads\/2007\/06\/070601_Japaner_12.jpg\" title=\"Foto: Max Colin Heydenreich\"><img decoding=\"async\" width=\"128\" src=\"http:\/\/www.schoene-nachrichten.de\/wp-content\/uploads\/2007\/06\/070601_Japaner_12.thumbnail.jpg\" alt=\"070601_Japaner_12.jpg\" \/><\/a>\u00c2\u00a0<a rel=\"lightbox[roadtrip]\" target=\"_blank\" href=\"http:\/\/www.schoene-nachrichten.de\/wp-content\/uploads\/2007\/06\/070601_Japaner_06.jpg\" title=\"Foto: Max Colin Heydenreich\"><img decoding=\"async\" width=\"128\" src=\"http:\/\/www.schoene-nachrichten.de\/wp-content\/uploads\/2007\/06\/070601_Japaner_06.thumbnail.jpg\" alt=\"070601_Japaner_06.jpg\" \/><\/a>\u00c2\u00a0<a rel=\"lightbox[roadtrip]\" target=\"_blank\" href=\"http:\/\/www.schoene-nachrichten.de\/wp-content\/uploads\/2007\/06\/070601_Japaner_03.jpg\" title=\"Foto: Max Colin Heydenreich\"><img decoding=\"async\" width=\"128\" src=\"http:\/\/www.schoene-nachrichten.de\/wp-content\/uploads\/2007\/06\/070601_Japaner_03.thumbnail.jpg\" alt=\"070601_Japaner_03.jpg\" \/><\/a><\/p>\n<p><a rel=\"lightbox[roadtrip]\" target=\"_blank\" href=\"http:\/\/www.schoene-nachrichten.de\/wp-content\/uploads\/2007\/06\/070601_Japaner_27.jpg\" title=\"Foto: Max Colin Heydenreich\"><img decoding=\"async\" width=\"128\" src=\"http:\/\/www.schoene-nachrichten.de\/wp-content\/uploads\/2007\/06\/070601_Japaner_27.thumbnail.jpg\" alt=\"070601_Japaner_27.jpg\" \/><\/a>\u00c2\u00a0<a rel=\"lightbox[roadtrip]\" target=\"_blank\" href=\"http:\/\/www.schoene-nachrichten.de\/wp-content\/uploads\/2007\/06\/070601_Japaner_07.jpg\" title=\"Foto: Max Colin Heydenreich\"><img decoding=\"async\" width=\"128\" src=\"http:\/\/www.schoene-nachrichten.de\/wp-content\/uploads\/2007\/06\/070601_Japaner_07.thumbnail.jpg\" alt=\"070601_Japaner_07.jpg\" \/><\/a> <a rel=\"lightbox[roadtrip]\" target=\"_blank\" href=\"http:\/\/www.schoene-nachrichten.de\/wp-content\/uploads\/2007\/06\/070601_Japaner_08.jpg\" title=\"Foto: Max Colin Heydenreich\"><img decoding=\"async\" width=\"128\" src=\"http:\/\/www.schoene-nachrichten.de\/wp-content\/uploads\/2007\/06\/070601_Japaner_08.thumbnail.jpg\" alt=\"070601_Japaner_08.jpg\" \/><\/a><\/p>\n<p><!--more-->F\u00fcr die 13-k\u00f6pfige Delegation war die hiesige Versorgung schwerstkranker und sterbender Patienten von besonderem Interesse. Im Schmerz- und Palliativzentrum Fulda informierten sich die Japaner \u00fcber die Aufgaben und das Zusammenwirken der verschiedenen Netzwerkpartner.\u00c2\u00a0<\/p>\n<p><a rel=\"lightbox[roadtrip]\" target=\"_blank\" href=\"http:\/\/www.schoene-nachrichten.de\/wp-content\/uploads\/2007\/06\/070601_Japaner_01.jpg\" title=\"Foto: Max Colin Heydenreich\"><img decoding=\"async\" width=\"128\" src=\"http:\/\/www.schoene-nachrichten.de\/wp-content\/uploads\/2007\/06\/070601_Japaner_01.thumbnail.jpg\" alt=\"070601_Japaner_01.jpg\" \/><\/a> <a rel=\"lightbox[roadtrip]\" target=\"_blank\" href=\"http:\/\/www.schoene-nachrichten.de\/wp-content\/uploads\/2007\/06\/070601_Japaner_02.jpg\" title=\"Foto: Max Colin Heydenreich\"><img decoding=\"async\" width=\"128\" src=\"http:\/\/www.schoene-nachrichten.de\/wp-content\/uploads\/2007\/06\/070601_Japaner_02.thumbnail.jpg\" alt=\"070601_Japaner_02.jpg\" \/><\/a> <a rel=\"lightbox[roadtrip]\" target=\"_blank\" href=\"http:\/\/www.schoene-nachrichten.de\/wp-content\/uploads\/2007\/06\/070601_Japaner_04.jpg\" title=\"Foto: Max Colin Heydenreich\"><img decoding=\"async\" width=\"128\" src=\"http:\/\/www.schoene-nachrichten.de\/wp-content\/uploads\/2007\/06\/070601_Japaner_04.thumbnail.jpg\" alt=\"070601_Japaner_04.jpg\" \/><\/a><\/p>\n<p><a rel=\"lightbox[roadtrip]\" target=\"_blank\" href=\"http:\/\/www.schoene-nachrichten.de\/wp-content\/uploads\/2007\/06\/070601_Japaner_13.jpg\" title=\"Foto: Max Colin Heydenreich\"><img decoding=\"async\" width=\"128\" src=\"http:\/\/www.schoene-nachrichten.de\/wp-content\/uploads\/2007\/06\/070601_Japaner_13.thumbnail.jpg\" alt=\"070601_Japaner_13.jpg\" \/><\/a> <a rel=\"lightbox[roadtrip]\" target=\"_blank\" href=\"http:\/\/www.schoene-nachrichten.de\/wp-content\/uploads\/2007\/06\/070601_Japaner_14.jpg\" title=\"Foto: Max Colin Heydenreich\"><img decoding=\"async\" width=\"128\" src=\"http:\/\/www.schoene-nachrichten.de\/wp-content\/uploads\/2007\/06\/070601_Japaner_14.thumbnail.jpg\" alt=\"070601_Japaner_14.jpg\" \/><\/a> <a rel=\"lightbox[roadtrip]\" target=\"_blank\" href=\"http:\/\/www.schoene-nachrichten.de\/wp-content\/uploads\/2007\/06\/070601_Japaner_15.jpg\" title=\"Foto: Max Colin Heydenreich\"><img decoding=\"async\" width=\"128\" src=\"http:\/\/www.schoene-nachrichten.de\/wp-content\/uploads\/2007\/06\/070601_Japaner_15.thumbnail.jpg\" alt=\"070601_Japaner_15.jpg\" \/><\/a><\/p>\n<p>Gabriele Bleul, Gesch\u00e4ftsf\u00fchrerin GNO, stellte die Arbeit des Gesundheitsnetzes vor. Palliativmediziner Oskar Kr\u00e4mer-Kilper erl\u00e4uterte die Aufgabenbereiche des Schmerz- und Palliativzentrums sowie die M\u00f6glichkeiten der Palliativmedizin. Auf die Entstehung und Zielsetzung des PalliativnetzesOsthessen ging Manuela Straub, Krankenschwester und Netzwerkkoordinatorin, ein. \u00dcber die Arbeit ambulanter Hospize\u00c2\u00a0sprach Mechthild Buchner, Koordinatorin des ambulanten Hospiz-Dienstes \u201eDa-Sein\u201c in Fulda.<\/p>\n<p><a rel=\"lightbox[roadtrip]\" target=\"_blank\" href=\"http:\/\/www.schoene-nachrichten.de\/wp-content\/uploads\/2007\/06\/070601_Japaner_16.jpg\" title=\"Foto: Max Colin Heydenreich\"><img decoding=\"async\" width=\"128\" src=\"http:\/\/www.schoene-nachrichten.de\/wp-content\/uploads\/2007\/06\/070601_Japaner_16.thumbnail.jpg\" alt=\"070601_Japaner_16.jpg\" \/><\/a> <a rel=\"lightbox[roadtrip]\" target=\"_blank\" href=\"http:\/\/www.schoene-nachrichten.de\/wp-content\/uploads\/2007\/06\/070601_Japaner_17.jpg\" title=\"Foto: Max Colin Heydenreich\"><img decoding=\"async\" width=\"128\" src=\"http:\/\/www.schoene-nachrichten.de\/wp-content\/uploads\/2007\/06\/070601_Japaner_17.thumbnail.jpg\" alt=\"070601_Japaner_17.jpg\" \/><\/a> <a rel=\"lightbox[roadtrip]\" target=\"_blank\" href=\"http:\/\/www.schoene-nachrichten.de\/wp-content\/uploads\/2007\/06\/070601_Japaner_18.jpg\" title=\"Foto: Max Colin Heydenreich\"><img decoding=\"async\" width=\"128\" src=\"http:\/\/www.schoene-nachrichten.de\/wp-content\/uploads\/2007\/06\/070601_Japaner_18.thumbnail.jpg\" alt=\"070601_Japaner_18.jpg\" \/><\/a><\/p>\n<p><a rel=\"lightbox[roadtrip]\" target=\"_blank\" href=\"http:\/\/www.schoene-nachrichten.de\/wp-content\/uploads\/2007\/06\/070601_Japaner_19.jpg\" title=\"Foto: Max Colin Heydenreich\"><img decoding=\"async\" width=\"128\" src=\"http:\/\/www.schoene-nachrichten.de\/wp-content\/uploads\/2007\/06\/070601_Japaner_19.thumbnail.jpg\" alt=\"070601_Japaner_19.jpg\" \/><\/a> <a rel=\"lightbox[roadtrip]\" target=\"_blank\" href=\"http:\/\/www.schoene-nachrichten.de\/wp-content\/uploads\/2007\/06\/070601_Japaner_20.jpg\" title=\"Foto: Max Colin Heydenreich\"><img decoding=\"async\" width=\"128\" src=\"http:\/\/www.schoene-nachrichten.de\/wp-content\/uploads\/2007\/06\/070601_Japaner_20.thumbnail.jpg\" alt=\"070601_Japaner_20.jpg\" \/><\/a> <a rel=\"lightbox[roadtrip]\" target=\"_blank\" href=\"http:\/\/www.schoene-nachrichten.de\/wp-content\/uploads\/2007\/06\/070601_Japaner_21.jpg\" title=\"Foto: Max Colin Heydenreich\"><img decoding=\"async\" width=\"128\" src=\"http:\/\/www.schoene-nachrichten.de\/wp-content\/uploads\/2007\/06\/070601_Japaner_21.thumbnail.jpg\" alt=\"070601_Japaner_21.jpg\" \/><\/a><\/p>\n<p>Michaela Saam, stellvertretende Leiterin des Hospizes St. Elisabeth zu Fulda, berichtete \u00fcber die station\u00e4re Versorgung schwerstkranker und sterbender Menschen. Zur Sprache kamen auch die Schwachstellen des deutschen Gesundheitssystems wie \u00fcberbordende B\u00fcrokratie oder uneinheitlich geregelte Versorgungsvertr\u00e4ge. Nach dem mehrst\u00fcndigen Gespr\u00e4ch am runden Tisch folgte eine F\u00fchrung durch die R\u00e4umlichkeiten des erst k\u00fcrzlich eingeweihten Hospizes.<\/p>\n<p><a rel=\"lightbox[roadtrip]\" target=\"_blank\" href=\"http:\/\/www.schoene-nachrichten.de\/wp-content\/uploads\/2007\/06\/070601_Japaner_05.jpg\" title=\"Foto: Max Colin Heydenreich\"><img decoding=\"async\" width=\"128\" src=\"http:\/\/www.schoene-nachrichten.de\/wp-content\/uploads\/2007\/06\/070601_Japaner_05.thumbnail.jpg\" alt=\"070601_Japaner_05.jpg\" \/><\/a>\u00c2\u00a0<a rel=\"lightbox[roadtrip]\" target=\"_blank\" href=\"http:\/\/www.schoene-nachrichten.de\/wp-content\/uploads\/2007\/06\/070601_Japaner_09.jpg\" title=\"Foto: Max Colin Heydenreich\"><img decoding=\"async\" width=\"128\" src=\"http:\/\/www.schoene-nachrichten.de\/wp-content\/uploads\/2007\/06\/070601_Japaner_09.thumbnail.jpg\" alt=\"070601_Japaner_09.jpg\" \/><\/a>\u00c2\u00a0<a rel=\"lightbox[roadtrip]\" target=\"_blank\" href=\"http:\/\/www.schoene-nachrichten.de\/wp-content\/uploads\/2007\/06\/070601_Japaner_10.jpg\" title=\"Foto: Max Colin Heydenreich\"><img decoding=\"async\" width=\"128\" src=\"http:\/\/www.schoene-nachrichten.de\/wp-content\/uploads\/2007\/06\/070601_Japaner_10.thumbnail.jpg\" alt=\"070601_Japaner_10.jpg\" \/><\/a><\/p>\n<p><a rel=\"lightbox[roadtrip]\" target=\"_blank\" href=\"http:\/\/www.schoene-nachrichten.de\/wp-content\/uploads\/2007\/06\/070601_Japaner_21.jpg\" title=\"Foto: Max Colin Heydenreich\"><\/a><\/p>\n<p><a rel=\"lightbox[roadtrip]\" target=\"_blank\" href=\"http:\/\/www.schoene-nachrichten.de\/wp-content\/uploads\/2007\/06\/070601_Japaner_22.jpg\" title=\"Foto: Max Colin Heydenreich\"><img decoding=\"async\" width=\"128\" src=\"http:\/\/www.schoene-nachrichten.de\/wp-content\/uploads\/2007\/06\/070601_Japaner_22.thumbnail.jpg\" alt=\"070601_Japaner_22.jpg\" \/><\/a> <a rel=\"lightbox[roadtrip]\" target=\"_blank\" href=\"http:\/\/www.schoene-nachrichten.de\/wp-content\/uploads\/2007\/06\/070601_Japaner_23.jpg\" title=\"Foto: Max Colin Heydenreich\"><img decoding=\"async\" width=\"128\" src=\"http:\/\/www.schoene-nachrichten.de\/wp-content\/uploads\/2007\/06\/070601_Japaner_23.thumbnail.jpg\" alt=\"070601_Japaner_23.jpg\" \/><\/a> <a rel=\"lightbox[roadtrip]\" target=\"_blank\" href=\"http:\/\/www.schoene-nachrichten.de\/wp-content\/uploads\/2007\/06\/070601_Japaner_11.jpg\" title=\"Foto: Max Colin Heydenreich\"><img decoding=\"async\" width=\"128\" src=\"http:\/\/www.schoene-nachrichten.de\/wp-content\/uploads\/2007\/06\/070601_Japaner_11.thumbnail.jpg\" alt=\"070601_Japaner_11.jpg\" \/><\/a><\/p>\n<p><a rel=\"lightbox[roadtrip]\" target=\"_blank\" href=\"http:\/\/www.schoene-nachrichten.de\/wp-content\/uploads\/2007\/06\/070601_Japaner_21.jpg\" title=\"Foto: Max Colin Heydenreich\"><\/a><\/p>\n<p>\u201eIch denke, die Besucher haben viele Anregungen und Ideen mitgenommen\u201c, sagte Manuela Straub nach dem Gespr\u00e4ch. Weil es Gratulationen und eine Einladung nach Japan gab, darf man wohl davon ausgehen, dass die G\u00e4ste von der Arbeit und dem Engagement der Netzwerkpartner beeindruckt waren.<\/p>\n<p><a rel=\"lightbox[roadtrip]\" target=\"_blank\" href=\"http:\/\/www.schoene-nachrichten.de\/wp-content\/uploads\/2007\/06\/070601_Japaner_24.jpg\" title=\"Foto: Max Colin Heydenreich\"><img decoding=\"async\" width=\"128\" src=\"http:\/\/www.schoene-nachrichten.de\/wp-content\/uploads\/2007\/06\/070601_Japaner_24.thumbnail.jpg\" alt=\"070601_Japaner_24.jpg\" \/><\/a>\u00c2\u00a0<a rel=\"lightbox[roadtrip]\" target=\"_blank\" href=\"http:\/\/www.schoene-nachrichten.de\/wp-content\/uploads\/2007\/06\/070601_Japaner_26.jpg\" title=\"Foto: Max Colin Heydenreich\"><img decoding=\"async\" width=\"128\" src=\"http:\/\/www.schoene-nachrichten.de\/wp-content\/uploads\/2007\/06\/070601_Japaner_26.thumbnail.jpg\" alt=\"070601_Japaner_26.jpg\" \/><\/a> <a rel=\"lightbox[roadtrip]\" target=\"_blank\" href=\"http:\/\/www.schoene-nachrichten.de\/wp-content\/uploads\/2007\/06\/070601_Japaner_25.jpg\" title=\"Foto: Max Colin Heydenreich\"><img decoding=\"async\" width=\"128\" src=\"http:\/\/www.schoene-nachrichten.de\/wp-content\/uploads\/2007\/06\/070601_Japaner_25.thumbnail.jpg\" alt=\"070601_Japaner_25.jpg\" \/><\/a><\/p>\n<p><a rel=\"lightbox[roadtrip]\" target=\"_blank\" href=\"http:\/\/www.schoene-nachrichten.de\/wp-content\/uploads\/2007\/06\/070601_Japaner_28.jpg\" title=\"Foto: Max Colin Heydenreich\"><img decoding=\"async\" width=\"128\" src=\"http:\/\/www.schoene-nachrichten.de\/wp-content\/uploads\/2007\/06\/070601_Japaner_28.thumbnail.jpg\" alt=\"070601_Japaner_28.jpg\" \/><\/a> <a rel=\"lightbox[roadtrip]\" target=\"_blank\" href=\"http:\/\/www.schoene-nachrichten.de\/wp-content\/uploads\/2007\/06\/070601_Japaner_29.jpg\" title=\"Foto: Max Colin Heydenreich\"><img decoding=\"async\" width=\"128\" src=\"http:\/\/www.schoene-nachrichten.de\/wp-content\/uploads\/2007\/06\/070601_Japaner_29.thumbnail.jpg\" alt=\"070601_Japaner_29.jpg\" \/><\/a> <a rel=\"lightbox[roadtrip]\" target=\"_blank\" href=\"http:\/\/www.schoene-nachrichten.de\/wp-content\/uploads\/2007\/06\/070601_Japaner_30.jpg\" title=\"Foto: Max Colin Heydenreich\"><img decoding=\"async\" width=\"128\" src=\"http:\/\/www.schoene-nachrichten.de\/wp-content\/uploads\/2007\/06\/070601_Japaner_30.thumbnail.jpg\" alt=\"070601_Japaner_30.jpg\" \/><\/a><\/p>\n<p>Heute wird die japanische Delegation das Klinikum Rosenheim, in dem es seit November 2005 eine so genannte Br\u00fcckstation gibt, besuchen. Auf der Station werden Patienten betreut, die ambulant nicht mehr versorgt werden k\u00f6nnen, aber keine aufw\u00e4ndige Diagnostik ben\u00f6tigen. Anfang n\u00e4chster Woche endet die Studienreise der Japaner mit einem Besuch des St. Christopher\u00e2\u20ac\u2122s Hospice in London. Das Hospiz wurde von Cicely Saunders, der Begr\u00fcnderin der modernen Hospizbewegung, 1967 er\u00f6ffnet.<\/p>\n<p><a rel=\"lightbox[roadtrip]\" target=\"_blank\" href=\"http:\/\/www.schoene-nachrichten.de\/wp-content\/uploads\/2007\/06\/070601_Japaner_30.jpg\" title=\"Foto: Max Colin Heydenreich\"><\/a><\/p>\n<p><a rel=\"lightbox[roadtrip]\" target=\"_blank\" href=\"http:\/\/www.schoene-nachrichten.de\/wp-content\/uploads\/2007\/06\/070601_Japaner_31.jpg\" title=\"Foto: Max Colin Heydenreich\"><img decoding=\"async\" width=\"128\" src=\"http:\/\/www.schoene-nachrichten.de\/wp-content\/uploads\/2007\/06\/070601_Japaner_31.thumbnail.jpg\" alt=\"070601_Japaner_31.jpg\" \/><\/a> <a rel=\"lightbox[roadtrip]\" target=\"_blank\" href=\"http:\/\/www.schoene-nachrichten.de\/wp-content\/uploads\/2007\/06\/070601_Japaner_32.jpg\" title=\"Foto: Max Colin Heydenreich\"><img decoding=\"async\" width=\"128\" src=\"http:\/\/www.schoene-nachrichten.de\/wp-content\/uploads\/2007\/06\/070601_Japaner_32.thumbnail.jpg\" alt=\"070601_Japaner_32.jpg\" \/><\/a> <a rel=\"lightbox[roadtrip]\" target=\"_blank\" href=\"http:\/\/www.schoene-nachrichten.de\/wp-content\/uploads\/2007\/06\/070601_Japaner_33.jpg\" title=\"Foto: Max Colin Heydenreich\"><img decoding=\"async\" width=\"128\" src=\"http:\/\/www.schoene-nachrichten.de\/wp-content\/uploads\/2007\/06\/070601_Japaner_33.thumbnail.jpg\" alt=\"070601_Japaner_33.jpg\" \/><\/a><\/p>\n<p><a rel=\"lightbox[roadtrip]\" target=\"_blank\" href=\"http:\/\/www.schoene-nachrichten.de\/wp-content\/uploads\/2007\/06\/070601_Japaner_34.jpg\" title=\"Foto: Max Colin Heydenreich\"><img decoding=\"async\" width=\"128\" src=\"http:\/\/www.schoene-nachrichten.de\/wp-content\/uploads\/2007\/06\/070601_Japaner_34.thumbnail.jpg\" alt=\"070601_Japaner_34.jpg\" \/><\/a> <a rel=\"lightbox[roadtrip]\" target=\"_blank\" href=\"http:\/\/www.schoene-nachrichten.de\/wp-content\/uploads\/2007\/06\/070601_Japaner_35.jpg\" title=\"Foto: Max Colin Heydenreich\"><img decoding=\"async\" width=\"128\" src=\"http:\/\/www.schoene-nachrichten.de\/wp-content\/uploads\/2007\/06\/070601_Japaner_35.thumbnail.jpg\" alt=\"070601_Japaner_35.jpg\" \/><\/a> <a rel=\"lightbox[roadtrip]\" target=\"_blank\" href=\"http:\/\/www.schoene-nachrichten.de\/wp-content\/uploads\/2007\/06\/070601_Japaner_36.jpg\" title=\"Foto: Max Colin Heydenreich\"><img decoding=\"async\" width=\"128\" src=\"http:\/\/www.schoene-nachrichten.de\/wp-content\/uploads\/2007\/06\/070601_Japaner_36.thumbnail.jpg\" alt=\"070601_Japaner_36.jpg\" \/><\/a><\/p>\n","protected":false},"excerpt":{"rendered":"<div class=\"tmnf_excerpt\"><p>Sch\u00f6nes aus Fulda. Dass es in Osthessen beispielhafte Netzwerke gibt, hat sich dank des Internets bis nach Japan herumgesprochen. Doch weil der Informationsgehalt von Websites uns E-Mails begrenzt ist, haben sich Mediziner, Pflege- und Versicherungsexperten aus der Stadt Hiroshima auf den Weg nach Deutschland gemacht und gestern dem Gesundheitsnetz Osthessen sowie dem PalliativnetzOsthessen einen Besuch &hellip;<\/p>\n<\/div>","protected":false},"author":1,"featured_media":0,"comment_status":"closed","ping_status":"closed","sticky":false,"template":"","format":"standard","meta":{"footnotes":""},"categories":[1,54,51],"tags":[],"class_list":["post-3414","post","type-post","status-publish","format-standard","hentry","category-startseite","category-bildergalerien","category-medizin"],"_links":{"self":[{"href":"https:\/\/www.fuldaernachrichten.de\/index.php?rest_route=\/wp\/v2\/posts\/3414","targetHints":{"allow":["GET"]}}],"collection":[{"href":"https:\/\/www.fuldaernachrichten.de\/index.php?rest_route=\/wp\/v2\/posts"}],"about":[{"href":"https:\/\/www.fuldaernachrichten.de\/index.php?rest_route=\/wp\/v2\/types\/post"}],"author":[{"embeddable":true,"href":"https:\/\/www.fuldaernachrichten.de\/index.php?rest_route=\/wp\/v2\/users\/1"}],"replies":[{"embeddable":true,"href":"https:\/\/www.fuldaernachrichten.de\/index.php?rest_route=%2Fwp%2Fv2%2Fcomments&post=3414"}],"version-history":[{"count":0,"href":"https:\/\/www.fuldaernachrichten.de\/index.php?rest_route=\/wp\/v2\/posts\/3414\/revisions"}],"wp:attachment":[{"href":"https:\/\/www.fuldaernachrichten.de\/index.php?rest_route=%2Fwp%2Fv2%2Fmedia&parent=3414"}],"wp:term":[{"taxonomy":"category","embeddable":true,"href":"https:\/\/www.fuldaernachrichten.de\/index.php?rest_route=%2Fwp%2Fv2%2Fcategories&post=3414"},{"taxonomy":"post_tag","embeddable":true,"href":"https:\/\/www.fuldaernachrichten.de\/index.php?rest_route=%2Fwp%2Fv2%2Ftags&post=3414"}],"curies":[{"name":"wp","href":"https:\/\/api.w.org\/{rel}","templated":true}]}}