{"id":3413,"date":"2007-06-02T00:16:09","date_gmt":"2007-06-01T22:16:09","guid":{"rendered":"http:\/\/www.schoene-nachrichten.de\/?p=3413"},"modified":"2007-06-02T01:09:20","modified_gmt":"2007-06-01T23:09:20","slug":"weitere-500-unterschriften-fuer-deine-stimme-gegen-armut","status":"publish","type":"post","link":"https:\/\/www.fuldaernachrichten.de\/?p=3413","title":{"rendered":"500 Unterschriften f\u00fcr &#8220;DEINE STIMME GEGEN ARMUT&#8221;"},"content":{"rendered":"<p><strong>Sch\u00f6nes aus Fulda.<\/strong> \u201eWir brauchen ihre Stimme gegen Armut\u201c -\u00c2\u00a0so forderten Vertreter der katholischen Sozialverb\u00e4nde KAB (Katholische Arbeitnehmer-Bewegung) und das Kolpingwerk\u00c2\u00a0gestern Nachmittag vor dem Fuldaer Bahnhof viele Passanten auf, sich an der weltweiten Unterschriften-Aktion zu beteiligen, um auch aus Fulda ein friedliches, aber forderndes Signal an die Vertreter der G8-Staaten zu senden, die sich in einer Woche in Heiligendamm treffen werden.<\/p>\n<p><strong>Fotos (9) und Text:<\/strong> M. Schmitt \/ St. Sorek<\/p>\n<p><a rel=\"lightbox[roadtrip]\" target=\"_blank\" href=\"http:\/\/www.schoene-nachrichten.de\/wp-content\/uploads\/2007\/06\/070602_Kolping_09.jpg\" title=\"Foto: Max Colin Heydenreich\"><img decoding=\"async\" width=\"128\" src=\"http:\/\/www.schoene-nachrichten.de\/wp-content\/uploads\/2007\/06\/070602_Kolping_09.thumbnail.jpg\" alt=\"070602_Kolping_09.jpg\" \/><\/a>\u00c2\u00a0<a rel=\"lightbox[roadtrip]\" target=\"_blank\" href=\"http:\/\/www.schoene-nachrichten.de\/wp-content\/uploads\/2007\/06\/070602_Kolping_03.jpg\" title=\"Foto: Max Colin Heydenreich\"><img decoding=\"async\" width=\"128\" src=\"http:\/\/www.schoene-nachrichten.de\/wp-content\/uploads\/2007\/06\/070602_Kolping_03.thumbnail.jpg\" alt=\"070602_Kolping_03.jpg\" \/><\/a> <a rel=\"lightbox[roadtrip]\" target=\"_blank\" href=\"http:\/\/www.schoene-nachrichten.de\/wp-content\/uploads\/2007\/06\/070602_Kolping_07.jpg\" title=\"Foto: Max Colin Heydenreich\"><img decoding=\"async\" width=\"128\" src=\"http:\/\/www.schoene-nachrichten.de\/wp-content\/uploads\/2007\/06\/070602_Kolping_07.thumbnail.jpg\" alt=\"070602_Kolping_07.jpg\" \/><\/a><br \/>\n<!--more--><br \/>\n\u201eUnser Anliegen mit der Unterst\u00fctzung dieser Kampagne ist es, die Politiker zu einer gerechteren Entwicklungspolitik zu bewegen, damit die im Jahr 2000 verabschiedeten Milleniumsziele etwas besser und ernsthafter verwirklicht werden\u201c, so Pfarrer Christian Sack, Di\u00f6zesanpr\u00e4ses der KAB.<\/p>\n<p>\u201eJetzt ist Halbzeit f\u00fcr die Millennium Development Goals, (MDGs)! Auch die Politik muss jetzt mal Bilanz ziehen! Erste Schritte sind getan, aber insgesamt ist von den Unterzeichner-Staaten zuwenig erreicht worden\u201c, stellt Stefan Sorek, Di\u00f6zesangesch\u00e4ftsf\u00fchrer des Kolpingwerkes fest.<\/p>\n<p><a rel=\"lightbox[roadtrip]\" target=\"_blank\" href=\"http:\/\/www.schoene-nachrichten.de\/wp-content\/uploads\/2007\/06\/070602_Kolping_06.jpg\" title=\"Foto: Max Colin Heydenreich\"><img decoding=\"async\" width=\"128\" src=\"http:\/\/www.schoene-nachrichten.de\/wp-content\/uploads\/2007\/06\/070602_Kolping_06.thumbnail.jpg\" alt=\"070602_Kolping_06.jpg\" \/><\/a>\u00c2\u00a0<a rel=\"lightbox[roadtrip]\" target=\"_blank\" href=\"http:\/\/www.schoene-nachrichten.de\/wp-content\/uploads\/2007\/06\/070602_Kolping_08.jpg\" title=\"Foto: Max Colin Heydenreich\"><img decoding=\"async\" width=\"128\" src=\"http:\/\/www.schoene-nachrichten.de\/wp-content\/uploads\/2007\/06\/070602_Kolping_08.thumbnail.jpg\" alt=\"070602_Kolping_08.jpg\" \/><\/a> <a rel=\"lightbox[roadtrip]\" target=\"_blank\" href=\"http:\/\/www.schoene-nachrichten.de\/wp-content\/uploads\/2007\/06\/070602_Kolping_02.jpg\" title=\"Foto: Max Colin Heydenreich\"><img decoding=\"async\" width=\"128\" src=\"http:\/\/www.schoene-nachrichten.de\/wp-content\/uploads\/2007\/06\/070602_Kolping_02.thumbnail.jpg\" alt=\"070602_Kolping_02.jpg\" \/><\/a><\/p>\n<p>In New York verabschiedeten im September 2000 Staats- und Regierungschefs aus 189 L\u00e4ndern die \u201eMillenniumserkl\u00e4rung\u201c der Vereinten Nationen. Gestecktes Ziel war die Umsetzung von acht Entwicklungszielen bis zum Jahr 2015. Dazu geh\u00f6rt unter anderem die Halbierung der Zahl der absolut Armen und der Hungernden.<\/p>\n<p>Seit dem Jahr 2000 haben die beiden gro\u00dfen katholischen Sozialverb\u00e4nde im Bistum Fulda immer wieder neue Aktionen und Projekte gestartet, die zur Verwirklichung der UN-Ziele tats\u00e4chlich beitragen k\u00f6nnen. So ist beispielsweise das Kaffee-Projekt der KAB in Guatemala und die Zisternenaktion \u201eKeine Familie ohne Wasser\u201c des Kolpingwerkes zu nennen.<\/p>\n<p>\u201eJetzt treffen sich die Regierungschefs der reichsten und einflussreichsten Staaten zum G8 Gipfel in Heiligendamm. Wir m\u00f6chten diesen mit auf den Weg geben, dass sie sich an Ihre eigenen Versprechungen halten\u201c fordert Michael Schmitt, Di\u00f6zesansekret\u00e4r der KAB. Dazu sammeln die Vertreter der beiden Verb\u00e4nde Unterschriften, die vor dem G8- Gipfel der Bundeskanzlerin Angela Merkel \u00fcberreicht werden sollen.<\/p>\n<p><a rel=\"lightbox[roadtrip]\" target=\"_blank\" href=\"http:\/\/www.schoene-nachrichten.de\/wp-content\/uploads\/2007\/06\/070602_Kolping_01.jpg\" title=\"Foto: Max Colin Heydenreich\"><img decoding=\"async\" width=\"128\" src=\"http:\/\/www.schoene-nachrichten.de\/wp-content\/uploads\/2007\/06\/070602_Kolping_01.thumbnail.jpg\" alt=\"070602_Kolping_01.jpg\" \/><\/a>\u00c2\u00a0<a rel=\"lightbox[roadtrip]\" target=\"_blank\" href=\"http:\/\/www.schoene-nachrichten.de\/wp-content\/uploads\/2007\/06\/070602_Kolping_04.jpg\" title=\"Foto: Max Colin Heydenreich\"><img decoding=\"async\" width=\"128\" src=\"http:\/\/www.schoene-nachrichten.de\/wp-content\/uploads\/2007\/06\/070602_Kolping_04.thumbnail.jpg\" alt=\"070602_Kolping_04.jpg\" \/><\/a> <a rel=\"lightbox[roadtrip]\" target=\"_blank\" href=\"http:\/\/www.schoene-nachrichten.de\/wp-content\/uploads\/2007\/06\/070602_Kolping_05.jpg\" title=\"Foto: Max Colin Heydenreich\"><img decoding=\"async\" width=\"128\" src=\"http:\/\/www.schoene-nachrichten.de\/wp-content\/uploads\/2007\/06\/070602_Kolping_05.thumbnail.jpg\" alt=\"070602_Kolping_05.jpg\" \/><\/a><\/p>\n<p>Mit dieser Aktion beteiligt sich Kolping und KAB an der bundes- und weltweiten Aktion \u201eDEINE STIMME GEGEN ARMUT\u201c, die als friedlicher Protest gegen die Beratungen der 8 gro\u00dfen Wirtschaftsnationen gestartet wurden. Bisher kamen mehrere Hunderttausende Unterschriften zusammen. Die Aktion am 1. Juni vor dem Fuldaer Bahnhof erbrachte weitere 500 Unterschriften. <strong>Weitere Informationen unter:<\/strong> <a target=\"_blank\" href=\"http:\/\/www.deinestimmegegenarmut.de\">www.deinestimmegegenarmut.de<\/a><\/p>\n<p><a target=\"_blank\" href=\"http:\/\/www.deinestimmegegenarmut.de\"><\/a><\/p>\n","protected":false},"excerpt":{"rendered":"<div class=\"tmnf_excerpt\"><p>Sch\u00f6nes aus Fulda. \u201eWir brauchen ihre Stimme gegen Armut\u201c -\u00c2\u00a0so forderten Vertreter der katholischen Sozialverb\u00e4nde KAB (Katholische Arbeitnehmer-Bewegung) und das Kolpingwerk\u00c2\u00a0gestern Nachmittag vor dem Fuldaer Bahnhof viele Passanten auf, sich an der weltweiten Unterschriften-Aktion zu beteiligen, um auch aus Fulda ein friedliches, aber forderndes Signal an die Vertreter der G8-Staaten zu senden, die sich in &hellip;<\/p>\n<\/div>","protected":false},"author":1,"featured_media":0,"comment_status":"closed","ping_status":"closed","sticky":false,"template":"","format":"standard","meta":{"footnotes":""},"categories":[1,50,29],"tags":[],"class_list":["post-3413","post","type-post","status-publish","format-standard","hentry","category-startseite","category-kirche","category-politik"],"_links":{"self":[{"href":"https:\/\/www.fuldaernachrichten.de\/index.php?rest_route=\/wp\/v2\/posts\/3413","targetHints":{"allow":["GET"]}}],"collection":[{"href":"https:\/\/www.fuldaernachrichten.de\/index.php?rest_route=\/wp\/v2\/posts"}],"about":[{"href":"https:\/\/www.fuldaernachrichten.de\/index.php?rest_route=\/wp\/v2\/types\/post"}],"author":[{"embeddable":true,"href":"https:\/\/www.fuldaernachrichten.de\/index.php?rest_route=\/wp\/v2\/users\/1"}],"replies":[{"embeddable":true,"href":"https:\/\/www.fuldaernachrichten.de\/index.php?rest_route=%2Fwp%2Fv2%2Fcomments&post=3413"}],"version-history":[{"count":0,"href":"https:\/\/www.fuldaernachrichten.de\/index.php?rest_route=\/wp\/v2\/posts\/3413\/revisions"}],"wp:attachment":[{"href":"https:\/\/www.fuldaernachrichten.de\/index.php?rest_route=%2Fwp%2Fv2%2Fmedia&parent=3413"}],"wp:term":[{"taxonomy":"category","embeddable":true,"href":"https:\/\/www.fuldaernachrichten.de\/index.php?rest_route=%2Fwp%2Fv2%2Fcategories&post=3413"},{"taxonomy":"post_tag","embeddable":true,"href":"https:\/\/www.fuldaernachrichten.de\/index.php?rest_route=%2Fwp%2Fv2%2Ftags&post=3413"}],"curies":[{"name":"wp","href":"https:\/\/api.w.org\/{rel}","templated":true}]}}