{"id":34070,"date":"2009-07-13T05:55:58","date_gmt":"2009-07-13T03:55:58","guid":{"rendered":"http:\/\/www.schoene-nachrichten.de\/?p=34070"},"modified":"2009-07-12T21:48:09","modified_gmt":"2009-07-12T19:48:09","slug":"seifertser-apfelsherry-als-originellste-spezialitaet-ausgezeichnet","status":"publish","type":"post","link":"https:\/\/www.fuldaernachrichten.de\/?p=34070","title":{"rendered":"Seifertser ApfelSherry als originellste Spezialit\u00e4t ausgezeichnet"},"content":{"rendered":"<p><strong>Gijon\/Seiferts. <\/strong>J\u00fcrgen Krenzer aus dem hessischen Seiferts hat seinen Titel als einer der besten Apfelwein-Macher der Welt verteidigt. Auf der 2. Internationalen Apfelweinmesse in Gijon\/Nordspanien wurde sein ApfelSherry wiederholt unter die TOP 10 der internationalen Apfelweine gew\u00e4hlt. Im Jahr 2007 war der Platz unter den besten 10 f\u00fcr Krenzer noch eine handfeste \u00dcberraschung. Jetzt gelang ihm mit dem trockenen ApfelSherry aus dem schottischen Whiskyfass der zweite Streich. Das Produkt wurde dar\u00fcber hinaus als originellste Spezialit\u00e4t der Messe ausgelobt. Immerhin stand er in Konkurrenz zu den ber\u00fchmten kanadischen Ice-Cidermakers von \u201eDomaine Pinnacle\u201c und \u201eLa Face Cachee\u201c, dem franz\u00f6sischem Spitzen-Kelterer Eric Bordelet oder dem asturianischen Kult-Sidra\u00c2\u00a0 \u201eTrabanco\u201c.\u00c2\u00a0 \u00c2\u00a0<!--more--><\/p>\n<p><strong>Global pur<\/strong><\/p>\n<p>Neben vielen spanischen Sidra-Produzenten pr\u00e4sentierten \u00fcber 60 Apfelweinmacher aus Russland, Argentinien, Mexico, England, Frankreich, der Schweiz, Kanada und deutsche Spitzen-Kelterer ihre \u00fcber 300 Obstweinspezialit\u00e4ten.\u00c2\u00a0 Auch die zweite SICER wurde wieder von der Region Asturien, der spanischen Au\u00dfenhandelsorganisation ICEX und der Europ\u00e4ischen Union unterst\u00fctzt. Organisiert wurde die Veranstaltung von Redakteuren des angesehenen Weinmagazins \u201eVinum\u201c, federf\u00fchrend war der Schweizer Experte Thomas Vaterlaus.<\/p>\n","protected":false},"excerpt":{"rendered":"<div class=\"tmnf_excerpt\"><p>Gijon\/Seiferts. J\u00fcrgen Krenzer aus dem hessischen Seiferts hat seinen Titel als einer der besten Apfelwein-Macher der Welt verteidigt. Auf der 2. Internationalen Apfelweinmesse in Gijon\/Nordspanien wurde sein ApfelSherry wiederholt unter die TOP 10 der internationalen Apfelweine gew\u00e4hlt. Im Jahr 2007 war der Platz unter den besten 10 f\u00fcr Krenzer noch eine handfeste \u00dcberraschung. Jetzt gelang &hellip;<\/p>\n<\/div>","protected":false},"author":1,"featured_media":0,"comment_status":"closed","ping_status":"closed","sticky":false,"template":"","format":"standard","meta":{"footnotes":""},"categories":[1,37,29],"tags":[],"class_list":["post-34070","post","type-post","status-publish","format-standard","hentry","category-startseite","category-essen-und-trinken","category-politik"],"_links":{"self":[{"href":"https:\/\/www.fuldaernachrichten.de\/index.php?rest_route=\/wp\/v2\/posts\/34070","targetHints":{"allow":["GET"]}}],"collection":[{"href":"https:\/\/www.fuldaernachrichten.de\/index.php?rest_route=\/wp\/v2\/posts"}],"about":[{"href":"https:\/\/www.fuldaernachrichten.de\/index.php?rest_route=\/wp\/v2\/types\/post"}],"author":[{"embeddable":true,"href":"https:\/\/www.fuldaernachrichten.de\/index.php?rest_route=\/wp\/v2\/users\/1"}],"replies":[{"embeddable":true,"href":"https:\/\/www.fuldaernachrichten.de\/index.php?rest_route=%2Fwp%2Fv2%2Fcomments&post=34070"}],"version-history":[{"count":3,"href":"https:\/\/www.fuldaernachrichten.de\/index.php?rest_route=\/wp\/v2\/posts\/34070\/revisions"}],"predecessor-version":[{"id":34187,"href":"https:\/\/www.fuldaernachrichten.de\/index.php?rest_route=\/wp\/v2\/posts\/34070\/revisions\/34187"}],"wp:attachment":[{"href":"https:\/\/www.fuldaernachrichten.de\/index.php?rest_route=%2Fwp%2Fv2%2Fmedia&parent=34070"}],"wp:term":[{"taxonomy":"category","embeddable":true,"href":"https:\/\/www.fuldaernachrichten.de\/index.php?rest_route=%2Fwp%2Fv2%2Fcategories&post=34070"},{"taxonomy":"post_tag","embeddable":true,"href":"https:\/\/www.fuldaernachrichten.de\/index.php?rest_route=%2Fwp%2Fv2%2Ftags&post=34070"}],"curies":[{"name":"wp","href":"https:\/\/api.w.org\/{rel}","templated":true}]}}