{"id":339,"date":"2006-12-14T00:05:22","date_gmt":"2006-12-13T23:05:22","guid":{"rendered":"http:\/\/www.schoene-nachrichten.de\/?p=339"},"modified":"2006-12-13T16:09:42","modified_gmt":"2006-12-13T15:09:42","slug":"hans-dieter-grau-feierte-40-dienstjubilaum","status":"publish","type":"post","link":"https:\/\/www.fuldaernachrichten.de\/?p=339","title":{"rendered":"Hans-Dieter Grau feierte 40. Dienstjubil\u00e4um"},"content":{"rendered":"<p><strong>Sch\u00f6nes aus Fulda.<\/strong> Sein 40-j\u00e4hriges Dienstjubil\u00e4um\u00c2\u00a0beging Hans-Dieter Grau, stellvertretende K\u00e4mmereileiter der Stadtverwaltung, im Gr\u00fcnen Zimmer des Stadtschlosses. Oberb\u00fcrgermeister Gerhard M\u00f6ller w\u00fcrdigte Grau als \u201eSachwalter des st\u00e4dtischen Haushaltes.<\/p>\n<p>\u00c2\u00a0<\/p>\n<p><a title=\"Foto: Stadt Fulda\" href=\"http:\/\/www.schoene-nachrichten.de\/wp-content\/uploads\/2006\/12\/061213_dienstjub3.jpg\" target=\"_blank\"><img decoding=\"async\" id=\"image338\" height=\"96\" alt=\"061213_dienstjub3.jpg\" src=\"http:\/\/www.schoene-nachrichten.de\/wp-content\/uploads\/2006\/12\/061213_dienstjub3.thumbnail.jpg\" \/><\/a>\u00c2\u00a0<a title=\"Foto: Stadt Fulda\" href=\"http:\/\/www.schoene-nachrichten.de\/wp-content\/uploads\/2006\/12\/061213_dienstjub2.jpg\" target=\"_blank\"><img decoding=\"async\" id=\"image337\" height=\"96\" alt=\"061213_dienstjub2.jpg\" src=\"http:\/\/www.schoene-nachrichten.de\/wp-content\/uploads\/2006\/12\/061213_dienstjub2.thumbnail.jpg\" \/><\/a><\/p>\n<p>\u00c2\u00a0<!--more--><\/p>\n<p>\u201eEr ist Mit-Garant, dass das st\u00e4dtische Zahlenwerk des Haushaltes in Ordnung ist. Sein Blick f\u00fcr die Gesamtsituation Fuldas und insbesondere f\u00fcr die investive Seite im Verm\u00f6genshaushalt zeichnet Grau als Vordenker in der Stadtverwaltung aus. Hans-Dieter Grau bringt stets Struktur in eine wirklich schwierige Materie. Aus diesem Grunde ist er allseits anerkannt und gesch\u00e4tzt. Ma\u00dfvoll in der Methode, stark in der Sache\u201c, so charakterisiert M\u00f6ller den Jubilar.\u00c2\u00a0<\/p>\n<p>\u00c2\u00a0<\/p>\n<p>Seine berufliche Laufbahn begann Grau beim damaligen Kreis Fritzlar-Homberg, dem heutigen Schwalm-Eder-Kreis. Beruflich bildete er sich\u00c2\u00a0 weiter, machte 1974 die erste Verwaltungspr\u00fcfung und 1978 die zweite Verwaltungspr\u00fcfung, die ihn zur Laufbahn des\u00c2\u00a0 gehobenen Dienstes bef\u00e4higte.<\/p>\n<p>\u00c2\u00a0<\/p>\n<p><a title=\"Foto: Stadt Fulda\" href=\"http:\/\/www.schoene-nachrichten.de\/wp-content\/uploads\/2006\/12\/061213_dienstjub1.jpg\" target=\"_blank\"><img decoding=\"async\" id=\"image335\" height=\"96\" alt=\"061213_dienstjub1.jpg\" src=\"http:\/\/www.schoene-nachrichten.de\/wp-content\/uploads\/2006\/12\/061213_dienstjub1.thumbnail.jpg\" \/><\/a><\/p>\n<p>\u00c2\u00a0<\/p>\n<p>Der Liebe folgend, seine Ehefrau Charlotte stammt aus Kohlhaus, wechselte er zum 01. April 1987 zur Stadtverwaltung Fulda. Nach einem dreij\u00e4hrigen Intermezzo im Bauordnungsamt wurde Grau wieder mit der Welt der Zahlen konfrontiert. Grau wechselte in die K\u00e4mmerei und \u00fcbernahm zun\u00e4chst das Fachressort Verm\u00f6genshaushalt.<\/p>\n<p>\u00c2\u00a0<\/p>\n<p>\u201eEr hat drei Oberb\u00fcrgermeister erlebt; der Dritte forderte von ihm eisernes Sparen. Ich bin dankbar, dass ein Mann wie Grau den st\u00e4dtischen Haushalt ordnet und meine Intention des behutsamen Ausgebens teilt\u201c, so Oberb\u00fcrgermeister und Stadtk\u00e4mmerer M\u00f6ller.\u00c2\u00a0Dessen Dank ging auch an Ehefrau Charlotte und die beiden T\u00f6chter. Die Gl\u00fcckw\u00fcnsche des Personalrates \u00fcberbrachte die stellvertretende Vorsitzende, Gabriele Fleischer. Erwin Schuhmann dankte Grau als Leiter der K\u00e4mmerei auch im Namen des gesamten Teams. Grau bedankte sich f\u00fcr die vielen Gl\u00fcckw\u00fcnsche zu seinem 40-j\u00e4hrigen Dienstjubil\u00e4um und res\u00fcmierte, dass es keinesfalls ein Fehler gewesen sei, nach Fulda zu wechseln.<\/p>\n<p>\u00c2\u00a0<\/p>\n<p>\u00c2\u00a0<\/p>\n<p><a title=\"Foto: Stadt Fulda\" href=\"http:\/\/www.schoene-nachrichten.de\/wp-content\/uploads\/2006\/12\/061213_dienstjub1.jpg\" target=\"_blank\" \/><\/p>\n<p>\u00c2\u00a0<\/p>\n<p><!--more--><\/p>\n","protected":false},"excerpt":{"rendered":"<div class=\"tmnf_excerpt\"><p>Sch\u00f6nes aus Fulda. Sein 40-j\u00e4hriges Dienstjubil\u00e4um\u00c2\u00a0beging Hans-Dieter Grau, stellvertretende K\u00e4mmereileiter der Stadtverwaltung, im Gr\u00fcnen Zimmer des Stadtschlosses. Oberb\u00fcrgermeister Gerhard M\u00f6ller w\u00fcrdigte Grau als \u201eSachwalter des st\u00e4dtischen Haushaltes. \u00c2\u00a0 \u00c2\u00a0 \u00c2\u00a0<\/p>\n<\/div>","protected":false},"author":1,"featured_media":0,"comment_status":"closed","ping_status":"closed","sticky":false,"template":"","format":"standard","meta":{"footnotes":""},"categories":[1],"tags":[],"class_list":["post-339","post","type-post","status-publish","format-standard","hentry","category-startseite"],"_links":{"self":[{"href":"https:\/\/www.fuldaernachrichten.de\/index.php?rest_route=\/wp\/v2\/posts\/339","targetHints":{"allow":["GET"]}}],"collection":[{"href":"https:\/\/www.fuldaernachrichten.de\/index.php?rest_route=\/wp\/v2\/posts"}],"about":[{"href":"https:\/\/www.fuldaernachrichten.de\/index.php?rest_route=\/wp\/v2\/types\/post"}],"author":[{"embeddable":true,"href":"https:\/\/www.fuldaernachrichten.de\/index.php?rest_route=\/wp\/v2\/users\/1"}],"replies":[{"embeddable":true,"href":"https:\/\/www.fuldaernachrichten.de\/index.php?rest_route=%2Fwp%2Fv2%2Fcomments&post=339"}],"version-history":[{"count":0,"href":"https:\/\/www.fuldaernachrichten.de\/index.php?rest_route=\/wp\/v2\/posts\/339\/revisions"}],"wp:attachment":[{"href":"https:\/\/www.fuldaernachrichten.de\/index.php?rest_route=%2Fwp%2Fv2%2Fmedia&parent=339"}],"wp:term":[{"taxonomy":"category","embeddable":true,"href":"https:\/\/www.fuldaernachrichten.de\/index.php?rest_route=%2Fwp%2Fv2%2Fcategories&post=339"},{"taxonomy":"post_tag","embeddable":true,"href":"https:\/\/www.fuldaernachrichten.de\/index.php?rest_route=%2Fwp%2Fv2%2Ftags&post=339"}],"curies":[{"name":"wp","href":"https:\/\/api.w.org\/{rel}","templated":true}]}}