{"id":3367,"date":"2007-05-30T22:40:37","date_gmt":"2007-05-30T20:40:37","guid":{"rendered":"http:\/\/www.schoene-nachrichten.de\/?p=3367"},"modified":"2007-05-31T00:41:31","modified_gmt":"2007-05-30T22:41:31","slug":"konrad-zuse-hotel-gehoert-zu-den-250-besten-tagungshotels-in-deutschland-20072008","status":"publish","type":"post","link":"https:\/\/www.fuldaernachrichten.de\/?p=3367","title":{"rendered":"Konrad Zuse Hotel geh\u00f6rt zu den \u201e250 besten Tagungshotels in Deutschland 2007\/2008\u201c"},"content":{"rendered":"<p><strong><a rel=\"lightbox[roadtrip]\" target=\"_blank\" href=\"http:\/\/www.schoene-nachrichten.de\/wp-content\/uploads\/2007\/05\/070530_zuse_01.jpg\" title=\"070530_zuse_01.jpg\"><img decoding=\"async\" align=\"left\" src=\"http:\/\/www.schoene-nachrichten.de\/wp-content\/uploads\/2007\/05\/070530_zuse_01.thumbnail.jpg\" hspace=\"5\" alt=\"070530_zuse_01.jpg\" \/><\/a>Sch\u00f6nes aus H\u00fcnfeld.<\/strong> Ein sch\u00f6ner Erfolg f\u00fcr das Konrad Zuse Hotel in H\u00fcnfeld. Das Haus, das nach dem Vater des Computers benannt ist und derzeit um 50 Hotelzimmer und weitere Tagungsr\u00e4ume erweitert wird, wurde jetzt in die Reihe der \u201ebesten 250 Tagungshotels in Deutschland\u201c aufgenommen. Ein umfangreiches Hotelportrait erschien im gleichnamigen Handbuch.<\/p>\n<p><!--more--><strong>Zum Foto:<\/strong> Strahlende Gesichter angesichts der neuerlichen Auszeichnung beim Leitungsteam des Konrad Zuse Hotels: Markus Otto, Steffi Heilig, Dr. Stefan Arend, Katja Rupscheit und Andreas Rau (von links)<\/p>\n<p>Dieses j\u00e4hrlich erscheinende Kompendium gilt als ein Leitfaden der Meeting-Branche und vereint die deutschen Tagungshotels, die f\u00fcr sich in Anspruch nehmen k\u00f6nnen, eine Leistungsspitze zu repr\u00e4sentieren. Alle Hotels werden vor der Aufnahme nach einem festgeschriebenen Kriterienkatalog von einem unabh\u00e4ngigen Journalistenteam vor Ort gepr\u00fcft und bewertet. (<a target=\"_blank\" href=\"http:\/\/www.top250tagungshotels.de\">www.top250tagungshotels.de<\/a>).<\/p>\n<p>Gesch\u00e4ftsf\u00fchrer Dr. Stefan Arend und das gesamte Hotelteam zeigten sich sehr erfreut \u00fcber diese neuerliche Auszeichnung des Konrad Zuse Hotels. \u201eImmer mehr Unternehmungen, Verb\u00e4nde und Vereinigungen w\u00e4hlen H\u00fcnfeld als Standort f\u00fcr Tagungen, Kongresse und Meetings\u201c, so Arend. Dabei g\u00e4ben die gute Anbindung, die hervorragende Lage und das interessante Preis-Leistungsverh\u00e4ltnis den Ausschlag. Aber auch immer mehr Privatreisende machen nach Aussagen des Gesch\u00e4ftsf\u00fchrers Station in der Haunestadt und Urlaub im Hessischen Kegelspiel.<\/p>\n<p><a rel=\"lightbox[roadtrip]\" target=\"_blank\" href=\"http:\/\/www.schoene-nachrichten.de\/wp-content\/uploads\/2007\/05\/070530_zuse_02.jpg\" title=\"070530_zuse_02.jpg\"><img decoding=\"async\" align=\"left\" src=\"http:\/\/www.schoene-nachrichten.de\/wp-content\/uploads\/2007\/05\/070530_zuse_02.thumbnail.jpg\" hspace=\"5\" alt=\"070530_zuse_02.jpg\" \/><\/a><strong>&#8220;Die besten Tagungshotels in Deutschland 2007\/08&#8221;<br \/>\n<\/strong>Boness, Hildebrand, K\u00fchn, V\u00f6lkner (Hrsg.)<br \/>\n589 Seiten, DIN A 5, durchgehend vierfarbig<br \/>\nCopyright 2007: Haufe Fachmedia, W\u00fcrzburg<br \/>\n\u201eDie besten Tagungshotels in Deutschland&#8221; ist ein Gemeinschaftsprojekt der Verlage HAUFE-Fachmedia und GABAL sowie der Medienagentur repecon.<\/p>\n","protected":false},"excerpt":{"rendered":"<div class=\"tmnf_excerpt\"><p>Sch\u00f6nes aus H\u00fcnfeld. Ein sch\u00f6ner Erfolg f\u00fcr das Konrad Zuse Hotel in H\u00fcnfeld. Das Haus, das nach dem Vater des Computers benannt ist und derzeit um 50 Hotelzimmer und weitere Tagungsr\u00e4ume erweitert wird, wurde jetzt in die Reihe der \u201ebesten 250 Tagungshotels in Deutschland\u201c aufgenommen. Ein umfangreiches Hotelportrait erschien im gleichnamigen Handbuch.<\/p>\n<\/div>","protected":false},"author":1,"featured_media":0,"comment_status":"closed","ping_status":"closed","sticky":false,"template":"","format":"standard","meta":{"footnotes":""},"categories":[1],"tags":[],"class_list":["post-3367","post","type-post","status-publish","format-standard","hentry","category-startseite"],"_links":{"self":[{"href":"https:\/\/www.fuldaernachrichten.de\/index.php?rest_route=\/wp\/v2\/posts\/3367","targetHints":{"allow":["GET"]}}],"collection":[{"href":"https:\/\/www.fuldaernachrichten.de\/index.php?rest_route=\/wp\/v2\/posts"}],"about":[{"href":"https:\/\/www.fuldaernachrichten.de\/index.php?rest_route=\/wp\/v2\/types\/post"}],"author":[{"embeddable":true,"href":"https:\/\/www.fuldaernachrichten.de\/index.php?rest_route=\/wp\/v2\/users\/1"}],"replies":[{"embeddable":true,"href":"https:\/\/www.fuldaernachrichten.de\/index.php?rest_route=%2Fwp%2Fv2%2Fcomments&post=3367"}],"version-history":[{"count":0,"href":"https:\/\/www.fuldaernachrichten.de\/index.php?rest_route=\/wp\/v2\/posts\/3367\/revisions"}],"wp:attachment":[{"href":"https:\/\/www.fuldaernachrichten.de\/index.php?rest_route=%2Fwp%2Fv2%2Fmedia&parent=3367"}],"wp:term":[{"taxonomy":"category","embeddable":true,"href":"https:\/\/www.fuldaernachrichten.de\/index.php?rest_route=%2Fwp%2Fv2%2Fcategories&post=3367"},{"taxonomy":"post_tag","embeddable":true,"href":"https:\/\/www.fuldaernachrichten.de\/index.php?rest_route=%2Fwp%2Fv2%2Ftags&post=3367"}],"curies":[{"name":"wp","href":"https:\/\/api.w.org\/{rel}","templated":true}]}}