{"id":3366,"date":"2007-05-31T06:30:48","date_gmt":"2007-05-31T04:30:48","guid":{"rendered":"http:\/\/www.schoene-nachrichten.de\/?p=3366"},"modified":"2007-05-31T11:25:23","modified_gmt":"2007-05-31T09:25:23","slug":"sommer-farbentanz-auf-schloss-eisenbach","status":"publish","type":"post","link":"https:\/\/www.fuldaernachrichten.de\/?p=3366","title":{"rendered":"&#8220;Sommer- Farbentanz&#8221; auf Schlo\u00df Eisenbach"},"content":{"rendered":"<p><strong>Tipp.<\/strong> Die K\u00fcnstler Andrea Kautzmann und Marten van den Berg er\u00f6ffnen am Freitag, dem 22. Juni, um 19.00 Uhr auf Schlo\u00df Eisenbach eine Wochenend-Kunstausstellung mit dem Titel &#8220;Sommer- Farbentanz&#8221; .\u00c2\u00a0Die Ausstellung\u00c2\u00a0findet am\u00c2\u00a0Samstag,\u00c2\u00a023. Juni, und Sonntag,\u00c2\u00a024. Juni, jeweils von 11.00 Uhr bis 18.00 Uhr in den R\u00e4umen von\u00c2\u00a0Anka Hirsch, Eingang Waldorfkindergarten, statt. Der Eintritt ist kostenlos.<\/p>\n<p>Fotos(3): Andrea Kautzmann\/Marten van den Berg<\/p>\n<p><a rel=\"lightbox[roadtrip]\" target=\"_blank\" href=\"http:\/\/www.schoene-nachrichten.de\/wp-content\/uploads\/2007\/05\/070530_kunst_01.jpg\" title=\"070530_kunst_01.jpg\"><img decoding=\"async\" src=\"http:\/\/www.schoene-nachrichten.de\/wp-content\/uploads\/2007\/05\/070530_kunst_01.thumbnail.jpg\" alt=\"070530_kunst_01.jpg\" \/><\/a>\u00c2\u00a0<a rel=\"lightbox[roadtrip]\" target=\"_blank\" href=\"http:\/\/www.schoene-nachrichten.de\/wp-content\/uploads\/2007\/05\/070530_kunst_02.jpg\" title=\"070530_kunst_02.jpg\"><img decoding=\"async\" src=\"http:\/\/www.schoene-nachrichten.de\/wp-content\/uploads\/2007\/05\/070530_kunst_02.thumbnail.jpg\" alt=\"070530_kunst_02.jpg\" \/><\/a>\u00c2\u00a0<a rel=\"lightbox[roadtrip]\" target=\"_blank\" href=\"http:\/\/www.schoene-nachrichten.de\/wp-content\/uploads\/2007\/05\/070530_kunst_03.jpg\" title=\"070530_kunst_03.jpg\"><img decoding=\"async\" src=\"http:\/\/www.schoene-nachrichten.de\/wp-content\/uploads\/2007\/05\/070530_kunst_03.thumbnail.jpg\" alt=\"070530_kunst_03.jpg\" \/><\/a><\/p>\n<p><!--more-->Kautzman und\u00c2\u00a0van den Berg\u00c2\u00a0verwenden in den Bildern au\u00dfer \u00d6lfarben oft auch Naturmaterialien wie beispielsweise\u00c2\u00a0echte Federn, Perlmutt und Edelsteine. Die K\u00fcnstlerin l\u00e4dt alle\u00c2\u00a0Besucher dazu ein, die Kunstwerke zu f\u00fchlen und zu erleben.<\/p>\n","protected":false},"excerpt":{"rendered":"<div class=\"tmnf_excerpt\"><p>Tipp. Die K\u00fcnstler Andrea Kautzmann und Marten van den Berg er\u00f6ffnen am Freitag, dem 22. Juni, um 19.00 Uhr auf Schlo\u00df Eisenbach eine Wochenend-Kunstausstellung mit dem Titel &#8220;Sommer- Farbentanz&#8221; .\u00c2\u00a0Die Ausstellung\u00c2\u00a0findet am\u00c2\u00a0Samstag,\u00c2\u00a023. Juni, und Sonntag,\u00c2\u00a024. Juni, jeweils von 11.00 Uhr bis 18.00 Uhr in den R\u00e4umen von\u00c2\u00a0Anka Hirsch, Eingang Waldorfkindergarten, statt. Der Eintritt ist kostenlos. &hellip;<\/p>\n<\/div>","protected":false},"author":1,"featured_media":0,"comment_status":"closed","ping_status":"closed","sticky":false,"template":"","format":"standard","meta":{"footnotes":""},"categories":[1,44],"tags":[],"class_list":["post-3366","post","type-post","status-publish","format-standard","hentry","category-startseite","category-kultur"],"_links":{"self":[{"href":"https:\/\/www.fuldaernachrichten.de\/index.php?rest_route=\/wp\/v2\/posts\/3366","targetHints":{"allow":["GET"]}}],"collection":[{"href":"https:\/\/www.fuldaernachrichten.de\/index.php?rest_route=\/wp\/v2\/posts"}],"about":[{"href":"https:\/\/www.fuldaernachrichten.de\/index.php?rest_route=\/wp\/v2\/types\/post"}],"author":[{"embeddable":true,"href":"https:\/\/www.fuldaernachrichten.de\/index.php?rest_route=\/wp\/v2\/users\/1"}],"replies":[{"embeddable":true,"href":"https:\/\/www.fuldaernachrichten.de\/index.php?rest_route=%2Fwp%2Fv2%2Fcomments&post=3366"}],"version-history":[{"count":0,"href":"https:\/\/www.fuldaernachrichten.de\/index.php?rest_route=\/wp\/v2\/posts\/3366\/revisions"}],"wp:attachment":[{"href":"https:\/\/www.fuldaernachrichten.de\/index.php?rest_route=%2Fwp%2Fv2%2Fmedia&parent=3366"}],"wp:term":[{"taxonomy":"category","embeddable":true,"href":"https:\/\/www.fuldaernachrichten.de\/index.php?rest_route=%2Fwp%2Fv2%2Fcategories&post=3366"},{"taxonomy":"post_tag","embeddable":true,"href":"https:\/\/www.fuldaernachrichten.de\/index.php?rest_route=%2Fwp%2Fv2%2Ftags&post=3366"}],"curies":[{"name":"wp","href":"https:\/\/api.w.org\/{rel}","templated":true}]}}