{"id":3364,"date":"2007-05-31T00:47:05","date_gmt":"2007-05-30T22:47:05","guid":{"rendered":"http:\/\/www.schoene-nachrichten.de\/?p=3364"},"modified":"2007-05-31T00:47:05","modified_gmt":"2007-05-30T22:47:05","slug":"agentur-fuer-arbeit-richtet-service-rufnummer-ein","status":"publish","type":"post","link":"https:\/\/www.fuldaernachrichten.de\/?p=3364","title":{"rendered":"Agentur f\u00fcr Arbeit richtet Service-Rufnummer ein"},"content":{"rendered":"<p><strong>Sch\u00f6nes aus Fulda.<\/strong> Arbeitnehmer, deren Arbeits- oder au\u00dferbetriebliches Ausbildungsverh\u00e4ltnis endet, m\u00fcssen sich fr\u00fchzeitig arbeitsuchend melden und k\u00f6nnen dies nun auch telefonisch erledigen. Bei diesem ersten Telefonat erhalten die Kunden einen Termin beim Arbeitsvermittler, bei dem die vorgeschriebene pers\u00f6nliche Meldung nachgeholt wird. Durch die telefonische Arbeitsuchendmeldung entf\u00e4llt f\u00fcr den Kunden ein Weg in die Agentur, teilte die Agentur f\u00fcr Arbeit Fulda mit.<!--more--><\/p>\n<p>Schon seit einigen Jahren ist gesetzlich vorgeschrieben, dass sich Arbeitnehmer sp\u00e4-testens drei Monate vor dem Ende des Arbeits- bzw. au\u00dferbetrieblichen Ausbildungsverh\u00e4ltnisses bei ihrer Agentur f\u00fcr Arbeit arbeitsuchend melden m\u00fcssen. Wer erst sp\u00e4ter von seiner K\u00fcndigung erf\u00e4hrt, muss die Agentur f\u00fcr Arbeit sp\u00e4testens drei Tage nach Zugang der K\u00fcndigung informieren. Anderenfalls wird das Arbeitslosen-geld gek\u00fcrzt.<\/p>\n<p>Diese fr\u00fchzeitige Meldung musste bisher pers\u00f6nlich in der Agentur erfolgen. Nun k\u00f6nnen bei dem ersten telefonischen Kontakt bereits die wichtigsten Angaben zum Bewerberprofil aufgenommen werden. So entf\u00e4llt f\u00fcr den Kunden der erste Weg in die Agentur, und die Frist zur rechtzeitigen Meldung kann unproblematisch gewahrt werden. Wenn der Kunde sein Bewerberprofil detailliert beschreiben m\u00f6chte, kann dies ebenfalls bereits am Telefon geschehen, die Agentur f\u00fcr Arbeit ruft auf Wunsch auch zur\u00fcck. Wer m\u00f6chte, kann sein Profil auch selbst \u00fcber das Internet unter <a href=\"http:\/\/www.arbeitsagentur.de\/\">www.arbeitsagentur.de<\/a> eingeben \u2013 dies ersetzt aber nicht die Arbeitsuchendmeldung.<\/p>\n<p>Die Agenturen f\u00fcr Arbeit sind von Montag bis Freitag von 8 bis 18 Uhr unter der Service-Rufnummer f\u00fcr Arbeitnehmer<br \/>\n01801 \u2013 555 111 erreichbar.* Entgelt entsprechend der Preisliste Ihres Teilnehmernetzbetreibers, z.B. 3,9 ct pro Minute aus dem Festnetz der Dt. Telekom.<\/p>\n","protected":false},"excerpt":{"rendered":"<div class=\"tmnf_excerpt\"><p>Sch\u00f6nes aus Fulda. Arbeitnehmer, deren Arbeits- oder au\u00dferbetriebliches Ausbildungsverh\u00e4ltnis endet, m\u00fcssen sich fr\u00fchzeitig arbeitsuchend melden und k\u00f6nnen dies nun auch telefonisch erledigen. Bei diesem ersten Telefonat erhalten die Kunden einen Termin beim Arbeitsvermittler, bei dem die vorgeschriebene pers\u00f6nliche Meldung nachgeholt wird. Durch die telefonische Arbeitsuchendmeldung entf\u00e4llt f\u00fcr den Kunden ein Weg in die Agentur, teilte &hellip;<\/p>\n<\/div>","protected":false},"author":1,"featured_media":0,"comment_status":"closed","ping_status":"closed","sticky":false,"template":"","format":"standard","meta":{"footnotes":""},"categories":[1],"tags":[],"class_list":["post-3364","post","type-post","status-publish","format-standard","hentry","category-startseite"],"_links":{"self":[{"href":"https:\/\/www.fuldaernachrichten.de\/index.php?rest_route=\/wp\/v2\/posts\/3364","targetHints":{"allow":["GET"]}}],"collection":[{"href":"https:\/\/www.fuldaernachrichten.de\/index.php?rest_route=\/wp\/v2\/posts"}],"about":[{"href":"https:\/\/www.fuldaernachrichten.de\/index.php?rest_route=\/wp\/v2\/types\/post"}],"author":[{"embeddable":true,"href":"https:\/\/www.fuldaernachrichten.de\/index.php?rest_route=\/wp\/v2\/users\/1"}],"replies":[{"embeddable":true,"href":"https:\/\/www.fuldaernachrichten.de\/index.php?rest_route=%2Fwp%2Fv2%2Fcomments&post=3364"}],"version-history":[{"count":0,"href":"https:\/\/www.fuldaernachrichten.de\/index.php?rest_route=\/wp\/v2\/posts\/3364\/revisions"}],"wp:attachment":[{"href":"https:\/\/www.fuldaernachrichten.de\/index.php?rest_route=%2Fwp%2Fv2%2Fmedia&parent=3364"}],"wp:term":[{"taxonomy":"category","embeddable":true,"href":"https:\/\/www.fuldaernachrichten.de\/index.php?rest_route=%2Fwp%2Fv2%2Fcategories&post=3364"},{"taxonomy":"post_tag","embeddable":true,"href":"https:\/\/www.fuldaernachrichten.de\/index.php?rest_route=%2Fwp%2Fv2%2Ftags&post=3364"}],"curies":[{"name":"wp","href":"https:\/\/api.w.org\/{rel}","templated":true}]}}