{"id":3362,"date":"2007-06-03T00:20:43","date_gmt":"2007-06-02T22:20:43","guid":{"rendered":"http:\/\/www.schoene-nachrichten.de\/?p=3362"},"modified":"2007-06-03T00:20:43","modified_gmt":"2007-06-02T22:20:43","slug":"literatur-und-musik-auf-dem-huenfelder-kirchplatz","status":"publish","type":"post","link":"https:\/\/www.fuldaernachrichten.de\/?p=3362","title":{"rendered":"Literatur und Musik auf dem H\u00fcnfelder Kirchplatz"},"content":{"rendered":"<p><strong>Termin.<\/strong> Im Rahmen des \u201eKultursommers Main-Kinzig-Fulda\u201c findet am Freitag, 22. Juni, eine Literaturlesung auf dem Kirchplatz in H\u00fcnfeld statt. Unter dem Titel: \u201eMensch werden \u2013 religi\u00f6se Spurensuche in zeitgen\u00f6ssischer Literatur\u201c werden bekannte Pers\u00f6nlichkeiten der n\u00e4heren Umgebung Texte von M. t\u00e2\u20ac\u2122Hart, K. P. Hertzsch, M. Kaldhol, M. Komarek, E. E. Schmitt, A. Camus und anderen lesen. <!--more--><\/p>\n<p>Zu den Vorlesern geh\u00f6ren Bischof Heinz Josef Algermissen, Di\u00f6zesanfrauenreferentin Dr. Regina-Maria Broj, B\u00fcrgermeister Dr. Eberhard Fennel und Chefarzt Dr. Bertram Stitz. Regionalkantor Christopher L\u00f6bens wird in den Lesepausen die vorgetragenen Texte musikalisch interpretieren.<\/p>\n<p>Die Veranstaltung beginnt um 20.30 Uhr als Open-Air-Veranstaltung auf dem Kirchplatz. Dieser Platz, umrahmt von der St. Jakobus-Kirche, dem Museum (ehemaliges Schulhaus) und dem historischen Pfarrhaus, bietet dazu ein sehr passendes Ambiente. Bei schlechter Witterung kann in die St. Jakobus-Kirche ausgewichen werden. Karten f\u00fcr diesen Literaturabend gibt es ab sofort im Pfarrb\u00fcro St. Jakobus, Tel. 06652\/2246, und an der Abendkasse.<\/p>\n","protected":false},"excerpt":{"rendered":"<div class=\"tmnf_excerpt\"><p>Termin. Im Rahmen des \u201eKultursommers Main-Kinzig-Fulda\u201c findet am Freitag, 22. Juni, eine Literaturlesung auf dem Kirchplatz in H\u00fcnfeld statt. Unter dem Titel: \u201eMensch werden \u2013 religi\u00f6se Spurensuche in zeitgen\u00f6ssischer Literatur\u201c werden bekannte Pers\u00f6nlichkeiten der n\u00e4heren Umgebung Texte von M. t\u00e2\u20ac\u2122Hart, K. P. Hertzsch, M. Kaldhol, M. Komarek, E. E. Schmitt, A. Camus und anderen lesen.<\/p>\n<\/div>","protected":false},"author":1,"featured_media":0,"comment_status":"closed","ping_status":"closed","sticky":false,"template":"","format":"standard","meta":{"footnotes":""},"categories":[1,44],"tags":[],"class_list":["post-3362","post","type-post","status-publish","format-standard","hentry","category-startseite","category-kultur"],"_links":{"self":[{"href":"https:\/\/www.fuldaernachrichten.de\/index.php?rest_route=\/wp\/v2\/posts\/3362","targetHints":{"allow":["GET"]}}],"collection":[{"href":"https:\/\/www.fuldaernachrichten.de\/index.php?rest_route=\/wp\/v2\/posts"}],"about":[{"href":"https:\/\/www.fuldaernachrichten.de\/index.php?rest_route=\/wp\/v2\/types\/post"}],"author":[{"embeddable":true,"href":"https:\/\/www.fuldaernachrichten.de\/index.php?rest_route=\/wp\/v2\/users\/1"}],"replies":[{"embeddable":true,"href":"https:\/\/www.fuldaernachrichten.de\/index.php?rest_route=%2Fwp%2Fv2%2Fcomments&post=3362"}],"version-history":[{"count":0,"href":"https:\/\/www.fuldaernachrichten.de\/index.php?rest_route=\/wp\/v2\/posts\/3362\/revisions"}],"wp:attachment":[{"href":"https:\/\/www.fuldaernachrichten.de\/index.php?rest_route=%2Fwp%2Fv2%2Fmedia&parent=3362"}],"wp:term":[{"taxonomy":"category","embeddable":true,"href":"https:\/\/www.fuldaernachrichten.de\/index.php?rest_route=%2Fwp%2Fv2%2Fcategories&post=3362"},{"taxonomy":"post_tag","embeddable":true,"href":"https:\/\/www.fuldaernachrichten.de\/index.php?rest_route=%2Fwp%2Fv2%2Ftags&post=3362"}],"curies":[{"name":"wp","href":"https:\/\/api.w.org\/{rel}","templated":true}]}}