{"id":33550,"date":"2009-07-07T05:16:16","date_gmt":"2009-07-07T03:16:16","guid":{"rendered":"http:\/\/www.schoene-nachrichten.de\/?p=33550"},"modified":"2009-07-07T07:12:28","modified_gmt":"2009-07-07T05:12:28","slug":"professionelle-fuehrung-fuer-dachmarke-rhoen-geschaeftsfuehrung-bestellt","status":"publish","type":"post","link":"https:\/\/www.fuldaernachrichten.de\/?p=33550","title":{"rendered":"Professionelle F\u00fchrung f\u00fcr Dachmarke Rh\u00f6n &#8211; Gesch\u00e4ftsf\u00fchrung bestellt"},"content":{"rendered":"<p><a href=\"http:\/\/www.schoene-nachrichten.de\/wp-content\/uploads\/2009\/07\/geschng_dachmarke_r.jpg\"><img fetchpriority=\"high\" decoding=\"async\" class=\"alignnone size-thumbnail wp-image-33551\" title=\"Foto: ARGE Rh\u00f6n\" src=\"http:\/\/www.schoene-nachrichten.de\/wp-content\/uploads\/2009\/07\/geschng_dachmarke_r-265x198.jpg\" alt=\"Foto: ARGE Rh\u00f6n\" hspace=\"5\" width=\"265\" height=\"198\" align=\"left\" srcset=\"https:\/\/www.fuldaernachrichten.de\/wp-content\/uploads\/2009\/07\/geschng_dachmarke_r-265x198.jpg 265w, https:\/\/www.fuldaernachrichten.de\/wp-content\/uploads\/2009\/07\/geschng_dachmarke_r.jpg 799w\" sizes=\"(max-width: 265px) 100vw, 265px\" \/><\/a><strong>Fulda. <\/strong>Die Dachmarke Rh\u00f6n hat seit 1. Juli eine hauptamtliche Gesch\u00e4ftsf\u00fchrung. Barbara Vay und Hannelore Rundell werden sich ab sofort um das gemeinsame Anliegen der f\u00fcnf Rh\u00f6nlandkreise k\u00fcmmern, die Rh\u00f6ner Regionalmarke weiter zu st\u00e4rken. Zur Beiratssitzung der Dachmarke Rh\u00f6n GmbH im Fuldaer Landratsamt wurden beide offiziell bestellt.<!--more--><\/p>\n<p><strong>Gespr\u00e4ch mit Mitgliedern suchen<\/strong><\/p>\n<p>\u201eDie zwei Bewerberinnen waren schlicht die geeignetsten\u201c, sagte Michael Holla, Gesch\u00e4ftsf\u00fchrer der Regionalen Arbeitsgemeinschaft (ARGE) Rh\u00f6n, zur getroffenen Wahl aus insgesamt 86 Bewerbungen. So k\u00f6nnen sowohl die neue Gesch\u00e4ftsf\u00fchrerin Barbara Vay als auch ihre Stellvertreterin Hannelore Rundell auf Erfahrungen in der Regionalentwicklung verweisen \u2013 auch in der Rh\u00f6n selbst, in der beide zu Hause sind. Im vergangenen halben Jahr waren beide per Werkvertrag f\u00fcr die ARGE Rh\u00f6n t\u00e4tig. \u201eJetzt k\u00f6nnen sie direkt durchstarten\u201c, so Holla.<\/p>\n<p>Die 40-j\u00e4hrige Agraringenieurin Barbara Vay ist Expertin f\u00fcr die Initiierung von Partnerschaften zur Steigerung der regionalen Wertsch\u00f6pfung und war in der Vergangenheit unter anderem beratend f\u00fcr die Regionalmarke \u201eEifel\u201c t\u00e4tig. Ihre 41-j\u00e4hrige Stellvertreterin ist Master of Science f\u00fcr Umweltmanagement und war zuletzt eine der Projektleiterinnen im Gastronomieprojekt \u201eRh\u00f6ner Genusstour\u201c.<\/p>\n<p><strong>Offenheit f\u00fcr neue Produkte und Dienstleistungen<\/strong><\/p>\n<p>Mit der hauptamtlichen Besetzung der zwei Stellen soll die Etablierung der Dachmarke Rh\u00f6n st\u00e4rker vorangetrieben werden. Die Gesch\u00e4ftsf\u00fchrung werde sich nun ganz den Aufgaben widmen k\u00f6nnen, die bisher unter dem Dach der ARGE Rh\u00f6n anfielen, erkl\u00e4rte Michael Holla.<\/p>\n<p>F\u00fcr die n\u00e4chsten Monate geht es Vay und Rundell zun\u00e4chst darum, die Strukturen des Vereins Dachmarke Rh\u00f6n e.V. und der neuen GmbH in Gespr\u00e4chen mit den Mitgliedern bekannter zu machen und Ansprechpartner zu benennen. Neben der Pflege bestehender Mitglieder sollen neue hinzugewonnen werden, hob Barbara Vay hervor. Unter Ber\u00fccksichtigung der Kernbranchen aus Gastronomiebetrieben und den Erzeugern und Verarbeitern von regionalen Lebensmitteln gehe es dabei auch um eine gewisse Offenheit f\u00fcr neue Produkte und Dienstleistungen. Dabei werde der jeweilige Einzelfall gepr\u00fcft.<\/p>\n<p><strong>Geh\u00f6riges Arbeitspensum<\/strong><\/p>\n<p>Eine dringliche Aufgabe wird die Erarbeitung einer neuen Geb\u00fchrenordnung f\u00fcr die Nutzung der Marke ab 2010 sein.\u00c2\u00a0 Zur Beiratssitzung in Fulda seien dazu vier Modelle vorgestellt worden. Vay und Rundell werden daran weiterarbeiten und das Ergebnis bei der n\u00e4chsten Mitgliederversammlung zur Diskussion stellen.<\/p>\n<p>Die neue GmbH-Spitze habe damit ein geh\u00f6riges Arbeitspensum zu leisten, unterstrich der Vorsitzende des Vereins Dachmarke Rh\u00f6n e.V. und Vorsitzende der Regionalen Arbeitsgemeinschaft Rh\u00f6n, Fuldas Landrat Bernd Woide. Zudem soll die Gesch\u00e4ftsstelle im Managementzentrum des Biosph\u00e4renreservats in Oberelsbach regelm\u00e4\u00dfig besetzt werden. Vay und Rundell sind dort unter der Telefonnummer (0 97 74) 91 02 16 und -35 erreichbar.<\/p>\n","protected":false},"excerpt":{"rendered":"<div class=\"tmnf_excerpt\"><p>Fulda. Die Dachmarke Rh\u00f6n hat seit 1. Juli eine hauptamtliche Gesch\u00e4ftsf\u00fchrung. Barbara Vay und Hannelore Rundell werden sich ab sofort um das gemeinsame Anliegen der f\u00fcnf Rh\u00f6nlandkreise k\u00fcmmern, die Rh\u00f6ner Regionalmarke weiter zu st\u00e4rken. Zur Beiratssitzung der Dachmarke Rh\u00f6n GmbH im Fuldaer Landratsamt wurden beide offiziell bestellt.<\/p>\n<\/div>","protected":false},"author":1,"featured_media":0,"comment_status":"closed","ping_status":"closed","sticky":false,"template":"","format":"standard","meta":{"footnotes":""},"categories":[1,37,29],"tags":[],"class_list":["post-33550","post","type-post","status-publish","format-standard","hentry","category-startseite","category-essen-und-trinken","category-politik"],"_links":{"self":[{"href":"https:\/\/www.fuldaernachrichten.de\/index.php?rest_route=\/wp\/v2\/posts\/33550","targetHints":{"allow":["GET"]}}],"collection":[{"href":"https:\/\/www.fuldaernachrichten.de\/index.php?rest_route=\/wp\/v2\/posts"}],"about":[{"href":"https:\/\/www.fuldaernachrichten.de\/index.php?rest_route=\/wp\/v2\/types\/post"}],"author":[{"embeddable":true,"href":"https:\/\/www.fuldaernachrichten.de\/index.php?rest_route=\/wp\/v2\/users\/1"}],"replies":[{"embeddable":true,"href":"https:\/\/www.fuldaernachrichten.de\/index.php?rest_route=%2Fwp%2Fv2%2Fcomments&post=33550"}],"version-history":[{"count":3,"href":"https:\/\/www.fuldaernachrichten.de\/index.php?rest_route=\/wp\/v2\/posts\/33550\/revisions"}],"predecessor-version":[{"id":33602,"href":"https:\/\/www.fuldaernachrichten.de\/index.php?rest_route=\/wp\/v2\/posts\/33550\/revisions\/33602"}],"wp:attachment":[{"href":"https:\/\/www.fuldaernachrichten.de\/index.php?rest_route=%2Fwp%2Fv2%2Fmedia&parent=33550"}],"wp:term":[{"taxonomy":"category","embeddable":true,"href":"https:\/\/www.fuldaernachrichten.de\/index.php?rest_route=%2Fwp%2Fv2%2Fcategories&post=33550"},{"taxonomy":"post_tag","embeddable":true,"href":"https:\/\/www.fuldaernachrichten.de\/index.php?rest_route=%2Fwp%2Fv2%2Ftags&post=33550"}],"curies":[{"name":"wp","href":"https:\/\/api.w.org\/{rel}","templated":true}]}}