{"id":33508,"date":"2009-07-07T05:15:54","date_gmt":"2009-07-07T03:15:54","guid":{"rendered":"http:\/\/www.schoene-nachrichten.de\/?p=33508"},"modified":"2009-07-07T07:16:53","modified_gmt":"2009-07-07T05:16:53","slug":"bau-meets-musik-konzert-bei-firma-josef-gehring","status":"publish","type":"post","link":"https:\/\/www.fuldaernachrichten.de\/?p=33508","title":{"rendered":"Bau meets Musik &#8211; Konzert bei Firma Josef Gehring"},"content":{"rendered":"<p><strong>Fulda. <\/strong>Das Gitarrenensemble der Schule f\u00fcr Musikerziehung Klee unter der Leitung von Daniela Schwab begeisterte seine Zuh\u00f6rer. 26 Gitarristen zeigten dem begeisterten Publikum am 3.7.09 im Fortbildungssaal der Firma Josef Gehring GmbH &amp; Co. KG ihr K\u00f6nnen. Die Vielf\u00e4ltigkeit des Instrumentes wurde durch verschiedene Arrangements aufgezeigt, wobei die Percussion nicht zu kurz kam. Im Rahmen des Konzertes stellten die jungen K\u00fcnstler moderne, zeitgen\u00f6ssische Gitarrenliteratur von H. Gro\u00dfnick, R. Kinast und W. Theisinger bis hin zu A. Montes vor. <!--more--><\/p>\n<p>Besonders beeindruckte die schon sehr gut ausgefeilte Spieltechnik der jungen Zupfmusiker, die zum Teil schon in das hessische Auswahlorchester des Bund Deutscher Zupfmusiker berufen wurden. Auch die J\u00fcngsten Ensemblemitglieder zeigten, dass sie auch in der Gruppe rhythmisch sicher ihr Instrument beherrschen. Zum Abschluss des Konzertes der Musiksch\u00fcler trat das Gesamtensemble der Schule f\u00fcr Musikerziehung Klee auf, das eine Altersbreite von 8 bis 19 Jahren aufweist. Hierbei konnten die jungen Musikanten ihr gesamtes K\u00f6nnen in einer f\u00fcr Gitarrenstimmen imposanten Klangf\u00fclle den interessierten und begeisterten Zuh\u00f6rern pr\u00e4sentieren.<\/p>\n<p><strong>Mitwirkende waren<\/strong><\/p>\n<p><strong>Anf\u00e4nger-Ensemble:<\/strong> Dominik und Desiree Scholz, Katharina R\u00f6der, Louise B\u00fcttner, Jonas Elschner, Patrick Kr\u00fcger, Phillip K\u00f6rber und Stella Kutter.<\/p>\n<p><strong>Mini \u2013Ensemble:<\/strong> Jan Reith, Lukas Dehler, Jessica Herold, Ann-Kathrin Kirsch, Maria Birkenbach, Marina Prais, Patricia Augustiniak, Michael Piossek, Valerio Trautrims, Max Gehring.<\/p>\n<p><strong>Maxi-Ensemble: <\/strong>Kerstin Maxeiner, Pia Freier, Anna Mathes, Marina Brenzel, Sophia Wahl, Mark Heum\u00fcller, Stefanie Br\u00e4hler und Julia Schuhmann.<\/p>\n","protected":false},"excerpt":{"rendered":"<div class=\"tmnf_excerpt\"><p>Fulda. Das Gitarrenensemble der Schule f\u00fcr Musikerziehung Klee unter der Leitung von Daniela Schwab begeisterte seine Zuh\u00f6rer. 26 Gitarristen zeigten dem begeisterten Publikum am 3.7.09 im Fortbildungssaal der Firma Josef Gehring GmbH &amp; Co. KG ihr K\u00f6nnen. Die Vielf\u00e4ltigkeit des Instrumentes wurde durch verschiedene Arrangements aufgezeigt, wobei die Percussion nicht zu kurz kam. Im Rahmen &hellip;<\/p>\n<\/div>","protected":false},"author":1,"featured_media":0,"comment_status":"closed","ping_status":"closed","sticky":false,"template":"","format":"standard","meta":{"footnotes":""},"categories":[1,72,44],"tags":[],"class_list":["post-33508","post","type-post","status-publish","format-standard","hentry","category-startseite","category-jugend","category-kultur"],"_links":{"self":[{"href":"https:\/\/www.fuldaernachrichten.de\/index.php?rest_route=\/wp\/v2\/posts\/33508","targetHints":{"allow":["GET"]}}],"collection":[{"href":"https:\/\/www.fuldaernachrichten.de\/index.php?rest_route=\/wp\/v2\/posts"}],"about":[{"href":"https:\/\/www.fuldaernachrichten.de\/index.php?rest_route=\/wp\/v2\/types\/post"}],"author":[{"embeddable":true,"href":"https:\/\/www.fuldaernachrichten.de\/index.php?rest_route=\/wp\/v2\/users\/1"}],"replies":[{"embeddable":true,"href":"https:\/\/www.fuldaernachrichten.de\/index.php?rest_route=%2Fwp%2Fv2%2Fcomments&post=33508"}],"version-history":[{"count":3,"href":"https:\/\/www.fuldaernachrichten.de\/index.php?rest_route=\/wp\/v2\/posts\/33508\/revisions"}],"predecessor-version":[{"id":33611,"href":"https:\/\/www.fuldaernachrichten.de\/index.php?rest_route=\/wp\/v2\/posts\/33508\/revisions\/33611"}],"wp:attachment":[{"href":"https:\/\/www.fuldaernachrichten.de\/index.php?rest_route=%2Fwp%2Fv2%2Fmedia&parent=33508"}],"wp:term":[{"taxonomy":"category","embeddable":true,"href":"https:\/\/www.fuldaernachrichten.de\/index.php?rest_route=%2Fwp%2Fv2%2Fcategories&post=33508"},{"taxonomy":"post_tag","embeddable":true,"href":"https:\/\/www.fuldaernachrichten.de\/index.php?rest_route=%2Fwp%2Fv2%2Ftags&post=33508"}],"curies":[{"name":"wp","href":"https:\/\/api.w.org\/{rel}","templated":true}]}}