{"id":3340,"date":"2007-05-30T01:17:05","date_gmt":"2007-05-29T23:17:05","guid":{"rendered":"http:\/\/www.schoene-nachrichten.de\/?p=3340"},"modified":"2007-05-30T01:17:25","modified_gmt":"2007-05-29T23:17:25","slug":"viele-gesichter-und-1000-augenblicke-fotoausstellung-eroeffnet","status":"publish","type":"post","link":"https:\/\/www.fuldaernachrichten.de\/?p=3340","title":{"rendered":"\u201eViele Gesichter und 1000 Augenblicke&#8230;&#8221; Fotoausstellung er\u00f6ffnet"},"content":{"rendered":"<p><strong>Sch\u00f6nes aus Blankenau.<\/strong> Die Wanderausstellung \u201eViele Gesichter und 1000 Augenblicke \u2013 Ehrenamt im Antoniusheim\u201c ist seit gestern im Altenheim St. Elisabeth in Hosenfeld-Blankenau zu sehen. In Anwesenheit von 22\u00c2\u00a0 Bewohnern des Altenheimes wurde die Ausstellung von Heimleiter Oliver Krah und Dr. Simone Thiede, Leitung Kommunikation im Antoniusheim, er\u00f6ffnet.<\/p>\n<p><strong>Fotos:<\/strong> Antoniusheim Fulda<\/p>\n<p><a rel=\"lightbox[roadtrip]\" target=\"_blank\" href=\"http:\/\/www.schoene-nachrichten.de\/wp-content\/uploads\/2007\/05\/070529_blankenau1.jpg\" title=\"070529_blankenau1.jpg\"><img decoding=\"async\" src=\"http:\/\/www.schoene-nachrichten.de\/wp-content\/uploads\/2007\/05\/070529_blankenau1.thumbnail.jpg\" alt=\"070529_blankenau1.jpg\" \/><\/a>\u00c2\u00a0<a rel=\"lightbox[roadtrip]\" target=\"_blank\" href=\"http:\/\/www.schoene-nachrichten.de\/wp-content\/uploads\/2007\/05\/070529_blankenau2.jpg\" title=\"070529_blankenau2.jpg\"><img decoding=\"async\" src=\"http:\/\/www.schoene-nachrichten.de\/wp-content\/uploads\/2007\/05\/070529_blankenau2.thumbnail.jpg\" alt=\"070529_blankenau2.jpg\" \/><\/a>\u00c2\u00a0<a rel=\"lightbox[roadtrip]\" target=\"_blank\" href=\"http:\/\/www.schoene-nachrichten.de\/wp-content\/uploads\/2007\/05\/070529_blankenau3.jpg\" title=\"070529_blankenau3.jpg\"><img decoding=\"async\" src=\"http:\/\/www.schoene-nachrichten.de\/wp-content\/uploads\/2007\/05\/070529_blankenau3.thumbnail.jpg\" alt=\"070529_blankenau3.jpg\" \/><\/a><\/p>\n<p><a rel=\"lightbox[roadtrip]\" target=\"_blank\" href=\"http:\/\/www.schoene-nachrichten.de\/wp-content\/uploads\/2007\/05\/070529_ehrenamt1.jpg\" title=\"070529_ehrenamt1.jpg\"><img decoding=\"async\" src=\"http:\/\/www.schoene-nachrichten.de\/wp-content\/uploads\/2007\/05\/070529_ehrenamt1.thumbnail.jpg\" alt=\"070529_ehrenamt1.jpg\" \/><\/a>\u00c2\u00a0<a rel=\"lightbox[roadtrip]\" target=\"_blank\" href=\"http:\/\/www.schoene-nachrichten.de\/wp-content\/uploads\/2007\/05\/070529_ehrenamt3.jpg\" title=\"070529_ehrenamt3.jpg\"><img decoding=\"async\" src=\"http:\/\/www.schoene-nachrichten.de\/wp-content\/uploads\/2007\/05\/070529_ehrenamt3.thumbnail.jpg\" alt=\"070529_ehrenamt3.jpg\" \/><\/a> <a rel=\"lightbox[roadtrip]\" target=\"_blank\" href=\"http:\/\/www.schoene-nachrichten.de\/wp-content\/uploads\/2007\/05\/070529_ehrenamt2.jpg\" title=\"070529_ehrenamt2.jpg\"><img decoding=\"async\" src=\"http:\/\/www.schoene-nachrichten.de\/wp-content\/uploads\/2007\/05\/070529_ehrenamt2.thumbnail.jpg\" alt=\"070529_ehrenamt2.jpg\" \/><\/a><!--more--><\/p>\n<p>Die Ausstellung zeigt gro\u00dfformatige Portr\u00e4ts von Menschen, die sich ehrenamtlich im Antoniusheim engagieren. Erg\u00e4nzt werden die Aufnahmen durch Kurzportraits, die verdeutlichen, was diese Menschen bewegt, was sie erleben und welche Erfahrungen sie im Ehrenamt sammeln konnten.<\/p>\n<p>\u201eFrische Ideen aus dem Ehrenamt &#8211; ob in neuen Initiativen geboren oder im traditionellen Ehrenamt entstanden- bekannt zu machen, sie als Anregung f\u00fcr eigene \u00dcberlegungen oder zur Nachahmung zu empfehlen\u201c, erl\u00e4utert Dr. Simone Thiede das Anliegen der Ausstellung.<\/p>\n<p>Oliver Krah verwies auf die Heilige Elisabeth von Th\u00fcringen als Vorl\u00e4uferin des Ehrenamts, die sich nach ihrer Begegnung mit den religi\u00f6sen Armutsbewegungen ihrer Zeit f\u00fcr ein Leben in radikaler Umsetzung der christlichen Gebote der Demut und N\u00e4chstenliebe entschied.<br \/>\n\u00c2\u00a0<br \/>\nDie Ausstellung wurde im vergangenen Jahr anl\u00e4sslich des Internationalen Tags des Ehrenamts am 5. Dezember konzipiert und ist seitdem als Wanderausstellung unterwegs. Bisherige Stationen waren neben der F\u00f6rdereinrichtung \u201eZitronenfalter\u201c das Fuldaer B\u00fcrgerb\u00fcro, das Mutterhaus der Vinzentinerinnen und der Landeswohlfahrtsverband in Kassel.<\/p>\n<p>F\u00fcr die Ausstellung fotografierte Wolfgang Fallier ehrenamtlich. Die Texte stammen von Werbetexter Reinhold Jordan, der ebenfalls ehrenamtlich f\u00fcr die Ausstellung t\u00e4tig war. Organisiert wurde die Ausstellung von Ehrenamtskoordinatorin Anica Dietrich. \u201eDie Bilder stehen stellvertretend f\u00fcr die 180 Ehrenamtlichen des Antoniusheims\u201c, erkl\u00e4rt sie.<\/p>\n<p><strong>Zu sehen sind die farbenfrohen Portr\u00e4ts noch bis zum 29. Juni 2007 im Altenpflegeheim St. Elisabeth, St. Elisabethenweg 4, Hosenfeld \u2013 Blankenau.<\/strong><br \/>\n\u00c2\u00a0<\/p>\n","protected":false},"excerpt":{"rendered":"<div class=\"tmnf_excerpt\"><p>Sch\u00f6nes aus Blankenau. Die Wanderausstellung \u201eViele Gesichter und 1000 Augenblicke \u2013 Ehrenamt im Antoniusheim\u201c ist seit gestern im Altenheim St. Elisabeth in Hosenfeld-Blankenau zu sehen. In Anwesenheit von 22\u00c2\u00a0 Bewohnern des Altenheimes wurde die Ausstellung von Heimleiter Oliver Krah und Dr. Simone Thiede, Leitung Kommunikation im Antoniusheim, er\u00f6ffnet. Fotos: Antoniusheim Fulda \u00c2\u00a0\u00c2\u00a0 \u00c2\u00a0<\/p>\n<\/div>","protected":false},"author":1,"featured_media":0,"comment_status":"closed","ping_status":"closed","sticky":false,"template":"","format":"standard","meta":{"footnotes":""},"categories":[1,44],"tags":[],"class_list":["post-3340","post","type-post","status-publish","format-standard","hentry","category-startseite","category-kultur"],"_links":{"self":[{"href":"https:\/\/www.fuldaernachrichten.de\/index.php?rest_route=\/wp\/v2\/posts\/3340","targetHints":{"allow":["GET"]}}],"collection":[{"href":"https:\/\/www.fuldaernachrichten.de\/index.php?rest_route=\/wp\/v2\/posts"}],"about":[{"href":"https:\/\/www.fuldaernachrichten.de\/index.php?rest_route=\/wp\/v2\/types\/post"}],"author":[{"embeddable":true,"href":"https:\/\/www.fuldaernachrichten.de\/index.php?rest_route=\/wp\/v2\/users\/1"}],"replies":[{"embeddable":true,"href":"https:\/\/www.fuldaernachrichten.de\/index.php?rest_route=%2Fwp%2Fv2%2Fcomments&post=3340"}],"version-history":[{"count":0,"href":"https:\/\/www.fuldaernachrichten.de\/index.php?rest_route=\/wp\/v2\/posts\/3340\/revisions"}],"wp:attachment":[{"href":"https:\/\/www.fuldaernachrichten.de\/index.php?rest_route=%2Fwp%2Fv2%2Fmedia&parent=3340"}],"wp:term":[{"taxonomy":"category","embeddable":true,"href":"https:\/\/www.fuldaernachrichten.de\/index.php?rest_route=%2Fwp%2Fv2%2Fcategories&post=3340"},{"taxonomy":"post_tag","embeddable":true,"href":"https:\/\/www.fuldaernachrichten.de\/index.php?rest_route=%2Fwp%2Fv2%2Ftags&post=3340"}],"curies":[{"name":"wp","href":"https:\/\/api.w.org\/{rel}","templated":true}]}}