{"id":33326,"date":"2009-07-08T05:54:25","date_gmt":"2009-07-08T03:54:25","guid":{"rendered":"http:\/\/www.schoene-nachrichten.de\/?p=33326"},"modified":"2009-07-07T21:54:39","modified_gmt":"2009-07-07T19:54:39","slug":"fasten-bewegung-natur","status":"publish","type":"post","link":"https:\/\/www.fuldaernachrichten.de\/?p=33326","title":{"rendered":"Fasten \u2013 Bewegung \u2013 Natur"},"content":{"rendered":"<p><strong>Rh\u00f6n.<\/strong> Das Biosph\u00e4renreservat Rh\u00f6n bietet unter Leitung von Barbara Sch\u00fctz im Hotel Hof Wasserkuppe vom 12. \u2013 19. Juli 2009 einen einw\u00f6chigen Fastenkurs an. Anmeldung erforderlich unter Tel. 06657 \u2013 919400.<\/p>\n","protected":false},"excerpt":{"rendered":"<div class=\"tmnf_excerpt\"><p>Rh\u00f6n. Das Biosph\u00e4renreservat Rh\u00f6n bietet unter Leitung von Barbara Sch\u00fctz im Hotel Hof Wasserkuppe vom 12. \u2013 19. Juli 2009 einen einw\u00f6chigen Fastenkurs an. Anmeldung erforderlich unter Tel. 06657 \u2013 919400.<\/p>\n<\/div>","protected":false},"author":1,"featured_media":0,"comment_status":"closed","ping_status":"closed","sticky":false,"template":"","format":"standard","meta":{"footnotes":""},"categories":[1,37],"tags":[],"class_list":["post-33326","post","type-post","status-publish","format-standard","hentry","category-startseite","category-essen-und-trinken"],"_links":{"self":[{"href":"https:\/\/www.fuldaernachrichten.de\/index.php?rest_route=\/wp\/v2\/posts\/33326","targetHints":{"allow":["GET"]}}],"collection":[{"href":"https:\/\/www.fuldaernachrichten.de\/index.php?rest_route=\/wp\/v2\/posts"}],"about":[{"href":"https:\/\/www.fuldaernachrichten.de\/index.php?rest_route=\/wp\/v2\/types\/post"}],"author":[{"embeddable":true,"href":"https:\/\/www.fuldaernachrichten.de\/index.php?rest_route=\/wp\/v2\/users\/1"}],"replies":[{"embeddable":true,"href":"https:\/\/www.fuldaernachrichten.de\/index.php?rest_route=%2Fwp%2Fv2%2Fcomments&post=33326"}],"version-history":[{"count":3,"href":"https:\/\/www.fuldaernachrichten.de\/index.php?rest_route=\/wp\/v2\/posts\/33326\/revisions"}],"predecessor-version":[{"id":33693,"href":"https:\/\/www.fuldaernachrichten.de\/index.php?rest_route=\/wp\/v2\/posts\/33326\/revisions\/33693"}],"wp:attachment":[{"href":"https:\/\/www.fuldaernachrichten.de\/index.php?rest_route=%2Fwp%2Fv2%2Fmedia&parent=33326"}],"wp:term":[{"taxonomy":"category","embeddable":true,"href":"https:\/\/www.fuldaernachrichten.de\/index.php?rest_route=%2Fwp%2Fv2%2Fcategories&post=33326"},{"taxonomy":"post_tag","embeddable":true,"href":"https:\/\/www.fuldaernachrichten.de\/index.php?rest_route=%2Fwp%2Fv2%2Ftags&post=33326"}],"curies":[{"name":"wp","href":"https:\/\/api.w.org\/{rel}","templated":true}]}}