{"id":33142,"date":"2009-07-02T06:54:40","date_gmt":"2009-07-02T04:54:40","guid":{"rendered":"http:\/\/www.schoene-nachrichten.de\/?p=33142"},"modified":"2009-07-01T12:00:25","modified_gmt":"2009-07-01T10:00:25","slug":"kein-schnelles-aus-fuer-nachtstromspeicherheizungen","status":"publish","type":"post","link":"https:\/\/www.fuldaernachrichten.de\/?p=33142","title":{"rendered":"Kein schnelles Aus f\u00fcr Nachtstromspeicherheizungen"},"content":{"rendered":"<p>Berlin. Auf lange Sicht sollen Nachstromspeicherheizungen au\u00dfer Betrieb genommen werden. Darauf weist der Verband Privater Bauherren (VPB) hin. Hausbesitzer, die mit diesen Aggregaten heizen, haben allerdings noch Zeit, neue Heizungen einbauen zu lassen.<!--more--><\/p>\n<p>Nachstromspeichersysteme, die vor dem 1. Januar 1990 eingebaut wurden und sp\u00e4ter nicht mehr nennenswert modernisiert wurden, d\u00fcrfen noch bis31. Dezember 2019 laufen. Danach d\u00fcrfen sie nicht mehr betrieben werden. Ger\u00e4te, die nach dem 31. Dezember 1989 eingebaut wurden, d\u00fcrfen ab dem Einbau insgesamt 30 Jahre lang betrieben werden. Weitere Informationen unter www.vpb.de.<\/p>\n","protected":false},"excerpt":{"rendered":"<div class=\"tmnf_excerpt\"><p>Berlin. Auf lange Sicht sollen Nachstromspeicherheizungen au\u00dfer Betrieb genommen werden. Darauf weist der Verband Privater Bauherren (VPB) hin. Hausbesitzer, die mit diesen Aggregaten heizen, haben allerdings noch Zeit, neue Heizungen einbauen zu lassen.<\/p>\n<\/div>","protected":false},"author":1,"featured_media":0,"comment_status":"closed","ping_status":"closed","sticky":false,"template":"","format":"standard","meta":{"footnotes":""},"categories":[1,29,52],"tags":[],"class_list":["post-33142","post","type-post","status-publish","format-standard","hentry","category-startseite","category-politik","category-umwelt"],"_links":{"self":[{"href":"https:\/\/www.fuldaernachrichten.de\/index.php?rest_route=\/wp\/v2\/posts\/33142","targetHints":{"allow":["GET"]}}],"collection":[{"href":"https:\/\/www.fuldaernachrichten.de\/index.php?rest_route=\/wp\/v2\/posts"}],"about":[{"href":"https:\/\/www.fuldaernachrichten.de\/index.php?rest_route=\/wp\/v2\/types\/post"}],"author":[{"embeddable":true,"href":"https:\/\/www.fuldaernachrichten.de\/index.php?rest_route=\/wp\/v2\/users\/1"}],"replies":[{"embeddable":true,"href":"https:\/\/www.fuldaernachrichten.de\/index.php?rest_route=%2Fwp%2Fv2%2Fcomments&post=33142"}],"version-history":[{"count":2,"href":"https:\/\/www.fuldaernachrichten.de\/index.php?rest_route=\/wp\/v2\/posts\/33142\/revisions"}],"predecessor-version":[{"id":33144,"href":"https:\/\/www.fuldaernachrichten.de\/index.php?rest_route=\/wp\/v2\/posts\/33142\/revisions\/33144"}],"wp:attachment":[{"href":"https:\/\/www.fuldaernachrichten.de\/index.php?rest_route=%2Fwp%2Fv2%2Fmedia&parent=33142"}],"wp:term":[{"taxonomy":"category","embeddable":true,"href":"https:\/\/www.fuldaernachrichten.de\/index.php?rest_route=%2Fwp%2Fv2%2Fcategories&post=33142"},{"taxonomy":"post_tag","embeddable":true,"href":"https:\/\/www.fuldaernachrichten.de\/index.php?rest_route=%2Fwp%2Fv2%2Ftags&post=33142"}],"curies":[{"name":"wp","href":"https:\/\/api.w.org\/{rel}","templated":true}]}}