{"id":33131,"date":"2009-07-02T06:45:28","date_gmt":"2009-07-02T04:45:28","guid":{"rendered":"http:\/\/www.schoene-nachrichten.de\/?p=33131"},"modified":"2009-07-01T11:45:54","modified_gmt":"2009-07-01T09:45:54","slug":"prof-bernd-kuester-neuer-chef-der-museumslandschaft-hessen-kassel","status":"publish","type":"post","link":"https:\/\/www.fuldaernachrichten.de\/?p=33131","title":{"rendered":"Prof. Bernd K\u00fcster neuer Chef der Museumslandschaft Hessen Kassel"},"content":{"rendered":"<p><a href=\"http:\/\/www.schoene-nachrichten.de\/wp-content\/uploads\/2009\/07\/090701_Bernd_K\u00fcster.jpg\"><img fetchpriority=\"high\" decoding=\"async\" class=\"alignleft size-thumbnail wp-image-33132\" title=\"090701_Bernd_K\u00fcster\" src=\"http:\/\/www.schoene-nachrichten.de\/wp-content\/uploads\/2009\/07\/090701_Bernd_K\u00fcster-265x353.jpg\" alt=\"090701_Bernd_K\u00fcster\" width=\"265\" height=\"353\" \/><\/a>Wiesbaden \/ Kassel \u2013 Prof. Dr. Bernd K\u00fcster wird zum 1. August 2009 neuer Direktor der Museumslandschaft Hessen Kassel (MHK). Staatsministerin Eva K\u00fchne-H\u00f6rmann stellte den 56 Jahre alten Kunsthistoriker heute im Schloss Wilhelmsh\u00f6he vor. \u201eIch bin sicher, dass Prof. K\u00fcster der richtige Mann am richtigen Ort ist, um die weitreichenden konzeptionellen Ver\u00e4nderungen und umfangreichen Bauma\u00dfnahmen zu steuern, die mit der Neuordnung der Museumslandschaft verbunden sind\u201c, sagte die Ministerin. Das Land investiert 200 Millionen Euro in einen der gr\u00f6\u00dften Museumsstandorte in Deutschland.<!--more--><\/p>\n<p>Etwa 20 Bauprojekte \u2013 vorwiegend Sanierungen im denkmalgesch\u00fctzten Bestand, aber auch Neubauvorhaben \u2013 sind bereits fest im Landeshaushalt verankert. \u201eDie Gesamtkonzeption der Museumslandschaft Hessen Kassel, die sich als Einheit von Museen, Schl\u00f6ssern und historischen Gartendenkm\u00e4lern begreift, ist aber noch nicht abgeschlossen und muss konsequent und z\u00fcgig weiter entwickelt werden\u201c, sagte K\u00fchne-H\u00f6rmann.<\/p>\n<p>Prof. K\u00fcster, der seit 1999 Direktor des Landesmuseums f\u00fcr Kunst und Kulturgeschichte im nieders\u00e4chsischen Oldenburg ist, hat sein Studium der Kunstgeschichte, Literaturwissenschaft und Philosophie an der Philipps-Universit\u00e4t Marburg mit der Promotion abgeschlossen. Nach beruflichen Stationen unter anderem in Marburg, Osterholz und Bremen war er von 1991 bis 1999 Leiter der Kunsthalle Wilhelmshaven. Seit 2002 hat er einen Lehrauftrag im Fachbereich Kunst\/Kunstp\u00e4dagogik an der Universit\u00e4t Osnabr\u00fcck; 2003 wurde er zum Honorarprofessor ernannt.<\/p>\n<p>Als neuer Leiter der Museumslandschaft Hessen Kassel wird er nach den Worten der Ministerin vor allen Dingen vor der Herausforderung stehen, die anstehenden Ver\u00e4nderungen im Dialog mit den Besch\u00e4ftigten und der \u00d6ffentlichkeit zu vermitteln und voranzutreiben: \u201eProf. K\u00fcster soll den mit den Investitionsmitteln erm\u00f6glichten Aufbruch der Institution mit einer nachhaltigen Verankerung bei der Bev\u00f6lkerung als ein f\u00fchrendes, auch touristisch erfolgreiches Wahrzeichen der Region und Hessens verbinden.\u201c<\/p>\n<p>Die Museumslandschaft Hessen Kassel umfasst ein einmaliges Ensemble von acht kunst- und kulturgeschichtlichen Sammlungen an f\u00fcnf Museumsstandorten und Museumsschl\u00f6sser mit historischen Parkanlagen in Kassel und Calden-Wilhelmsthal. Die Anmeldung zum UNESCO-Welterbe wird zurzeit vorbereitet. Der fr\u00fchere Direktor Dr. Michael Eissenhauer amtiert seit 31. Oktober 2008 als Generaldirektor der Staatlichen Museen zu Berlin.<\/p>\n<p>Die Direktorenstelle der MHK war am 1. Juni 2008 ausgeschrieben worden. Aufgrund der unklaren politischen Lage Hessens im vergangenen Jahr gestalteten sich die Verhandlungen \u00e4u\u00dferst schwierig. Die ausgew\u00e4hlte Bewerberin sagte schlie\u00dflich aus pers\u00f6nlichen Gr\u00fcnden ab. Ministerin K\u00fchne-H\u00f6rmann entschied daraufhin, die Stelle erneut auszuschreiben.<\/p>\n<p>Der Stellvertreter von Dr. Michael Eissenhauer, Dr. Ulf Leinweber, der die MHK bis dahin gef\u00fchrt hatte, trat Ende M\u00e4rz 2009 in den Ruhestand. Seit 1. April amtiert der stellvertretende Leiter der Abteilung Kultur und Kunst im Hessischen Ministerium f\u00fcr Wissenschaft und Kunst, Ernst Wegener, als kommissarischer Direktor.<\/p>\n","protected":false},"excerpt":{"rendered":"<div class=\"tmnf_excerpt\"><p>Wiesbaden \/ Kassel \u2013 Prof. Dr. Bernd K\u00fcster wird zum 1. August 2009 neuer Direktor der Museumslandschaft Hessen Kassel (MHK). Staatsministerin Eva K\u00fchne-H\u00f6rmann stellte den 56 Jahre alten Kunsthistoriker heute im Schloss Wilhelmsh\u00f6he vor. \u201eIch bin sicher, dass Prof. K\u00fcster der richtige Mann am richtigen Ort ist, um die weitreichenden konzeptionellen Ver\u00e4nderungen und umfangreichen Bauma\u00dfnahmen &hellip;<\/p>\n<\/div>","protected":false},"author":1,"featured_media":0,"comment_status":"closed","ping_status":"closed","sticky":false,"template":"","format":"standard","meta":{"footnotes":""},"categories":[1,44],"tags":[],"class_list":["post-33131","post","type-post","status-publish","format-standard","hentry","category-startseite","category-kultur"],"_links":{"self":[{"href":"https:\/\/www.fuldaernachrichten.de\/index.php?rest_route=\/wp\/v2\/posts\/33131","targetHints":{"allow":["GET"]}}],"collection":[{"href":"https:\/\/www.fuldaernachrichten.de\/index.php?rest_route=\/wp\/v2\/posts"}],"about":[{"href":"https:\/\/www.fuldaernachrichten.de\/index.php?rest_route=\/wp\/v2\/types\/post"}],"author":[{"embeddable":true,"href":"https:\/\/www.fuldaernachrichten.de\/index.php?rest_route=\/wp\/v2\/users\/1"}],"replies":[{"embeddable":true,"href":"https:\/\/www.fuldaernachrichten.de\/index.php?rest_route=%2Fwp%2Fv2%2Fcomments&post=33131"}],"version-history":[{"count":3,"href":"https:\/\/www.fuldaernachrichten.de\/index.php?rest_route=\/wp\/v2\/posts\/33131\/revisions"}],"predecessor-version":[{"id":33135,"href":"https:\/\/www.fuldaernachrichten.de\/index.php?rest_route=\/wp\/v2\/posts\/33131\/revisions\/33135"}],"wp:attachment":[{"href":"https:\/\/www.fuldaernachrichten.de\/index.php?rest_route=%2Fwp%2Fv2%2Fmedia&parent=33131"}],"wp:term":[{"taxonomy":"category","embeddable":true,"href":"https:\/\/www.fuldaernachrichten.de\/index.php?rest_route=%2Fwp%2Fv2%2Fcategories&post=33131"},{"taxonomy":"post_tag","embeddable":true,"href":"https:\/\/www.fuldaernachrichten.de\/index.php?rest_route=%2Fwp%2Fv2%2Ftags&post=33131"}],"curies":[{"name":"wp","href":"https:\/\/api.w.org\/{rel}","templated":true}]}}