{"id":3312,"date":"2007-05-27T00:34:54","date_gmt":"2007-05-26T22:34:54","guid":{"rendered":"http:\/\/www.schoene-nachrichten.de\/?p=3312"},"modified":"2007-05-27T00:35:28","modified_gmt":"2007-05-26T22:35:28","slug":"pfingsten-im-fuldaer-dom","status":"publish","type":"post","link":"https:\/\/www.fuldaernachrichten.de\/?p=3312","title":{"rendered":"Pfingsten im Fuldaer Dom"},"content":{"rendered":"<p><strong>Sch\u00f6nes aus Fulda.<\/strong> Weihbischof Prof. Dr. Karlheinz Diez wird am heutigen Pfingstsonntag um 9.30 Uhr im Fuldaer Dom ein festliches Pontifikalamt feiern, das als lateinisches Hochamt gestaltet wird. <!--more--><\/p>\n<p>Domchor und Jugendkathedralchor unter der Leitung von Domkapellmeister Franz-Peter Huber singen Chors\u00e4tze aus der \u201eMesse solennelle\u201c von L. Vierne sowie weitere Lieder im Wechsel mit der Gemeinde. An der Domorgel Domorganist Prof. Hans-J\u00fcrgen Kaiser, an der Chororgel Neil A. Page. Die weiteren Gottesdienstzeiten sind wie an Sonntagen.<\/p>\n<p>Das Kathedralamt am Pfingstmontag, 28. Mai, um 9.30 Uhr wird Domdechant Prof. Dr. Werner Kathrein halten. In dem Gottesdienst singt der Jugendkathedralchor unter der Leitung von Domkapellmeister Huber Chors\u00e4tze aus der \u201eMissa in F-Dur (Declina a malo)\u201c von V. Rathgeber sowie Chors\u00e4tze von A. P\u00e4rt und J. Rutter. An der Orgel Prof. Kaiser, an der Chororgel Neil A. Page.<\/p>\n<p><strong>Stichwort: Pfingsten<\/strong><\/p>\n<p>Pfingsten, die Erinnerungsfeier an die Sendung des Heiligen Geistes am 50. Tag nach Ostern, ist eines der Hauptfeste des Kirchenjahres. In der Apostelgeschichte wird berichtet, wie die J\u00fcnger Jesu durch das Pfingstwunder \u201emit Heiligem Geist erf\u00fcllt wurden und begannen, mit anderen Zungen zu reden\u201c (Apg 2,4).<\/p>\n<p>Bis zum 4. Jahrhundert feierten die Christen an Pfingsten auch die ebenfalls in der Apostelgeschichte erw\u00e4hnte Himmelfahrt Christi (Apg 1,1-11). Nachdem sich Christi Himmelfahrt zu einem eigenst\u00e4ndigen Fest entwickelt hatte, wurde Pfingsten zum Fest des Heiligen Geistes. Mit Pfingsten endet die \u00f6sterliche Festzeit. Das Wort selbst leitet sich von \u201epentekoste\u201c, dem griechischen Begriff f\u00fcr \u201ef\u00fcnfzig\u201c, ab.<\/p>\n<p>In allen katholischen Gottesdiensten wird am Pfingstfest f\u00fcr \u201eRenovabis\u201c, die Solidarit\u00e4tsaktion der deutschen Katholiken mit den Menschen in Mittel- und Osteuropa, gesammelt. (bpf)<\/p>\n","protected":false},"excerpt":{"rendered":"<div class=\"tmnf_excerpt\"><p>Sch\u00f6nes aus Fulda. Weihbischof Prof. Dr. Karlheinz Diez wird am heutigen Pfingstsonntag um 9.30 Uhr im Fuldaer Dom ein festliches Pontifikalamt feiern, das als lateinisches Hochamt gestaltet wird.<\/p>\n<\/div>","protected":false},"author":1,"featured_media":0,"comment_status":"closed","ping_status":"closed","sticky":false,"template":"","format":"standard","meta":{"footnotes":""},"categories":[1,50],"tags":[],"class_list":["post-3312","post","type-post","status-publish","format-standard","hentry","category-startseite","category-kirche"],"_links":{"self":[{"href":"https:\/\/www.fuldaernachrichten.de\/index.php?rest_route=\/wp\/v2\/posts\/3312","targetHints":{"allow":["GET"]}}],"collection":[{"href":"https:\/\/www.fuldaernachrichten.de\/index.php?rest_route=\/wp\/v2\/posts"}],"about":[{"href":"https:\/\/www.fuldaernachrichten.de\/index.php?rest_route=\/wp\/v2\/types\/post"}],"author":[{"embeddable":true,"href":"https:\/\/www.fuldaernachrichten.de\/index.php?rest_route=\/wp\/v2\/users\/1"}],"replies":[{"embeddable":true,"href":"https:\/\/www.fuldaernachrichten.de\/index.php?rest_route=%2Fwp%2Fv2%2Fcomments&post=3312"}],"version-history":[{"count":0,"href":"https:\/\/www.fuldaernachrichten.de\/index.php?rest_route=\/wp\/v2\/posts\/3312\/revisions"}],"wp:attachment":[{"href":"https:\/\/www.fuldaernachrichten.de\/index.php?rest_route=%2Fwp%2Fv2%2Fmedia&parent=3312"}],"wp:term":[{"taxonomy":"category","embeddable":true,"href":"https:\/\/www.fuldaernachrichten.de\/index.php?rest_route=%2Fwp%2Fv2%2Fcategories&post=3312"},{"taxonomy":"post_tag","embeddable":true,"href":"https:\/\/www.fuldaernachrichten.de\/index.php?rest_route=%2Fwp%2Fv2%2Ftags&post=3312"}],"curies":[{"name":"wp","href":"https:\/\/api.w.org\/{rel}","templated":true}]}}