{"id":33024,"date":"2009-07-01T06:32:24","date_gmt":"2009-07-01T04:32:24","guid":{"rendered":"http:\/\/www.schoene-nachrichten.de\/?p=33024"},"modified":"2009-07-01T07:19:33","modified_gmt":"2009-07-01T05:19:33","slug":"sommerfest-am-wochenmarkt-standbetreiber-laden-fuer-den-3-juli-ein","status":"publish","type":"post","link":"https:\/\/www.fuldaernachrichten.de\/?p=33024","title":{"rendered":"Sommerfest am Wochenmarkt &#8211; Standbetreiber laden f\u00fcr den 3. Juli ein"},"content":{"rendered":"<p><strong>H\u00fcnfeld. <\/strong>Das diesj\u00e4hrige Sommerfest am H\u00fcnfelder Wochenmarkt findet am Freitag, 3. Juli, in der Zeit von 8 bis 13 Uhr auf dem H\u00fcnfelder Anger statt.<!--more--><\/p>\n<p><strong>Geselligen Fr\u00fchschoppen<\/strong><\/p>\n<p>Wie in den vergangenen Jahren bieten die Standbetreiber wieder ein breites Angebot an Speisen und Getr\u00e4nken an diesem Tag. So gibt es unter anderem Gulaschsuppe, Frische Steaks und andere Grillspezialit\u00e4ten. Auch f\u00fcr Getr\u00e4nke ist gesorgt, damit einem geselligen Fr\u00fchschoppen auf dem Markt nichts im Wege steht.<\/p>\n<p>Das Sommerfest nutzen die Standbetreiber in jedem Jahr, um auf ihr umfangreiches Warenangebot mit frischen Fleisch- und Wurstwaren, Fisch, Gem\u00fcse, Obst und S\u00fcdfr\u00fcchten, Backwaren und s\u00fcdl\u00e4ndischen Spezialit\u00e4ten aufmerksam zu machen.<\/p>\n","protected":false},"excerpt":{"rendered":"<div class=\"tmnf_excerpt\"><p>H\u00fcnfeld. Das diesj\u00e4hrige Sommerfest am H\u00fcnfelder Wochenmarkt findet am Freitag, 3. Juli, in der Zeit von 8 bis 13 Uhr auf dem H\u00fcnfelder Anger statt.<\/p>\n<\/div>","protected":false},"author":1,"featured_media":0,"comment_status":"closed","ping_status":"closed","sticky":false,"template":"","format":"standard","meta":{"footnotes":""},"categories":[1,37,44],"tags":[],"class_list":["post-33024","post","type-post","status-publish","format-standard","hentry","category-startseite","category-essen-und-trinken","category-kultur"],"_links":{"self":[{"href":"https:\/\/www.fuldaernachrichten.de\/index.php?rest_route=\/wp\/v2\/posts\/33024","targetHints":{"allow":["GET"]}}],"collection":[{"href":"https:\/\/www.fuldaernachrichten.de\/index.php?rest_route=\/wp\/v2\/posts"}],"about":[{"href":"https:\/\/www.fuldaernachrichten.de\/index.php?rest_route=\/wp\/v2\/types\/post"}],"author":[{"embeddable":true,"href":"https:\/\/www.fuldaernachrichten.de\/index.php?rest_route=\/wp\/v2\/users\/1"}],"replies":[{"embeddable":true,"href":"https:\/\/www.fuldaernachrichten.de\/index.php?rest_route=%2Fwp%2Fv2%2Fcomments&post=33024"}],"version-history":[{"count":3,"href":"https:\/\/www.fuldaernachrichten.de\/index.php?rest_route=\/wp\/v2\/posts\/33024\/revisions"}],"predecessor-version":[{"id":33074,"href":"https:\/\/www.fuldaernachrichten.de\/index.php?rest_route=\/wp\/v2\/posts\/33024\/revisions\/33074"}],"wp:attachment":[{"href":"https:\/\/www.fuldaernachrichten.de\/index.php?rest_route=%2Fwp%2Fv2%2Fmedia&parent=33024"}],"wp:term":[{"taxonomy":"category","embeddable":true,"href":"https:\/\/www.fuldaernachrichten.de\/index.php?rest_route=%2Fwp%2Fv2%2Fcategories&post=33024"},{"taxonomy":"post_tag","embeddable":true,"href":"https:\/\/www.fuldaernachrichten.de\/index.php?rest_route=%2Fwp%2Fv2%2Ftags&post=33024"}],"curies":[{"name":"wp","href":"https:\/\/api.w.org\/{rel}","templated":true}]}}