{"id":32896,"date":"2009-06-30T05:59:17","date_gmt":"2009-06-30T03:59:17","guid":{"rendered":"http:\/\/www.schoene-nachrichten.de\/?p=32896"},"modified":"2009-06-30T06:52:28","modified_gmt":"2009-06-30T04:52:28","slug":"kanu-tag-der-offenen-bootshaustuer-extremboot-rutsching-in-der-fulda-aue","status":"publish","type":"post","link":"https:\/\/www.fuldaernachrichten.de\/?p=32896","title":{"rendered":"Kanu: Tag der offenen Bootshaust\u00fcr &#8211; \u201eExtremboot-Rutsching\u201c in der Fulda-Aue"},"content":{"rendered":"<p><strong>Fulda. <\/strong>Am 05. Juli startet der Kanu-Club-Fulda das zweite Kanu-Highlight der diesj\u00e4hrigen Saison, den Tag der offenen Bootshaust\u00fcr. Wieder werden zahlreiche Kanusportfreunde am Bootshaus im Justus-Schneider-Weg erwartet.<\/p>\n<p><a href=\"http:\/\/www.schoene-nachrichten.de\/wp-content\/uploads\/2009\/06\/cid_6BF0F77F-131E-4BC9-AD8.jpg\"><img fetchpriority=\"high\" decoding=\"async\" class=\"alignnone size-thumbnail wp-image-32897\" title=\"Fotos: Harald Piaskowski\" src=\"http:\/\/www.schoene-nachrichten.de\/wp-content\/uploads\/2009\/06\/cid_6BF0F77F-131E-4BC9-AD8-265x397.jpg\" alt=\"Fotos: Harald Piaskowski\" width=\"265\" height=\"397\" srcset=\"https:\/\/www.fuldaernachrichten.de\/wp-content\/uploads\/2009\/06\/cid_6BF0F77F-131E-4BC9-AD8-265x397.jpg 265w, https:\/\/www.fuldaernachrichten.de\/wp-content\/uploads\/2009\/06\/cid_6BF0F77F-131E-4BC9-AD8.jpg 400w\" sizes=\"(max-width: 265px) 100vw, 265px\" \/><\/a> <a href=\"http:\/\/www.schoene-nachrichten.de\/wp-content\/uploads\/2009\/06\/cid_CB57CE71-A944-47F3-85A.jpg\"><img decoding=\"async\" class=\"alignnone size-thumbnail wp-image-32898\" title=\"Fotos: Harald Piaskowski\" src=\"http:\/\/www.schoene-nachrichten.de\/wp-content\/uploads\/2009\/06\/cid_CB57CE71-A944-47F3-85A-265x397.jpg\" alt=\"Fotos: Harald Piaskowski\" width=\"265\" height=\"397\" srcset=\"https:\/\/www.fuldaernachrichten.de\/wp-content\/uploads\/2009\/06\/cid_CB57CE71-A944-47F3-85A-265x397.jpg 265w, https:\/\/www.fuldaernachrichten.de\/wp-content\/uploads\/2009\/06\/cid_CB57CE71-A944-47F3-85A.jpg 400w\" sizes=\"(max-width: 265px) 100vw, 265px\" \/><\/a><!--more--><\/p>\n<p>Eine besondere Attraktion soll das \u201eExtremboot-Rutsching\u201c f\u00fcr Prominente und Journalisten werden. KCF-Vorsitzender Harald Piaskowski hat hierf\u00fcr viele Promis und Journalisten eingeladen.<\/p>\n<p><strong>Zeitplan zwischen 1100 bis 1800 Uhr:<\/strong><\/p>\n<ul>\n<li>Ab 0900 Uhr \u2013 Bau der Kartonboote f\u00fcr das Kartonbootrennen (findet nachmittags statt) \u2013 Teammeldungen bitte an kanu-jugend@kanu-club-fulda.de<\/li>\n<li>Ab 1100 Uhr \u2013 Probepaddeln f\u00fcr jederman<\/li>\n<li>1400 Uhr \u2013 Vorstellung unseres erfolgreichen DM- und EM-Teams 2009\u00c2\u00a0 &#8211; danach \u201eProminenten-Rutsching\u201c:\u00c2\u00a0\u00c2\u00a0\u00c2\u00a0 Prominente gehen mit unseren Athleten auf die bekannte KCF-Kanu-Rutsche (bitte Sportkleidung mitbringen)<\/li>\n<li>1500 Uhr \u2013 Vorstellung des Projektes \u201eKiga meets Kanu-Club\u201c mit Einweihung unseres neuen Canadiers<\/li>\n<li>1600 Uhr \u2013 Vorf\u00fchrungen und Vorstellung von Tri-Force-Fulda und Kartonbootrennen<\/li>\n<li>Ganztags \u2013 Boots- und Zeltausstellung von Auf und Davon<\/li>\n<\/ul>\n<p>\u201ePatschnass &#8211; aber Spa\u00df\u201c,\u00c2\u00a0 das ist das Motto der osthessischen Kanuten auch in diesem Jahr.\u00c2\u00a0 Daher sollte man unbedingt Wechselkleidung dabei haben. Der Sprung von der Kanu-Rutsche \u2013 ob im Einer oder Zweier \u2013 garantiert, was das Kanuten-Motto verspricht.<\/p>\n<p>Nat\u00fcrlich ist auch f\u00fcr Essen und Trinken ist gesorgt. Das KCF-Team sorgt mit dem Party-Service von Uli Knittel f\u00fcr viele Leckereien vom Grill.<\/p>\n","protected":false},"excerpt":{"rendered":"<div class=\"tmnf_excerpt\"><p>Fulda. Am 05. Juli startet der Kanu-Club-Fulda das zweite Kanu-Highlight der diesj\u00e4hrigen Saison, den Tag der offenen Bootshaust\u00fcr. Wieder werden zahlreiche Kanusportfreunde am Bootshaus im Justus-Schneider-Weg erwartet.<\/p>\n<\/div>","protected":false},"author":1,"featured_media":0,"comment_status":"closed","ping_status":"closed","sticky":false,"template":"","format":"standard","meta":{"footnotes":""},"categories":[1,44,46],"tags":[],"class_list":["post-32896","post","type-post","status-publish","format-standard","hentry","category-startseite","category-kultur","category-sport"],"_links":{"self":[{"href":"https:\/\/www.fuldaernachrichten.de\/index.php?rest_route=\/wp\/v2\/posts\/32896","targetHints":{"allow":["GET"]}}],"collection":[{"href":"https:\/\/www.fuldaernachrichten.de\/index.php?rest_route=\/wp\/v2\/posts"}],"about":[{"href":"https:\/\/www.fuldaernachrichten.de\/index.php?rest_route=\/wp\/v2\/types\/post"}],"author":[{"embeddable":true,"href":"https:\/\/www.fuldaernachrichten.de\/index.php?rest_route=\/wp\/v2\/users\/1"}],"replies":[{"embeddable":true,"href":"https:\/\/www.fuldaernachrichten.de\/index.php?rest_route=%2Fwp%2Fv2%2Fcomments&post=32896"}],"version-history":[{"count":5,"href":"https:\/\/www.fuldaernachrichten.de\/index.php?rest_route=\/wp\/v2\/posts\/32896\/revisions"}],"predecessor-version":[{"id":32906,"href":"https:\/\/www.fuldaernachrichten.de\/index.php?rest_route=\/wp\/v2\/posts\/32896\/revisions\/32906"}],"wp:attachment":[{"href":"https:\/\/www.fuldaernachrichten.de\/index.php?rest_route=%2Fwp%2Fv2%2Fmedia&parent=32896"}],"wp:term":[{"taxonomy":"category","embeddable":true,"href":"https:\/\/www.fuldaernachrichten.de\/index.php?rest_route=%2Fwp%2Fv2%2Fcategories&post=32896"},{"taxonomy":"post_tag","embeddable":true,"href":"https:\/\/www.fuldaernachrichten.de\/index.php?rest_route=%2Fwp%2Fv2%2Ftags&post=32896"}],"curies":[{"name":"wp","href":"https:\/\/api.w.org\/{rel}","templated":true}]}}